{"id":1033,"date":"2011-01-04T19:18:19","date_gmt":"2011-01-04T17:18:19","guid":{"rendered":"http:\/\/olofarmini.com\/?p=1033"},"modified":"2011-01-04T19:18:19","modified_gmt":"2011-01-04T17:18:19","slug":"br-2011","status":"publish","type":"post","link":"https:\/\/olofarmini.com\/?p=1033","title":{"rendered":"BR-2011"},"content":{"rendered":"<p>Jakten p\u00e5 trof\u00e9n \u00e4r ett &#8221; det \u00e4r stort att vinna, det \u00e4r st\u00f6rre att deltaga och det \u00e4r st\u00f6rst att f\u00f6rsvinna&#8221; eller&#8230;?<\/p>\n<p>B\u00f6rjade Ny\u00e5rsdagen skapligt vid f\u00e5gelborden i Eklanda. Ny\u00e5rsarten f\u00f6rst\u00e5s<\/p>\n<p><a href=\"https:\/\/i0.wp.com\/olofarmini.com\/wp-content\/uploads\/2011\/01\/261927.jpg\"><img data-recalc-dims=\"1\" loading=\"lazy\" decoding=\"async\" data-attachment-id=\"1034\" data-permalink=\"https:\/\/olofarmini.com\/?attachment_id=1034\" data-orig-file=\"https:\/\/i0.wp.com\/olofarmini.com\/wp-content\/uploads\/2011\/01\/261927.jpg?fit=500%2C431&amp;ssl=1\" data-orig-size=\"500,431\" data-comments-opened=\"1\" data-image-meta=\"{&quot;aperture&quot;:&quot;2.8&quot;,&quot;credit&quot;:&quot;&quot;,&quot;camera&quot;:&quot;Canon PowerShot G7&quot;,&quot;caption&quot;:&quot;&quot;,&quot;created_timestamp&quot;:&quot;1291548893&quot;,&quot;copyright&quot;:&quot;&quot;,&quot;focal_length&quot;:&quot;7.4&quot;,&quot;iso&quot;:&quot;0&quot;,&quot;shutter_speed&quot;:&quot;0.016666666666667&quot;,&quot;title&quot;:&quot;&quot;}\" data-image-title=\"261927\" data-image-description=\"\" data-image-caption=\"\" data-large-file=\"https:\/\/i0.wp.com\/olofarmini.com\/wp-content\/uploads\/2011\/01\/261927.jpg?fit=500%2C431&amp;ssl=1\" class=\"alignnone size-medium wp-image-1034\" title=\"261927\" src=\"https:\/\/i0.wp.com\/olofarmini.com\/wp-content\/uploads\/2011\/01\/261927-300x258.jpg?resize=300%2C258\" alt=\"\" width=\"300\" height=\"258\" srcset=\"https:\/\/i0.wp.com\/olofarmini.com\/wp-content\/uploads\/2011\/01\/261927.jpg?resize=300%2C258&amp;ssl=1 300w, https:\/\/i0.wp.com\/olofarmini.com\/wp-content\/uploads\/2011\/01\/261927.jpg?w=500&amp;ssl=1 500w\" sizes=\"auto, (max-width: 300px) 100vw, 300px\" \/><\/a><\/p>\n<p><strong>dv\u00e4rgsparven<\/strong> och repris p\u00e5 Christer Fs fina bild fr\u00e5n f\u00f6rra \u00e5ret. Dessutom <strong>bergfink, bofink,stenkn\u00e4ck<\/strong> mm.<\/p>\n<p>2e januari promenerade jag med Eva till Operan och fortsatte sedan l\u00e4ngs kajen till Gullbergsvass. Dip p\u00e5 falken men <strong>sm\u00e5dopping, brunand och en ormvr\u00e5k<\/strong> till tr\u00f6st. <strong>R\u00e5ka<\/strong> dock v\u00e4rsta bonus p\u00e5 dessa breddgrader!<\/p>\n<p>S\u00e5 Ullevi och jamenvisst<\/p>\n<p><a href=\"https:\/\/i0.wp.com\/olofarmini.com\/wp-content\/uploads\/2011\/01\/uven24.jpg\"><img data-recalc-dims=\"1\" loading=\"lazy\" decoding=\"async\" data-attachment-id=\"1035\" data-permalink=\"https:\/\/olofarmini.com\/?attachment_id=1035\" data-orig-file=\"https:\/\/i0.wp.com\/olofarmini.com\/wp-content\/uploads\/2011\/01\/uven24.jpg?fit=767%2C567&amp;ssl=1\" data-orig-size=\"767,567\" data-comments-opened=\"1\" data-image-meta=\"{&quot;aperture&quot;:&quot;0&quot;,&quot;credit&quot;:&quot;&quot;,&quot;camera&quot;:&quot;&quot;,&quot;caption&quot;:&quot;&quot;,&quot;created_timestamp&quot;:&quot;0&quot;,&quot;copyright&quot;:&quot;&quot;,&quot;focal_length&quot;:&quot;0&quot;,&quot;iso&quot;:&quot;0&quot;,&quot;shutter_speed&quot;:&quot;0&quot;,&quot;title&quot;:&quot;&quot;}\" data-image-title=\"uven24\" data-image-description=\"\" data-image-caption=\"\" data-large-file=\"https:\/\/i0.wp.com\/olofarmini.com\/wp-content\/uploads\/2011\/01\/uven24.jpg?fit=767%2C567&amp;ssl=1\" class=\"alignnone size-medium wp-image-1035\" title=\"uven24\" src=\"https:\/\/i0.wp.com\/olofarmini.com\/wp-content\/uploads\/2011\/01\/uven24-300x221.jpg?resize=300%2C221\" alt=\"\" width=\"300\" height=\"221\" srcset=\"https:\/\/i0.wp.com\/olofarmini.com\/wp-content\/uploads\/2011\/01\/uven24.jpg?resize=300%2C221&amp;ssl=1 300w, https:\/\/i0.wp.com\/olofarmini.com\/wp-content\/uploads\/2011\/01\/uven24.jpg?w=767&amp;ssl=1 767w\" sizes=\"auto, (max-width: 300px) 100vw, 300px\" \/><\/a><\/p>\n<p>d\u00e4r en av <strong>uvarna<\/strong> under taket. Satt fint liksom n\u00e4r Svante B pl\u00e5tade!<\/p>\n<p>Ligger p\u00e5 drygt 40 arter. Hyfsat i storstan och en vinter som denna.<\/p>\n<p>V\u00e4ssade listan idag morse med en f\u00f6rbiflygande <strong>pilgrimsfalk<\/strong>, f\u00f6rmodligen samma f\u00e5gel som dippades den 2:e. Dock dippade jag solf\u00f6rm\u00f6rkelsen p\u00e5 grund av molnf\u00f6rm\u00f6rkelsen.<\/p>\n","protected":false},"excerpt":{"rendered":"<p>Jakten p\u00e5 trof\u00e9n \u00e4r ett &#8221; det \u00e4r stort att vinna, det \u00e4r st\u00f6rre att deltaga och det \u00e4r st\u00f6rst att f\u00f6rsvinna&#8221; eller&#8230;? B\u00f6rjade Ny\u00e5rsdagen skapligt vid f\u00e5gelborden i Eklanda. Ny\u00e5rsarten f\u00f6rst\u00e5s dv\u00e4rgsparven och repris p\u00e5 Christer Fs fina bild fr\u00e5n f\u00f6rra \u00e5ret. Dessutom bergfink, bofink,stenkn\u00e4ck mm. 2e januari promenerade jag med Eva till Operan [&hellip;]<\/p>\n","protected":false},"author":2,"featured_media":0,"comment_status":"open","ping_status":"open","sticky":false,"template":"","format":"standard","meta":{"jetpack_post_was_ever_published":false,"_jetpack_newsletter_access":"","_jetpack_dont_email_post_to_subs":false,"_jetpack_newsletter_tier_id":0,"_jetpack_memberships_contains_paywalled_content":false,"_jetpack_memberships_contains_paid_content":false,"footnotes":"","jetpack_publicize_message":"","jetpack_publicize_feature_enabled":true,"jetpack_social_post_already_shared":false,"jetpack_social_options":{"image_generator_settings":{"template":"highway","default_image_id":0,"font":"","enabled":false},"version":2}},"categories":[14],"tags":[],"class_list":["post-1033","post","type-post","status-publish","format-standard","hentry","category-goteborg"],"jetpack_publicize_connections":[],"jetpack_featured_media_url":"","jetpack_sharing_enabled":true,"jetpack_shortlink":"https:\/\/wp.me\/p7kiwE-gF","jetpack-related-posts":[],"_links":{"self":[{"href":"https:\/\/olofarmini.com\/index.php?rest_route=\/wp\/v2\/posts\/1033","targetHints":{"allow":["GET"]}}],"collection":[{"href":"https:\/\/olofarmini.com\/index.php?rest_route=\/wp\/v2\/posts"}],"about":[{"href":"https:\/\/olofarmini.com\/index.php?rest_route=\/wp\/v2\/types\/post"}],"author":[{"embeddable":true,"href":"https:\/\/olofarmini.com\/index.php?rest_route=\/wp\/v2\/users\/2"}],"replies":[{"embeddable":true,"href":"https:\/\/olofarmini.com\/index.php?rest_route=%2Fwp%2Fv2%2Fcomments&post=1033"}],"version-history":[{"count":1,"href":"https:\/\/olofarmini.com\/index.php?rest_route=\/wp\/v2\/posts\/1033\/revisions"}],"predecessor-version":[{"id":1036,"href":"https:\/\/olofarmini.com\/index.php?rest_route=\/wp\/v2\/posts\/1033\/revisions\/1036"}],"wp:attachment":[{"href":"https:\/\/olofarmini.com\/index.php?rest_route=%2Fwp%2Fv2%2Fmedia&parent=1033"}],"wp:term":[{"taxonomy":"category","embeddable":true,"href":"https:\/\/olofarmini.com\/index.php?rest_route=%2Fwp%2Fv2%2Fcategories&post=1033"},{"taxonomy":"post_tag","embeddable":true,"href":"https:\/\/olofarmini.com\/index.php?rest_route=%2Fwp%2Fv2%2Ftags&post=1033"}],"curies":[{"name":"wp","href":"https:\/\/api.w.org\/{rel}","templated":true}]}}