{"id":1037,"date":"2011-01-08T18:34:00","date_gmt":"2011-01-08T16:34:00","guid":{"rendered":"http:\/\/olofarmini.com\/?p=1037"},"modified":"2011-01-08T18:34:00","modified_gmt":"2011-01-08T16:34:00","slug":"hojdartraff","status":"publish","type":"post","link":"https:\/\/olofarmini.com\/?p=1037","title":{"rendered":"H\u00f6jdartr\u00e4ff"},"content":{"rendered":"<p><strong>Dv\u00e4rgsparven<\/strong> och Eklanda har i\u00e5r axlat <strong>ringandens<\/strong> och S\u00e4ve\u00e5mynningens mantel 2010 som targets f\u00f6r f\u00e5gelsk\u00e5darnas objektiv. D\u00e4rav f\u00f6ljer en del sm\u00e5tt och gott som ses av f\u00f6ljande.<\/p>\n<p>Jag b\u00f6rjade fredagen med att smyga upp vid tretiden. Passade p\u00e5 att flukta k\u00f6ksutsikten by-night.\u00a0Det fladdrade till i min s\u00f6mndruckna \u00f6gonvr\u00e5 och jag fick f\u00f6r mig n\u00e5got oregelbundet i en tr\u00e4dklyka. &#8220;Var i h-vete \u00e4r kikaren. Eva har s\u00e4kert lagt undan den!?&#8221; Till slut snubblade jag p\u00e5 den d\u00e4r jag slarvigt gl\u00f6mt den ig\u00e5rkv\u00e4ll &#8211; p\u00e5 s\u00e4nggolvet.<\/p>\n<p>En h\u00e4rlig gr\u00e5 boll satt i klykan och vred p\u00e5 huvudet &#8211; en <strong>kattuggla<\/strong>. V\u00e4ckte Eva och vi fick ocks\u00e5 se den flyga mellan n\u00e5gra tr\u00e4d. H\u00e4rligt att \u00e5terta sussandet fram till en gnistrande solig morgon. Till frukosten kunde jag sp\u00e4 p\u00e5 med en <strong>entita<\/strong> vid matningen under k\u00f6ksf\u00f6nstret. Vicket flyt.<\/p>\n<p>Efter en del dont k\u00e4ndes inspirerande att ta bussen till Eklanda f\u00f6r b\u00e4ttre <strong>dv\u00e4rgsparv<\/strong>sightings 2011 \u00e4n p\u00e5 ny\u00e5rsdagen. Trygga rapporter hela f\u00f6rmiddagen och ett bastant g\u00e4ng v\u00e4l framme plus full fart vid matningarna -men, men&#8230;<\/p>\n<p>Framme ungef\u00e4r halvett och f\u00f6rst kvart\u00f6vertv\u00e5 fick jag en halvminuts fr\u00f6jd i en evergreen buske vid 161:ans matning. F\u00f6rvisso f\u00f6rl\u00f6sande och privilegierat gentemot alla eftermiddagens heldippare, men jag hade hoppats p\u00e5 litet mer.<\/p>\n<p>Och mer fick jag p\u00e5 andra plan \u00e4n <strong>dv\u00e4rgsparvens<\/strong>. F\u00f6rst och fr\u00e4mst en r\u00e4cka h\u00e4rliga sk\u00e5dare. T\u00e4nk bara Per-Anders S, uppt\u00e4ckaren och den som dagligen h\u00e5ller koll. En hj\u00e4lte in spe som dessutom till\u00e5tit mig att publicera de f\u00f6rsta bilderna p\u00e5 sparven, d\u00e5 PAS var ensam om att ha sett den!!!<\/p>\n<p><a href=\"https:\/\/i0.wp.com\/olofarmini.com\/wp-content\/uploads\/2011\/01\/261814.jpg\"><img data-recalc-dims=\"1\" loading=\"lazy\" decoding=\"async\" data-attachment-id=\"1038\" data-permalink=\"https:\/\/olofarmini.com\/?attachment_id=1038\" data-orig-file=\"https:\/\/i0.wp.com\/olofarmini.com\/wp-content\/uploads\/2011\/01\/261814.jpg?fit=500%2C374&amp;ssl=1\" data-orig-size=\"500,374\" data-comments-opened=\"1\" data-image-meta=\"{&quot;aperture&quot;:&quot;0&quot;,&quot;credit&quot;:&quot;&quot;,&quot;camera&quot;:&quot;&quot;,&quot;caption&quot;:&quot;&quot;,&quot;created_timestamp&quot;:&quot;0&quot;,&quot;copyright&quot;:&quot;&quot;,&quot;focal_length&quot;:&quot;0&quot;,&quot;iso&quot;:&quot;0&quot;,&quot;shutter_speed&quot;:&quot;0&quot;,&quot;title&quot;:&quot;&quot;}\" data-image-title=\"261814\" data-image-description=\"\" data-image-caption=\"\" data-large-file=\"https:\/\/i0.wp.com\/olofarmini.com\/wp-content\/uploads\/2011\/01\/261814.jpg?fit=500%2C374&amp;ssl=1\" class=\"alignnone size-medium wp-image-1038\" title=\"261814\" src=\"https:\/\/i0.wp.com\/olofarmini.com\/wp-content\/uploads\/2011\/01\/261814-300x224.jpg?resize=300%2C224\" alt=\"\" width=\"300\" height=\"224\" srcset=\"https:\/\/i0.wp.com\/olofarmini.com\/wp-content\/uploads\/2011\/01\/261814.jpg?resize=300%2C224&amp;ssl=1 300w, https:\/\/i0.wp.com\/olofarmini.com\/wp-content\/uploads\/2011\/01\/261814.jpg?w=500&amp;ssl=1 500w\" sizes=\"auto, (max-width: 300px) 100vw, 300px\" \/><\/a><a href=\"https:\/\/i0.wp.com\/olofarmini.com\/wp-content\/uploads\/2011\/01\/261815.jpg\"><img data-recalc-dims=\"1\" loading=\"lazy\" decoding=\"async\" data-attachment-id=\"1039\" data-permalink=\"https:\/\/olofarmini.com\/?attachment_id=1039\" data-orig-file=\"https:\/\/i0.wp.com\/olofarmini.com\/wp-content\/uploads\/2011\/01\/261815.jpg?fit=500%2C374&amp;ssl=1\" data-orig-size=\"500,374\" data-comments-opened=\"1\" data-image-meta=\"{&quot;aperture&quot;:&quot;0&quot;,&quot;credit&quot;:&quot;&quot;,&quot;camera&quot;:&quot;&quot;,&quot;caption&quot;:&quot;&quot;,&quot;created_timestamp&quot;:&quot;0&quot;,&quot;copyright&quot;:&quot;&quot;,&quot;focal_length&quot;:&quot;0&quot;,&quot;iso&quot;:&quot;0&quot;,&quot;shutter_speed&quot;:&quot;0&quot;,&quot;title&quot;:&quot;&quot;}\" data-image-title=\"261815\" data-image-description=\"\" data-image-caption=\"\" data-large-file=\"https:\/\/i0.wp.com\/olofarmini.com\/wp-content\/uploads\/2011\/01\/261815.jpg?fit=500%2C374&amp;ssl=1\" class=\"alignnone size-medium wp-image-1039\" title=\"261815\" src=\"https:\/\/i0.wp.com\/olofarmini.com\/wp-content\/uploads\/2011\/01\/261815-300x224.jpg?resize=300%2C224\" alt=\"\" width=\"300\" height=\"224\" srcset=\"https:\/\/i0.wp.com\/olofarmini.com\/wp-content\/uploads\/2011\/01\/261815.jpg?resize=300%2C224&amp;ssl=1 300w, https:\/\/i0.wp.com\/olofarmini.com\/wp-content\/uploads\/2011\/01\/261815.jpg?w=500&amp;ssl=1 500w\" sizes=\"auto, (max-width: 300px) 100vw, 300px\" \/><\/a><\/p>\n<p>G\u00d6TT!!!!<\/p>\n<p>En ikon d\u00f6k ocks\u00e5 upp, Ulf M som skrivit en banbrytande artikel om sn\u00f6siskebest\u00e4mning i VF. Var mitt bibelblad n\u00e4r jag fightades med sn\u00f6siskor p\u00e5 Sv\u00e4ltholmen i b\u00f6rjan av 80-talet. Den 17 december 2010 ringm\u00e4rkte han tv\u00e5 <strong>sn\u00f6siskor<\/strong> i Eklanda, i sin tr\u00e4dg\u00e5rd &#8211; mindre \u00e4n hundra meter fr\u00e5n matningen d\u00e4r <strong>dv\u00e4rgsparven <\/strong>huserade!!<\/p>\n<p>Denne gigant dyker allts\u00e5 upp alldeles efter det att jag tillsammans med Thomas J fr\u00e5n T\u00f6reboda uppt\u00e4ckt och best\u00e4mt eftermiddagens f\u00e5gel-clou, en <strong>sn\u00f6siska<\/strong>. Vi s\u00e5g den mycket bra tillsammans med Per-Anders och n\u00e5gra till. F\u00f6rst satt den ganska otillg\u00e4ngligt uppe i n\u00e5gra alar f\u00f6r att efter en stund sn\u00e4llt komma ned till matningen vid 159:an.<\/p>\n<p>F\u00f6r att inte uppfinna hjulet s\u00e5 l\u00e5ter jag en annan gigant, Magnus U\u00a0beskriva en\u00a0&#8220;bl\u00e5kopia&#8221; av v\u00e5r f\u00e5gel &#8211; med bilder\u00a0&#8211; suver\u00e4nt.<\/p>\n<p><a href=\"http:\/\/www.kustobsar.se\/main\/bilder\/bilder.asp?individid=49317\">http:\/\/www.kustobsar.se\/main\/bilder\/bilder.asp?individid=49317<\/a><\/p>\n<p>Vi missade &#8220;kineslooken&#8221; men vill g\u00e4rna\u00a0l\u00e4gga till\u00a0den ljusbruna &#8220;washen&#8221; \u00f6ver huvudet som str\u00e4cker sig ned \u00f6ver br\u00f6st och rygg. Jag misst\u00e4nker att den f\u00f6rsvinner p\u00e5 foton f\u00f6r att fotografen medvetet eller omedvetet fokuserar p\u00e5 vitheten, sn\u00f6siskans arterego!<\/p>\n<p>2K honf\u00e4rgad \u00e4r kanske litet att ta i och mest k\u00e4nslom\u00e4ssigt.<\/p>\n<p>Fick ocks\u00e5 v\u00e4ldigt fina j\u00e4mf\u00f6relser med 3-4 vanliga <strong>gr\u00e5siskor <\/strong>(se igen l\u00e4nken till Magnus bilder och kommentarer) vid ett f\u00e5gelbord ca 100 m nedstr\u00f6ms b\u00e4cken. Jag kan ocks\u00e5 till\u00e4gga att Ulfs ringm\u00e4rkta siskor b\u00e5da var gamla f\u00e5glar och att vi inte kunde se n\u00e5gon ring p\u00e5 v\u00e5ran!<\/p>\n<p>Till slut stort tack till alla er som f\u00f6rgyllde timmarna i Eklanda tillsammans med solen och n\u00e5gra h\u00e4ftiga f\u00e5gelupplevelser.<\/p>\n","protected":false},"excerpt":{"rendered":"<p>Dv\u00e4rgsparven och Eklanda har i\u00e5r axlat ringandens och S\u00e4ve\u00e5mynningens mantel 2010 som targets f\u00f6r f\u00e5gelsk\u00e5darnas objektiv. D\u00e4rav f\u00f6ljer en del sm\u00e5tt och gott som ses av f\u00f6ljande. Jag b\u00f6rjade fredagen med att smyga upp vid tretiden. Passade p\u00e5 att flukta k\u00f6ksutsikten by-night.\u00a0Det fladdrade till i min s\u00f6mndruckna \u00f6gonvr\u00e5 och jag fick f\u00f6r mig n\u00e5got oregelbundet [&hellip;]<\/p>\n","protected":false},"author":2,"featured_media":0,"comment_status":"open","ping_status":"open","sticky":false,"template":"","format":"standard","meta":{"jetpack_post_was_ever_published":false,"_jetpack_newsletter_access":"","_jetpack_dont_email_post_to_subs":false,"_jetpack_newsletter_tier_id":0,"_jetpack_memberships_contains_paywalled_content":false,"_jetpack_memberships_contains_paid_content":false,"footnotes":"","jetpack_publicize_message":"","jetpack_publicize_feature_enabled":true,"jetpack_social_post_already_shared":false,"jetpack_social_options":{"image_generator_settings":{"template":"highway","default_image_id":0,"font":"","enabled":false},"version":2}},"categories":[4,14],"tags":[],"class_list":["post-1037","post","type-post","status-publish","format-standard","hentry","category-faltbestamning","category-goteborg"],"jetpack_publicize_connections":[],"jetpack_featured_media_url":"","jetpack_sharing_enabled":true,"jetpack_shortlink":"https:\/\/wp.me\/p7kiwE-gJ","jetpack-related-posts":[],"_links":{"self":[{"href":"https:\/\/olofarmini.com\/index.php?rest_route=\/wp\/v2\/posts\/1037","targetHints":{"allow":["GET"]}}],"collection":[{"href":"https:\/\/olofarmini.com\/index.php?rest_route=\/wp\/v2\/posts"}],"about":[{"href":"https:\/\/olofarmini.com\/index.php?rest_route=\/wp\/v2\/types\/post"}],"author":[{"embeddable":true,"href":"https:\/\/olofarmini.com\/index.php?rest_route=\/wp\/v2\/users\/2"}],"replies":[{"embeddable":true,"href":"https:\/\/olofarmini.com\/index.php?rest_route=%2Fwp%2Fv2%2Fcomments&post=1037"}],"version-history":[{"count":4,"href":"https:\/\/olofarmini.com\/index.php?rest_route=\/wp\/v2\/posts\/1037\/revisions"}],"predecessor-version":[{"id":1043,"href":"https:\/\/olofarmini.com\/index.php?rest_route=\/wp\/v2\/posts\/1037\/revisions\/1043"}],"wp:attachment":[{"href":"https:\/\/olofarmini.com\/index.php?rest_route=%2Fwp%2Fv2%2Fmedia&parent=1037"}],"wp:term":[{"taxonomy":"category","embeddable":true,"href":"https:\/\/olofarmini.com\/index.php?rest_route=%2Fwp%2Fv2%2Fcategories&post=1037"},{"taxonomy":"post_tag","embeddable":true,"href":"https:\/\/olofarmini.com\/index.php?rest_route=%2Fwp%2Fv2%2Ftags&post=1037"}],"curies":[{"name":"wp","href":"https:\/\/api.w.org\/{rel}","templated":true}]}}