{"id":1044,"date":"2011-01-12T21:44:25","date_gmt":"2011-01-12T19:44:25","guid":{"rendered":"http:\/\/olofarmini.com\/?p=1044"},"modified":"2011-01-12T21:44:25","modified_gmt":"2011-01-12T19:44:25","slug":"joberg-strikes-jan-2011","status":"publish","type":"post","link":"https:\/\/olofarmini.com\/?p=1044","title":{"rendered":"Joberg strikes jan 2011"},"content":{"rendered":"<p>Hade planer p\u00e5 att ge mig in i striden om Gotlandstrof\u00e9n 2011 redan nu i januari. Men av randiga sk\u00e4l och rutiga orsaker dr\u00f6jer min Gotlands-come-back till tidigast i mars.<\/p>\n<p>F\u00e5r ocks\u00e5 finna mig i att bli rej\u00e4lt fr\u00e5n\u00e5kt i Sveriges andra stad\u00a0i den ishalka som r\u00e5der &#8211; v\u00e4rst i G\u00f6teborg sedan 1971 s\u00e4gs det. F\u00f6r en bike-sk\u00e5dare som jag \u00e4r det ett f\u00f6r\u00f6dande handicap. Ni skall veta insatsen f\u00f6r att med allm\u00e4nna medel i det v\u00e4gkaos som r\u00e5der ta sig till Eklanda f\u00f6r att kryssa <strong>dv\u00e4rgsparv<\/strong> eller till Klippan f\u00f6r att klamra <strong>mandarinand<\/strong> s\u00e5&#8230; man kan n\u00e4stan gr\u00e5ta n\u00e4r man ser att eliten p\u00e5 Gotland redan passerat 80 arter!!<\/p>\n<p>Men raskt torkar man t\u00e5rarna\u00a0n\u00e4r en <strong>pille<\/strong> pilar f\u00f6rbi k\u00f6ksf\u00f6nstret eller n\u00e4r man senare p\u00e5 natten mot den vita sn\u00f6n kan studera en jagande <strong>kattuggla<\/strong> &#8211; genom samma f\u00f6nster.<\/p>\n<p style=\"TEXT-ALIGN: center\">Och-<\/p>\n<p>n\u00e5gon dag senare till f\u00f6rmiddagskaffet &#8211; ett v\u00e5ldsamt liv utanf\u00f6r detta formidabla f\u00f6nster och en grov <strong>duvh\u00f6k<\/strong> kommer dragande. Men nej FAEN!!!! en <strong>falk<\/strong> som stannar till och kretsar mellan Lisebergsmasterna och Carlanderska, n\u00e4stan \u00f6ver oss!!! M\u00f6rk och vilken best! Sv\u00e5rflirtade Eva impad!<\/p>\n<p>I ett s\u00e5dant h\u00e4r scenario visar det sig oftast att det trots allt \u00e4r en <strong>duvh\u00f6k<\/strong>, d\u00e4rn\u00e4st \u00e4r det troligast att man felat storleken och att det \u00e4r en <strong>pilgrimsfalk<\/strong>, men s\u00e5\u00a0som i V\u00e4stergarn i december visar det sig ibland vara option n:o 3,<\/p>\n<p style=\"TEXT-ALIGN: center\"><strong>JAKTFALK!!!!!<\/strong><\/p>\n<p style=\"TEXT-ALIGN: left\">Den \u00e4r m\u00f6rk och grov med grova streck och tydlig kontrast ljusa vingpennor\/ m\u00f6rka grovtecknade t\u00e4ckare p\u00e5 undervingen. Den visar en klart slappare\u00a0attityd contra pillens mer stringenta! En lustighet var n\u00e5gra oj\u00e4mnheter p\u00e5 vingbakkanterna. Fick mig att undra kanske inte 1K? Men allt annat tydde p\u00e5 det och jag lade undan det tills jag s\u00e5g&#8230;<\/p>\n<p>Magnus Rs bilder. Magnus jag hoppas du samtycker att jag publicerar dem!!<\/p>\n<p><a href=\"https:\/\/i0.wp.com\/olofarmini.com\/wp-content\/uploads\/2011\/01\/263512.jpg\"><img data-recalc-dims=\"1\" loading=\"lazy\" decoding=\"async\" data-attachment-id=\"1045\" data-permalink=\"https:\/\/olofarmini.com\/?attachment_id=1045\" data-orig-file=\"https:\/\/i0.wp.com\/olofarmini.com\/wp-content\/uploads\/2011\/01\/263512.jpg?fit=500%2C498&amp;ssl=1\" data-orig-size=\"500,498\" data-comments-opened=\"1\" data-image-meta=\"{&quot;aperture&quot;:&quot;0&quot;,&quot;credit&quot;:&quot;&quot;,&quot;camera&quot;:&quot;&quot;,&quot;caption&quot;:&quot;&quot;,&quot;created_timestamp&quot;:&quot;0&quot;,&quot;copyright&quot;:&quot;&quot;,&quot;focal_length&quot;:&quot;0&quot;,&quot;iso&quot;:&quot;0&quot;,&quot;shutter_speed&quot;:&quot;0&quot;,&quot;title&quot;:&quot;&quot;}\" data-image-title=\"263512\" data-image-description=\"\" data-image-caption=\"\" data-large-file=\"https:\/\/i0.wp.com\/olofarmini.com\/wp-content\/uploads\/2011\/01\/263512.jpg?fit=500%2C498&amp;ssl=1\" class=\"alignnone size-medium wp-image-1045\" title=\"263512\" src=\"https:\/\/i0.wp.com\/olofarmini.com\/wp-content\/uploads\/2011\/01\/263512-300x298.jpg?resize=300%2C298\" alt=\"\" width=\"300\" height=\"298\" srcset=\"https:\/\/i0.wp.com\/olofarmini.com\/wp-content\/uploads\/2011\/01\/263512.jpg?resize=300%2C298&amp;ssl=1 300w, https:\/\/i0.wp.com\/olofarmini.com\/wp-content\/uploads\/2011\/01\/263512.jpg?resize=150%2C150&amp;ssl=1 150w, https:\/\/i0.wp.com\/olofarmini.com\/wp-content\/uploads\/2011\/01\/263512.jpg?w=500&amp;ssl=1 500w\" sizes=\"auto, (max-width: 300px) 100vw, 300px\" \/><\/a><a href=\"https:\/\/i0.wp.com\/olofarmini.com\/wp-content\/uploads\/2011\/01\/263513.jpg\"><img data-recalc-dims=\"1\" loading=\"lazy\" decoding=\"async\" data-attachment-id=\"1046\" data-permalink=\"https:\/\/olofarmini.com\/?attachment_id=1046\" data-orig-file=\"https:\/\/i0.wp.com\/olofarmini.com\/wp-content\/uploads\/2011\/01\/263513.jpg?fit=500%2C500&amp;ssl=1\" data-orig-size=\"500,500\" data-comments-opened=\"1\" data-image-meta=\"{&quot;aperture&quot;:&quot;0&quot;,&quot;credit&quot;:&quot;&quot;,&quot;camera&quot;:&quot;&quot;,&quot;caption&quot;:&quot;&quot;,&quot;created_timestamp&quot;:&quot;0&quot;,&quot;copyright&quot;:&quot;&quot;,&quot;focal_length&quot;:&quot;0&quot;,&quot;iso&quot;:&quot;0&quot;,&quot;shutter_speed&quot;:&quot;0&quot;,&quot;title&quot;:&quot;&quot;}\" data-image-title=\"263513\" data-image-description=\"\" data-image-caption=\"\" data-large-file=\"https:\/\/i0.wp.com\/olofarmini.com\/wp-content\/uploads\/2011\/01\/263513.jpg?fit=500%2C500&amp;ssl=1\" class=\"alignnone size-medium wp-image-1046\" title=\"263513\" src=\"https:\/\/i0.wp.com\/olofarmini.com\/wp-content\/uploads\/2011\/01\/263513-300x300.jpg?resize=300%2C300\" alt=\"\" width=\"300\" height=\"300\" srcset=\"https:\/\/i0.wp.com\/olofarmini.com\/wp-content\/uploads\/2011\/01\/263513.jpg?resize=300%2C300&amp;ssl=1 300w, https:\/\/i0.wp.com\/olofarmini.com\/wp-content\/uploads\/2011\/01\/263513.jpg?resize=150%2C150&amp;ssl=1 150w, https:\/\/i0.wp.com\/olofarmini.com\/wp-content\/uploads\/2011\/01\/263513.jpg?w=500&amp;ssl=1 500w\" sizes=\"auto, (max-width: 300px) 100vw, 300px\" \/><\/a><\/p>\n<p>Magnus R som \u00e4r sonen i ett av de vassa far-son-sk\u00e5darparen i G\u00f6teborg, Lars-Erik heter fardelen. Magnus R har gjort sig k\u00e4nd f\u00f6r \u00f6verraskande \u00f6gonblicksbilder av sp\u00e4nnande f\u00e5glar. Ett s\u00e5dant \u00e4r kanske Sveriges f\u00f6rsta Medelhavslira. Ett annat \u00e4r denna sp\u00e4nnande falk p\u00e5 R\u00f6r\u00f6 22.12, best\u00e4md till 1K <strong>jaktfalk<\/strong> och f\u00f6rmodligen samma f\u00e5gel som s\u00e5gs p\u00e5 H\u00f6n\u00f6 8.12 av ingen mindre \u00e4n Bo B. Bo B ber\u00e4ttade om &#8220;jack&#8221; i vingen och t\u00e4nk om det \u00e4r samma f\u00e5gel som<\/p>\n<p style=\"TEXT-ALIGN: center\"><strong>8 januari 2011 utanf\u00f6r det fantastiska k\u00f6ksf\u00f6nstret p\u00e5 fj\u00e4rde v\u00e5ning Olof Rudbecksgatan 25 JoBerg<\/strong><\/p>\n","protected":false},"excerpt":{"rendered":"<p>Hade planer p\u00e5 att ge mig in i striden om Gotlandstrof\u00e9n 2011 redan nu i januari. Men av randiga sk\u00e4l och rutiga orsaker dr\u00f6jer min Gotlands-come-back till tidigast i mars. F\u00e5r ocks\u00e5 finna mig i att bli rej\u00e4lt fr\u00e5n\u00e5kt i Sveriges andra stad\u00a0i den ishalka som r\u00e5der &#8211; v\u00e4rst i G\u00f6teborg sedan 1971 s\u00e4gs det. [&hellip;]<\/p>\n","protected":false},"author":2,"featured_media":0,"comment_status":"open","ping_status":"open","sticky":false,"template":"","format":"standard","meta":{"jetpack_post_was_ever_published":false,"_jetpack_newsletter_access":"","_jetpack_dont_email_post_to_subs":false,"_jetpack_newsletter_tier_id":0,"_jetpack_memberships_contains_paywalled_content":false,"_jetpack_memberships_contains_paid_content":false,"footnotes":"","jetpack_publicize_message":"","jetpack_publicize_feature_enabled":true,"jetpack_social_post_already_shared":false,"jetpack_social_options":{"image_generator_settings":{"template":"highway","default_image_id":0,"font":"","enabled":false},"version":2}},"categories":[4,14],"tags":[],"class_list":["post-1044","post","type-post","status-publish","format-standard","hentry","category-faltbestamning","category-goteborg"],"jetpack_publicize_connections":[],"jetpack_featured_media_url":"","jetpack_sharing_enabled":true,"jetpack_shortlink":"https:\/\/wp.me\/p7kiwE-gQ","jetpack-related-posts":[],"_links":{"self":[{"href":"https:\/\/olofarmini.com\/index.php?rest_route=\/wp\/v2\/posts\/1044","targetHints":{"allow":["GET"]}}],"collection":[{"href":"https:\/\/olofarmini.com\/index.php?rest_route=\/wp\/v2\/posts"}],"about":[{"href":"https:\/\/olofarmini.com\/index.php?rest_route=\/wp\/v2\/types\/post"}],"author":[{"embeddable":true,"href":"https:\/\/olofarmini.com\/index.php?rest_route=\/wp\/v2\/users\/2"}],"replies":[{"embeddable":true,"href":"https:\/\/olofarmini.com\/index.php?rest_route=%2Fwp%2Fv2%2Fcomments&post=1044"}],"version-history":[{"count":1,"href":"https:\/\/olofarmini.com\/index.php?rest_route=\/wp\/v2\/posts\/1044\/revisions"}],"predecessor-version":[{"id":1047,"href":"https:\/\/olofarmini.com\/index.php?rest_route=\/wp\/v2\/posts\/1044\/revisions\/1047"}],"wp:attachment":[{"href":"https:\/\/olofarmini.com\/index.php?rest_route=%2Fwp%2Fv2%2Fmedia&parent=1044"}],"wp:term":[{"taxonomy":"category","embeddable":true,"href":"https:\/\/olofarmini.com\/index.php?rest_route=%2Fwp%2Fv2%2Fcategories&post=1044"},{"taxonomy":"post_tag","embeddable":true,"href":"https:\/\/olofarmini.com\/index.php?rest_route=%2Fwp%2Fv2%2Ftags&post=1044"}],"curies":[{"name":"wp","href":"https:\/\/api.w.org\/{rel}","templated":true}]}}