{"id":1144,"date":"2011-07-14T17:08:01","date_gmt":"2011-07-14T15:08:01","guid":{"rendered":"http:\/\/olofarmini.com\/?p=1144"},"modified":"2011-07-14T17:08:01","modified_gmt":"2011-07-14T15:08:01","slug":"botaniska-visby-13-juli-2011","status":"publish","type":"post","link":"https:\/\/olofarmini.com\/?p=1144","title":{"rendered":"Botaniska Visby 13 juli 2011"},"content":{"rendered":"<p>Den 9 augusti 1980 landsteg vi, familjen Armini J:r (S:r numera!!), p\u00e5 \u00f6n i Grodhavet. D\u00e5 och d\u00e5 har jag h\u00f6rt om vassa obsar i Visby botaniska tr\u00e4dg\u00e5rd och aldrig annat \u00e4n avf\u00e4rdat det som n\u00e5gonstans i Almedalen &#8211; f\u00f6rr\u00e4n ig\u00e5r.<\/p>\n<p>Eva hade tubbat med mig p\u00e5 en av mina s\u00e4llsynta bes\u00f6k till \u00f6ns centralort! En lunch p\u00e5 bakfickan,\u00a0&#8220;l\u00f6fte&#8221; om ink\u00f6p av Foppa-tofflor, invit till invigning av Wisby hotels nya evenemangspang med drink, tilltugg och kendo\/gitarrartist. S\u00e5 trugade hon ocks\u00e5 med att jag ju kunde spana f\u00e5gel utefter strandpromenaden &#8211; hur mycket jag ville. &#8220;Sn\u00e4llt&#8221; fogade jag mig och blev efterhand rikligt bel\u00f6nad.<\/p>\n<p>F\u00f6rr\u00e4tten serverades redan klockan tv\u00e5\u00a0p\u00e5 natten n\u00e4r jag passade p\u00e5 att utnyttja en kissepaus i sovandet med att lyssna in en<strong> vaktel<\/strong>, netop i tr\u00e4dg\u00e5rden. Bussresan gick som en dans och sotare med mos smekte strupen liksom kloster\u00f6lx2. S\u00e5 var det dags f\u00f6r strandpromenaden medan Eva spanade floppar i utbudet av turistf\u00e4llor. Litet sm\u00e5deppigt och jag hade d\u00e5lig kontakt med Gr\u00f6n, trodde han befann sig i frankernas rike bland godis som <strong>fors\u00e4rlor, svartkr\u00e5kor och gulh\u00e4mplingar<\/strong>. Ist\u00e4llet siktade han en <strong>kustlabb <\/strong>mitt framf\u00f6r n\u00e4san p\u00e5 en ovetande mig. Tur jag fick den idag i Anders oslagbart vassa tub, jagandes t\u00e4rnor vid Utholmen!<\/p>\n<p>P\u00e5 min vandring norrut uppt\u00e4ckte jag h\u00f6ga tr\u00e4d innanf\u00f6r muren norr om Almedalen. En tanke spirade och jag forcerade vallen &#8211; alas! Botaniska tr\u00e4dg\u00e5rden!!! &#8211; efter n\u00e4stan exakt 31 \u00e5r!!! Som s\u00e5 ofta ger dessa tr\u00e4dg\u00e5rdar vibbar om stora saker, Godaveri i Kathmandu med<strong> guldtrastar, bl\u00e5stj\u00e4rtar<\/strong>&#8230; Trevligt att vandra runt och \u00e5tminstone en <strong>turkduva<\/strong>. N\u00e5dde lasarettet och dags att \u00e5terv\u00e4nda mot sta\u00b4n. Plockade f\u00f6rst nu upp kikaren n\u00e4r en ensam trut kom vinglande mot mig l\u00e4ngs stranden.<\/p>\n<p><em><strong>Metodiskt, detalj f\u00f6r detalj, l\u00e5nga vingar med mycket svart och bara en\u00a0vit liten slant. Manteln blyertsskuggad gr\u00e5. Kraftigt huvud och n\u00e4bb, bl\u00f6dande och mycket gult.\u00a0S\u00e5 klargula ben och\u00a0ett nasalt,\u00a0silltrutslikt l\u00e5tande och saken var biff en klockren gammal MEDELHAVSTRUT. Helt &#8220;in-time&#8221;. Tidigare har\u00a0man nog varit inne p\u00e5 att det r\u00f6rt sig om f\u00e5glar \u00f6sterifr\u00e5n (h\u00e4ckar tom Svarta\u00a0havet) och yngre f\u00e5glar. Ringm\u00e4rkningsfynd och\u00a0observationer visar p\u00e5 att\u00a0b\u00e5de \u00e4ldre och v\u00e4stligare f\u00e5glar drar sig norrut till v\u00e5ra breddgrader redan under h\u00f6gsommaren s\u00e5&#8230;<\/strong><\/em><\/p>\n<p>H\u00e4rligt h\u00e4rligt och aftonen kunde sedan kr\u00f6nas med s\u00e5v\u00e4l Foppa-floppar, svarta inte gr\u00e4llt koloristiska,\u00a0som ett betagande, suver\u00e4nt framtr\u00e4dande av en gutnisk kendo &#8211; gitarrvirtuos! Riktiga knorren kom n\u00e4r vi steg av bussen i V\u00e4stergarn kvart-i-elva, en<strong> kattuggle<\/strong>-fanfar!<\/p>\n","protected":false},"excerpt":{"rendered":"<p>Den 9 augusti 1980 landsteg vi, familjen Armini J:r (S:r numera!!), p\u00e5 \u00f6n i Grodhavet. D\u00e5 och d\u00e5 har jag h\u00f6rt om vassa obsar i Visby botaniska tr\u00e4dg\u00e5rd och aldrig annat \u00e4n avf\u00e4rdat det som n\u00e5gonstans i Almedalen &#8211; f\u00f6rr\u00e4n ig\u00e5r. Eva hade tubbat med mig p\u00e5 en av mina s\u00e4llsynta bes\u00f6k till \u00f6ns centralort! [&hellip;]<\/p>\n","protected":false},"author":1,"featured_media":0,"comment_status":"open","ping_status":"open","sticky":false,"template":"","format":"standard","meta":{"jetpack_post_was_ever_published":false,"_jetpack_newsletter_access":"","_jetpack_dont_email_post_to_subs":false,"_jetpack_newsletter_tier_id":0,"_jetpack_memberships_contains_paywalled_content":false,"_jetpack_memberships_contains_paid_content":false,"footnotes":"","jetpack_publicize_message":"","jetpack_publicize_feature_enabled":true,"jetpack_social_post_already_shared":false,"jetpack_social_options":{"image_generator_settings":{"template":"highway","default_image_id":0,"font":"","enabled":false},"version":2}},"categories":[4,13,3],"tags":[],"class_list":["post-1144","post","type-post","status-publish","format-standard","hentry","category-faltbestamning","category-old-times","category-vastergarn"],"jetpack_publicize_connections":[],"jetpack_featured_media_url":"","jetpack_sharing_enabled":true,"jetpack_shortlink":"https:\/\/wp.me\/p7kiwE-is","jetpack-related-posts":[],"_links":{"self":[{"href":"https:\/\/olofarmini.com\/index.php?rest_route=\/wp\/v2\/posts\/1144","targetHints":{"allow":["GET"]}}],"collection":[{"href":"https:\/\/olofarmini.com\/index.php?rest_route=\/wp\/v2\/posts"}],"about":[{"href":"https:\/\/olofarmini.com\/index.php?rest_route=\/wp\/v2\/types\/post"}],"author":[{"embeddable":true,"href":"https:\/\/olofarmini.com\/index.php?rest_route=\/wp\/v2\/users\/1"}],"replies":[{"embeddable":true,"href":"https:\/\/olofarmini.com\/index.php?rest_route=%2Fwp%2Fv2%2Fcomments&post=1144"}],"version-history":[{"count":1,"href":"https:\/\/olofarmini.com\/index.php?rest_route=\/wp\/v2\/posts\/1144\/revisions"}],"predecessor-version":[{"id":1145,"href":"https:\/\/olofarmini.com\/index.php?rest_route=\/wp\/v2\/posts\/1144\/revisions\/1145"}],"wp:attachment":[{"href":"https:\/\/olofarmini.com\/index.php?rest_route=%2Fwp%2Fv2%2Fmedia&parent=1144"}],"wp:term":[{"taxonomy":"category","embeddable":true,"href":"https:\/\/olofarmini.com\/index.php?rest_route=%2Fwp%2Fv2%2Fcategories&post=1144"},{"taxonomy":"post_tag","embeddable":true,"href":"https:\/\/olofarmini.com\/index.php?rest_route=%2Fwp%2Fv2%2Ftags&post=1144"}],"curies":[{"name":"wp","href":"https:\/\/api.w.org\/{rel}","templated":true}]}}