{"id":1146,"date":"2011-07-18T16:45:10","date_gmt":"2011-07-18T14:45:10","guid":{"rendered":"http:\/\/olofarmini.com\/?p=1146"},"modified":"2011-07-18T16:45:10","modified_gmt":"2011-07-18T14:45:10","slug":"japaner-japaner-och-tornskator","status":"publish","type":"post","link":"https:\/\/olofarmini.com\/?p=1146","title":{"rendered":"Japaner, japaner och t\u00f6rnskator"},"content":{"rendered":"<p>Det var inte l\u00e4tt att\u00a0vara svensk fotbollsspelare vid OS 1936<\/p>\n<p><a href=\"http:\/\/sverigesradio.se\/sida\/sok.aspx?q=Sven+Jerring&amp;x=10&amp;y=9\">http:\/\/sverigesradio.se\/sida\/sok.aspx?q=Sven+Jerring&amp;x=10&amp;y=9<\/a><\/p>\n<p>Inte heller vid VM i damfotboll i Tyskland h\u00e4romdagen!<\/p>\n<p>Japaner, japaner \u00f6verallt!<\/p>\n<p>Inte heller f\u00f6r en f\u00e5gelsk\u00e5dare p\u00e5 Gotland, n\u00e4r grann\u00f6n \u00d6land har<\/p>\n<p>T\u00f6rnskator, t\u00f6rnskator \u00f6verallt.<\/p>\n<p>En vacker<strong> r\u00f6dhuvad<\/strong> drygades ut med en l\u00e4cker <strong>st\u00e4ppvarf\u00e5gel<\/strong>. Sj\u00e4lv k\u00e4mpade jag p\u00e5 med tv\u00e5 vanliga <strong>t\u00f6rnskateh\u00e4ckningar<\/strong> i n\u00e4romr\u00e5det &#8211; inte fy skam men \u00e4nd\u00e5&#8230;<\/p>\n<p><strong>R\u00f6dhuvade<\/strong> dyker upp sommartid d\u00e5 och d\u00e5. Minns med v\u00e4lbehag den som jag cykelkryssade i Eklanda, M\u00f6lndal sommaren 1998!<\/p>\n<p><strong>St\u00e4ppvarf\u00e5gel<\/strong> finns bara f\u00f6rsta svenska obsen sommartid innan denna. S\u00e5g ju sj\u00e4lv den andra p\u00e5 Au riv i september\u00a0och hade en trolig i maj\u00a0och en s\u00e4ker i september\u00a0samma \u00e5r, b\u00e5da vid v\u00e4gen\u00a0s\u00f6der om V\u00e4stergarn. Dessutom finns redog\u00f6relser p\u00e5 bloggen\u00a0f\u00f6r en observation i oktober 2009 p\u00e5 Vivesholm.<\/p>\n<p>Litet lurig taxonomi g\u00f6r att man inte riktigt vet om <strong>st\u00e4ppvarf\u00e5gel<\/strong> skall f\u00e5 egen artstatus eller slumpas med n\u00e5gra sydliga varf\u00e5gelraser i <strong>\u00f6kenvarf\u00e5gel (Lanius meridionalis<\/strong>) eller slumpas med &#8220;v\u00e5r&#8221;<strong> varf\u00e5gel (Lanius excubitor<\/strong>). Os\u00e4kerheten har s\u00e4kert f\u00e5tt m\u00e5nga twitchers att\u00a0hellre satsa p\u00e5 s\u00e5ngarna i norr eller <strong>st\u00e4ppvipan och de sibiriska tundrapiparna<\/strong>.<\/p>\n<p>Str\u00e4var dagligen efter att det skall sl\u00e5 till. Det liksom h\u00e4nger i luften, en <strong>kungs\u00f6rn<\/strong> h\u00e4r, en <strong>havs\u00f6rn<\/strong> d\u00e4r, s\u00e5 en <strong>myrsn\u00e4ppa<\/strong> i Viken, men det sl\u00e4pper inte riktigt loss. N\u00e4r vimlar det av r\u00f6tt p\u00e5 vadarstranden, n\u00e4r visslar en pipare med gr\u00e5 armh\u00e5lor sn\u00e4rtigt, n\u00e4r\u00a0flipprar en tr\u00e4skt\u00e4rna f\u00f6rbi eller flappar en st\u00e4pph\u00f6k \u00f6ver f\u00e4lten, ja, n\u00e4r??? F\u00e5r n\u00f6ja mig med braskande rapporter och engagera mig om inte annat s\u00e5 i gamla minnen.<\/p>\n<p>Fick ett klurigt band fr\u00e5n Gunnar B, som jag har haft fint utbyte med genom \u00e5ren. Han etiketterade det <strong>sydn\u00e4ktergal<\/strong> men jag kan t\u00e4nka mig en ordf\u00f6rv\u00e4xling med det gamla namnet p\u00e5 <strong>h\u00e4rms\u00e5ngare, bastardn\u00e4ktergal<\/strong>. Vad s\u00e4gs<\/p>\n<p><a href=\"http:\/\/www.visby-gotland.se\/Sydnektergal-Eskelhem.wmv\">http:\/\/www.visby-gotland.se\/Sydnektergal-Eskelhem.wmv<\/a><\/p>\n<p>Jan-Erik E, v\u00e4n till framlidne Janne Danielsson och av samma skola, l\u00e4t mig lyssna p\u00e5 en annan <strong>bastardn\u00e4ktergal<\/strong> sas in action per mobil. H\u00e4r var vi r\u00f6rande eniga efter att jag genom tinnitusens susningare r\u00f6rt till det f\u00f6rst.<\/p>\n<p>N\u00e4r kusin Ulta skickade en fil p\u00e5 en hornuggletiggare tog jag det s\u00e4kra f\u00f6re det os\u00e4kra och lade ut n\u00e5gra subtila alternativ innan han kompletterade med en stor brun figur i ett tr\u00e4d &#8211; se d\u00e4r en &#8220;klocker&#8221;!<\/p>\n<p>\u00a0<a href=\"http:\/\/olofarmini.com\/wp-content\/uploads\/2011\/07\/vettlefjell.wav\">vettlefjell<\/a><\/p>\n<p>En som varit p\u00e5 alerten senaste \u00e5ret med roliga bilder p\u00e5 mycket sp\u00e4nnande \u00e4r Fredrik S. Senast hade jag f\u00f6rm\u00e5nen att f\u00e5 vara &#8220;med&#8221; att best\u00e4mma en simsn\u00e4ppa. Se<\/p>\n<p><a href=\"http:\/\/artportalen.se\/artportalen\/gallery\/images\/swe\/birds\/2011\/large\/315837.jpg\">http:\/\/artportalen.se\/artportalen\/gallery\/images\/swe\/birds\/2011\/large\/315837.jpg<\/a><\/p>\n<p>Annars har det tr\u00f6gat till p\u00e5 artracefronten ligger och tuggar p\u00e5 ca 170 arter och en 25:e plats. N\u00e4r kommer losset???<\/p>\n","protected":false},"excerpt":{"rendered":"<p>Det var inte l\u00e4tt att\u00a0vara svensk fotbollsspelare vid OS 1936 http:\/\/sverigesradio.se\/sida\/sok.aspx?q=Sven+Jerring&amp;x=10&amp;y=9 Inte heller vid VM i damfotboll i Tyskland h\u00e4romdagen! Japaner, japaner \u00f6verallt! Inte heller f\u00f6r en f\u00e5gelsk\u00e5dare p\u00e5 Gotland, n\u00e4r grann\u00f6n \u00d6land har T\u00f6rnskator, t\u00f6rnskator \u00f6verallt. En vacker r\u00f6dhuvad drygades ut med en l\u00e4cker st\u00e4ppvarf\u00e5gel. Sj\u00e4lv k\u00e4mpade jag p\u00e5 med tv\u00e5 vanliga t\u00f6rnskateh\u00e4ckningar i [&hellip;]<\/p>\n","protected":false},"author":1,"featured_media":0,"comment_status":"open","ping_status":"open","sticky":false,"template":"","format":"standard","meta":{"jetpack_post_was_ever_published":false,"_jetpack_newsletter_access":"","_jetpack_dont_email_post_to_subs":false,"_jetpack_newsletter_tier_id":0,"_jetpack_memberships_contains_paywalled_content":false,"_jetpack_memberships_contains_paid_content":false,"footnotes":"","jetpack_publicize_message":"","jetpack_publicize_feature_enabled":true,"jetpack_social_post_already_shared":false,"jetpack_social_options":{"image_generator_settings":{"template":"highway","default_image_id":0,"font":"","enabled":false},"version":2}},"categories":[4,3],"tags":[],"class_list":["post-1146","post","type-post","status-publish","format-standard","hentry","category-faltbestamning","category-vastergarn"],"jetpack_publicize_connections":[],"jetpack_featured_media_url":"","jetpack_sharing_enabled":true,"jetpack_shortlink":"https:\/\/wp.me\/p7kiwE-iu","jetpack-related-posts":[],"_links":{"self":[{"href":"https:\/\/olofarmini.com\/index.php?rest_route=\/wp\/v2\/posts\/1146","targetHints":{"allow":["GET"]}}],"collection":[{"href":"https:\/\/olofarmini.com\/index.php?rest_route=\/wp\/v2\/posts"}],"about":[{"href":"https:\/\/olofarmini.com\/index.php?rest_route=\/wp\/v2\/types\/post"}],"author":[{"embeddable":true,"href":"https:\/\/olofarmini.com\/index.php?rest_route=\/wp\/v2\/users\/1"}],"replies":[{"embeddable":true,"href":"https:\/\/olofarmini.com\/index.php?rest_route=%2Fwp%2Fv2%2Fcomments&post=1146"}],"version-history":[{"count":1,"href":"https:\/\/olofarmini.com\/index.php?rest_route=\/wp\/v2\/posts\/1146\/revisions"}],"predecessor-version":[{"id":1148,"href":"https:\/\/olofarmini.com\/index.php?rest_route=\/wp\/v2\/posts\/1146\/revisions\/1148"}],"wp:attachment":[{"href":"https:\/\/olofarmini.com\/index.php?rest_route=%2Fwp%2Fv2%2Fmedia&parent=1146"}],"wp:term":[{"taxonomy":"category","embeddable":true,"href":"https:\/\/olofarmini.com\/index.php?rest_route=%2Fwp%2Fv2%2Fcategories&post=1146"},{"taxonomy":"post_tag","embeddable":true,"href":"https:\/\/olofarmini.com\/index.php?rest_route=%2Fwp%2Fv2%2Ftags&post=1146"}],"curies":[{"name":"wp","href":"https:\/\/api.w.org\/{rel}","templated":true}]}}