{"id":1317,"date":"2011-10-11T18:35:21","date_gmt":"2011-10-11T16:35:21","guid":{"rendered":"http:\/\/olofarmini.com\/?p=1317"},"modified":"2011-10-11T18:35:21","modified_gmt":"2011-10-11T16:35:21","slug":"beema","status":"publish","type":"post","link":"https:\/\/olofarmini.com\/?p=1317","title":{"rendered":"&#8220;Beema&#8221;"},"content":{"rendered":"<p>H\u00e4rligt med denna bes\u00e4ttning av h\u00f6gklassiga sk\u00e5dare, Anders. Ola, Per, Tord, Bj\u00f6rn, Greg &#8230;&#8230;!!!!!!<\/p>\n<p>Man g\u00e5r ig\u00e5ng. Minns den d\u00e4r Lomma-f\u00e5geln. Trodde att det blev n\u00e5got obest\u00e4mt. Visst var det n\u00e5got liknande kr\u00e4k d\u00e4r i \u00e5r igen!?<\/p>\n<p>F\u00f6r m\u00e5nga vibbar <strong>contra citron<\/strong>, jag l\u00e4nkar<\/p>\n<p><img data-recalc-dims=\"1\" loading=\"lazy\" decoding=\"async\" class=\"alignnone\" title=\"Per S\" src=\"https:\/\/i0.wp.com\/artportalen.se\/artportalen\/gallery\/images\/swe\/birds\/2011\/large\/345151.jpg?resize=500%2C332\" alt=\"\" width=\"500\" height=\"332\" \/><img data-recalc-dims=\"1\" loading=\"lazy\" decoding=\"async\" class=\"alignnone\" title=\"Per s\" src=\"https:\/\/i0.wp.com\/artportalen.se\/artportalen\/gallery\/images\/swe\/birds\/2011\/large\/345152.jpg?resize=500%2C332\" alt=\"\" width=\"500\" height=\"332\" \/><img data-recalc-dims=\"1\" loading=\"lazy\" decoding=\"async\" class=\"alignnone\" title=\"Per s\" src=\"https:\/\/i0.wp.com\/artportalen.se\/artportalen\/gallery\/images\/swe\/birds\/2011\/large\/345154.jpg?resize=500%2C332\" alt=\"\" width=\"500\" height=\"332\" \/><\/p>\n<p>Detta \u00e4r Pers excellenta bilder fr\u00e5n Barshageudd. Ljus n\u00e4bbas, avsmalnade \u00f6gonbrynsband som inte omsluter \u00f6ront\u00e4ckarna, m\u00f6rk tygel och smala vingband! Knappast n\u00e5gra <strong>citron<\/strong> vibbar. F\u00f6rvisso lik den h\u00e4r, men den \u00e4r ju omdiskuterad&#8230;<\/p>\n<p>\u00a0<\/p>\n<p><img data-recalc-dims=\"1\" loading=\"lazy\" decoding=\"async\" class=\"alignnone\" title=\"Bj\u00f6rn d\" src=\"https:\/\/i0.wp.com\/artportalen.se\/artportalen\/gallery\/images\/swe\/birds\/2009\/large\/177776.jpg?resize=500%2C333\" alt=\"\" width=\"500\" height=\"333\" \/><img data-recalc-dims=\"1\" loading=\"lazy\" decoding=\"async\" class=\"alignnone\" title=\"Bj\u00f6rn d\" src=\"https:\/\/i0.wp.com\/artportalen.se\/artportalen\/gallery\/images\/swe\/birds\/2009\/large\/177777.jpg?resize=500%2C333\" alt=\"\" width=\"500\" height=\"333\" \/><img data-recalc-dims=\"1\" loading=\"lazy\" decoding=\"async\" class=\"alignnone\" title=\"Bj\u00f6rn d\" src=\"https:\/\/i0.wp.com\/artportalen.se\/artportalen\/gallery\/images\/swe\/birds\/2009\/large\/177778.jpg?resize=500%2C333\" alt=\"\" width=\"500\" height=\"333\" \/><\/p>\n<p>&#8230; Lommaf\u00e5geln s\u00e5 uts\u00f6kt fotad av Bj\u00f6rn D. Best\u00e4md till <strong>citron<\/strong> men ifr\u00e5gasatt av m\u00e5nga tex Bj\u00f6rn D sj\u00e4lv.<\/p>\n<p>Or\u00e4dd som jag \u00e4r s\u00e5 tycker jag att\u00a0b\u00e5da lutar \u00e5t <strong>gul\u00e4rla <\/strong>av rasen <strong><em>beema , Syke\u00b4s wagtail<\/em><\/strong>. Dels har den ett flyttnings\/utbredningsm\u00f6nster som passar med upptr\u00e4dandet tidsm\u00e4ssigt. Dels tror jag den matchar utseende -och l\u00e4tesm\u00e4ssigt. Tyv\u00e4rr var jag v\u00e4l litet sl\u00f6 n\u00e4r jag s\u00e5g den i Indien plus att det var litet sent p\u00e5 v\u00e5ren. Jag har p\u00e5 egna fynd fr\u00e5n Gotland sedan 80-talet ett<strong><em> &#8220;Syke\u00b4s?<\/em><\/strong>&#8220;!!!!<\/p>\n<p>Det finns andra subtila &#8220;favoriter&#8221; som<strong><em> &#8220;taivana&#8221;<\/em><\/strong> och citron\u00e4rlerasen<strong><em> &#8220;werae<\/em><\/strong>&#8220;. <strong><em>&#8220;Feldegg&#8221;<\/em><\/strong> k\u00e4nns mer som v\u00e5rig!<\/p>\n<p>Som en avslutning kan jag n\u00e4mna att jag m\u00e5nga\u00a0g\u00e5nger n\u00e4r jag haft mycket gul\u00e4rlor av olika typer kring mig s\u00e5 har jag\u00a0suttit och laborerat kring raser. P\u00e5 s\u00e5 skilda platser som i Indien, i Thailand,\u00a0i Tanzania, i\u00a0Uganda och naturligtvis i V\u00c4STERGARN!!!!!!<\/p>\n<p>Nja riktigt till slut&#8230;<\/p>\n<p><img data-recalc-dims=\"1\" loading=\"lazy\" decoding=\"async\" class=\"alignnone\" title=\"Micke N\" src=\"https:\/\/i0.wp.com\/artportalen.se\/artportalen\/gallery\/images\/swe\/birds\/2011\/large\/324699.jpg?resize=500%2C333\" alt=\"\" width=\"500\" height=\"333\" \/><\/p>\n<p>Hoppas du urs\u00e4ktar Micke, men den h\u00e4r l\u00e4nken k\u00e4nns som en<strong> citron!<\/strong> Det vita \u00f6gonbrynsbandet vidgar sig bakom \u00f6gat och omsluter \u00f6ront\u00e4ckarna, ljus tygel, helsvart n\u00e4bb, breda vita vingband och litet subjektivt h\u00f6ga ben men mediuml\u00e5ng stj\u00e4rt.<\/p>\n<p>I all \u00f6dmjukhet har jag bara kommenterat bilder och helt utel\u00e4mnat en av mina favoriter, <strong>hybriden<\/strong>!!!!<\/p>\n","protected":false},"excerpt":{"rendered":"<p>H\u00e4rligt med denna bes\u00e4ttning av h\u00f6gklassiga sk\u00e5dare, Anders. Ola, Per, Tord, Bj\u00f6rn, Greg &#8230;&#8230;!!!!!! Man g\u00e5r ig\u00e5ng. Minns den d\u00e4r Lomma-f\u00e5geln. Trodde att det blev n\u00e5got obest\u00e4mt. Visst var det n\u00e5got liknande kr\u00e4k d\u00e4r i \u00e5r igen!? F\u00f6r m\u00e5nga vibbar contra citron, jag l\u00e4nkar Detta \u00e4r Pers excellenta bilder fr\u00e5n Barshageudd. Ljus n\u00e4bbas, avsmalnade \u00f6gonbrynsband [&hellip;]<\/p>\n","protected":false},"author":1,"featured_media":0,"comment_status":"open","ping_status":"open","sticky":false,"template":"","format":"standard","meta":{"jetpack_post_was_ever_published":false,"_jetpack_newsletter_access":"","_jetpack_dont_email_post_to_subs":false,"_jetpack_newsletter_tier_id":0,"_jetpack_memberships_contains_paywalled_content":false,"_jetpack_memberships_contains_paid_content":false,"footnotes":"","jetpack_publicize_message":"","jetpack_publicize_feature_enabled":true,"jetpack_social_post_already_shared":false,"jetpack_social_options":{"image_generator_settings":{"template":"highway","default_image_id":0,"font":"","enabled":false},"version":2}},"categories":[4,15,3],"tags":[],"class_list":["post-1317","post","type-post","status-publish","format-standard","hentry","category-faltbestamning","category-resor","category-vastergarn"],"jetpack_publicize_connections":[],"jetpack_featured_media_url":"","jetpack_sharing_enabled":true,"jetpack_shortlink":"https:\/\/wp.me\/s7kiwE-beema","jetpack-related-posts":[],"_links":{"self":[{"href":"https:\/\/olofarmini.com\/index.php?rest_route=\/wp\/v2\/posts\/1317","targetHints":{"allow":["GET"]}}],"collection":[{"href":"https:\/\/olofarmini.com\/index.php?rest_route=\/wp\/v2\/posts"}],"about":[{"href":"https:\/\/olofarmini.com\/index.php?rest_route=\/wp\/v2\/types\/post"}],"author":[{"embeddable":true,"href":"https:\/\/olofarmini.com\/index.php?rest_route=\/wp\/v2\/users\/1"}],"replies":[{"embeddable":true,"href":"https:\/\/olofarmini.com\/index.php?rest_route=%2Fwp%2Fv2%2Fcomments&post=1317"}],"version-history":[{"count":5,"href":"https:\/\/olofarmini.com\/index.php?rest_route=\/wp\/v2\/posts\/1317\/revisions"}],"predecessor-version":[{"id":1322,"href":"https:\/\/olofarmini.com\/index.php?rest_route=\/wp\/v2\/posts\/1317\/revisions\/1322"}],"wp:attachment":[{"href":"https:\/\/olofarmini.com\/index.php?rest_route=%2Fwp%2Fv2%2Fmedia&parent=1317"}],"wp:term":[{"taxonomy":"category","embeddable":true,"href":"https:\/\/olofarmini.com\/index.php?rest_route=%2Fwp%2Fv2%2Fcategories&post=1317"},{"taxonomy":"post_tag","embeddable":true,"href":"https:\/\/olofarmini.com\/index.php?rest_route=%2Fwp%2Fv2%2Ftags&post=1317"}],"curies":[{"name":"wp","href":"https:\/\/api.w.org\/{rel}","templated":true}]}}