{"id":1323,"date":"2011-10-30T11:05:04","date_gmt":"2011-10-30T09:05:04","guid":{"rendered":"http:\/\/olofarmini.com\/?p=1323"},"modified":"2011-10-30T11:05:04","modified_gmt":"2011-10-30T09:05:04","slug":"25-ar-sedan","status":"publish","type":"post","link":"https:\/\/olofarmini.com\/?p=1323","title":{"rendered":"25 \u00e5r sedan"},"content":{"rendered":"<p>N\u00e4stan i alla fall, 15 november 1986:<\/p>\n<p><em>&#8221; Anders och Harald h\u00e4mtar tidigt. Vi missar de \u00f6vriga. Dj\u00e4rv strategi, Faludden. Disigt och mycket riktigt h\u00f6rs <strong>sk\u00e4ggmes.<\/strong> Bara av farsan f\u00f6rst\u00e5s. Inte helt d\u00f6tt <strong>ljungpipare, l\u00e4rkor, vipor, taltrast, morkullor<\/strong> och i k\u00e4rret en hel del <strong>r\u00f6dhakar<\/strong>. Det r\u00f6r p\u00e5 sig. Ute vid udden massor med <strong>sm\u00e5lom<\/strong> och en grann <strong>varf\u00e5gel.<\/strong> Dags att \u00e5ka mot Sudret. Vid Gotlands f\u00f6rsta oljepump bromsar Anders in. En r\u00f6dstj\u00e4rt. Svart? Vanlig? <strong>NEJ, STOR SENSATION EN RAS AV SVART EJ TIDIGARE SEDD I V\u00c4STEUROPA<\/strong>?! Vi njuter l\u00e4nge innan vi far till Hoburgen, d\u00e4r resten av g\u00e4nget finns. D\u00e4r ser vi i rask f\u00f6ljd en <strong>stenfalk<\/strong>, en <strong>alf\u00f6rr\u00e4dar<\/strong>-hona och en <strong>hornuggla<\/strong> och bekr\u00e4ftar d\u00e4rmed ett rykte. Men vi borde nog kollat litet mer i buskarna. Ilska rykten fr\u00e5n \u00d6land. Men vi var b\u00e4st!&#8221;<\/em><\/p>\n<p><em>&#8221; 15 november Laber S. Dimma, dis. +7 grader C. Hamra, Oljepumpen 1110 &#8211; 1148. <strong>Svart r\u00f6dstj\u00e4rt, \u00f6stlig ras<\/strong>.<\/em><\/p>\n<p><em>N\u00e4bb, \u00f6gon, ben svarta. Panna, hj\u00e4ssa, nacke, rygg och vingar ganska j\u00e4mnt mellangr\u00e5 med st\u00e4nk av brunt. \u00c4ven litet sotig &#8220;touch&#8221;. Aningen ljusare nackboa och pannfl\u00e4ck. Fr\u00e5n n\u00e4bben genom \u00f6gat, hela kinden och hakan svart. Br\u00f6stet svartaktigt med skarp gr\u00e4ns \u00f6ver nedre br\u00f6stet mot resten av undersidan som var j\u00e4mnt rostr\u00f6d liksom \u00f6vergump och yttre stj\u00e4rtpennor. Mellersta pennorna svartaktiga. Toppar p\u00e5 bakre nedra skapularer, allra innersta handpennor och distinkta br\u00e4m p\u00e5 tertialer rosttonat ljusa. Gav distinkt panel. &#8220;<\/em><\/p>\n<p>B\u00e5da citaten fr\u00e5n mina anteckningar samma dag. Har en olja p\u00e5 f\u00e5geln signerad medoservat\u00f6ren och konstn\u00e4ren Harald Norrby! Fyndet g\u00e4llde l\u00e4nge f\u00f6r Nordens enda!<\/p>\n<p>Under 2000-talet har n\u00e5gra f\u00e5glar av typen tilldragit sig intresse, bla en ringm\u00e4rkt p\u00e5 \u00d6land 20 oktober 2005. Litet f\u00f6rvirring har uppst\u00e5tt kring hybrider med vanlig r\u00f6dstj\u00e4rt och vanliga svarta med kvarvarande r\u00f6da toppfj\u00e4drer. Men alltmer har man b\u00f6rjat luta \u00e5t rasen <em><strong>phoenicuroides<\/strong><\/em>, en l\u00e5ngflyttare ( Centalasien &lt;-&gt;\u00a0Norra Indien)\u00a0med\u00a0ett svart br\u00f6st distinkt avsatt mot i \u00f6vrigt helr\u00f6da undersidan! St\u00e4mmer spontant v\u00e4l med utseende och tidsm\u00e4ssigt upptr\u00e4dande.<\/p>\n<p>15 oktober, exakt en m\u00e5nad innan 25-\u00e5rsjubil\u00e9et slog n\u00e5gra s\u00f6derkisar till vid Faluddens fyr. Dom\u00a0var litet os\u00e4kra och s\u00e4krade med hybrid? Tre dagar senare \u00e4r vem d\u00e4r? &#8211; gissa! &#8211; naturligtvis Fredrik Str\u00f6m! Jag l\u00e4nkar med hans till\u00e5telse.<\/p>\n<p><img data-recalc-dims=\"1\" loading=\"lazy\" decoding=\"async\" class=\"alignnone\" title=\"Fredrik\" src=\"https:\/\/i0.wp.com\/www.artportalen.se\/artportalen\/gallery\/images\/swe\/birds\/2011\/large\/346998.jpg?resize=378%2C332\" alt=\"\" width=\"378\" height=\"332\" \/><\/p>\n<p>Och han darrar in p\u00e5 manschetterna, <em><strong>phoenicuroides<\/strong><\/em>! Styrkt av rapporter 23 oktober om likadana f\u00e5glar i Halland och Medelpad. Dessutom en rapport fr\u00e5n Tyskland. Och d\u00e4rmed s\u00e4nks(?) till min l\u00e4ttnad spekulationerna kring hybrid. F\u00e4lj g\u00e4rna cirkusen p\u00e5 Svalan med mycket fina bilder.<\/p>\n<p>Ig\u00e5r 29 oktober \u00e5terfanns f\u00f6rmodligen tidagare Faluddenfyrf\u00e5geln vid lilla talldungen p\u00e5 Faludden.<\/p>\n<p>L\u00e4nkar till Juppens bild som bla visar den av mig beskrivna ljusa panelen &#8211; f\u00f6r 25 \u00e5r sedan! Vilket h\u00e4rligt minne!<\/p>\n<p><img data-recalc-dims=\"1\" loading=\"lazy\" decoding=\"async\" class=\"alignnone\" title=\"J\u00f6rgen\" src=\"https:\/\/i0.wp.com\/www.artportalen.se\/artportalen\/gallery\/images\/swe\/birds\/2011\/large\/349615.jpg?resize=370%2C316\" alt=\"\" width=\"370\" height=\"316\" \/><\/p>\n","protected":false},"excerpt":{"rendered":"<p>N\u00e4stan i alla fall, 15 november 1986: &#8221; Anders och Harald h\u00e4mtar tidigt. Vi missar de \u00f6vriga. Dj\u00e4rv strategi, Faludden. Disigt och mycket riktigt h\u00f6rs sk\u00e4ggmes. Bara av farsan f\u00f6rst\u00e5s. Inte helt d\u00f6tt ljungpipare, l\u00e4rkor, vipor, taltrast, morkullor och i k\u00e4rret en hel del r\u00f6dhakar. Det r\u00f6r p\u00e5 sig. Ute vid udden massor med sm\u00e5lom [&hellip;]<\/p>\n","protected":false},"author":1,"featured_media":0,"comment_status":"open","ping_status":"open","sticky":false,"template":"","format":"standard","meta":{"jetpack_post_was_ever_published":false,"_jetpack_newsletter_access":"","_jetpack_dont_email_post_to_subs":false,"_jetpack_newsletter_tier_id":0,"_jetpack_memberships_contains_paywalled_content":false,"_jetpack_memberships_contains_paid_content":false,"footnotes":"","jetpack_publicize_message":"","jetpack_publicize_feature_enabled":true,"jetpack_social_post_already_shared":false,"jetpack_social_options":{"image_generator_settings":{"template":"highway","default_image_id":0,"font":"","enabled":false},"version":2}},"categories":[4,13,3],"tags":[],"class_list":["post-1323","post","type-post","status-publish","format-standard","hentry","category-faltbestamning","category-old-times","category-vastergarn"],"jetpack_publicize_connections":[],"jetpack_featured_media_url":"","jetpack_sharing_enabled":true,"jetpack_shortlink":"https:\/\/wp.me\/p7kiwE-ll","jetpack-related-posts":[],"_links":{"self":[{"href":"https:\/\/olofarmini.com\/index.php?rest_route=\/wp\/v2\/posts\/1323","targetHints":{"allow":["GET"]}}],"collection":[{"href":"https:\/\/olofarmini.com\/index.php?rest_route=\/wp\/v2\/posts"}],"about":[{"href":"https:\/\/olofarmini.com\/index.php?rest_route=\/wp\/v2\/types\/post"}],"author":[{"embeddable":true,"href":"https:\/\/olofarmini.com\/index.php?rest_route=\/wp\/v2\/users\/1"}],"replies":[{"embeddable":true,"href":"https:\/\/olofarmini.com\/index.php?rest_route=%2Fwp%2Fv2%2Fcomments&post=1323"}],"version-history":[{"count":3,"href":"https:\/\/olofarmini.com\/index.php?rest_route=\/wp\/v2\/posts\/1323\/revisions"}],"predecessor-version":[{"id":1326,"href":"https:\/\/olofarmini.com\/index.php?rest_route=\/wp\/v2\/posts\/1323\/revisions\/1326"}],"wp:attachment":[{"href":"https:\/\/olofarmini.com\/index.php?rest_route=%2Fwp%2Fv2%2Fmedia&parent=1323"}],"wp:term":[{"taxonomy":"category","embeddable":true,"href":"https:\/\/olofarmini.com\/index.php?rest_route=%2Fwp%2Fv2%2Fcategories&post=1323"},{"taxonomy":"post_tag","embeddable":true,"href":"https:\/\/olofarmini.com\/index.php?rest_route=%2Fwp%2Fv2%2Ftags&post=1323"}],"curies":[{"name":"wp","href":"https:\/\/api.w.org\/{rel}","templated":true}]}}