{"id":1342,"date":"2011-12-18T18:03:45","date_gmt":"2011-12-18T16:03:45","guid":{"rendered":"http:\/\/olofarmini.com\/?p=1342"},"modified":"2011-12-18T18:03:45","modified_gmt":"2011-12-18T16:03:45","slug":"vardag-pa-hono-14-dec-2011","status":"publish","type":"post","link":"https:\/\/olofarmini.com\/?p=1342","title":{"rendered":"Vardag p\u00e5 H\u00f6n\u00f6 14 dec 2011"},"content":{"rendered":"<p>H\u00f6sten har bjudit \u00f6msom vatten \u00f6msom vin.<\/p>\n<p>Bra inledning n\u00e5gra dagar\u00a0i september p\u00e5 Gotland med Anders. <strong>Fors\u00e4rla, \u00e4gretth\u00e4ger, nattsk\u00e4rra och h\u00f6ks\u00e5ngar<\/strong> de f\u00f6rsta fem dagarna i m\u00e5naden!<\/p>\n<p>Hyfsat flyt &#8220;hemma&#8221; i G\u00f6tet toppat med en riktig H\u00f6n\u00f6raid, <strong>ljusbukiga prutg\u00e4ss, storlabb, fj\u00e4llabb, mindre lira\u00a0och gr\u00e5lira<\/strong> p\u00e5 topp.<\/p>\n<p>S\u00e5 n\u00e5gra kanondagar med Anders i Falsterbo. Bara att jag fick ett SverigeXXX, inget mindre \u00e4n T\u00f6nn, den\u00a0radiomastf\u00f6rsedda <strong>st\u00f6rre skrik\u00f6rnen<\/strong> fr\u00e5n Estland! Tunga obsar p\u00e5 <strong>taigas\u00e5ngare, \u00f6rnvr\u00e5k och st\u00e4pph\u00f6k<\/strong> plus mycket, mycket annat.<\/p>\n<p>Hem i b\u00f6rjan av oktober och nya H\u00f6n\u00f6drag, 2 stycken\u00a0med <strong>klykstj\u00e4rtade stormsvalor, bredstj\u00e4rtade labbar, gr\u00e5liror, t\u00e4rnm\u00e5s, lunnef\u00e5gel och alkekungar<\/strong>.<\/p>\n<p>S\u00e5 f\u00f6ljer en l\u00e5ng torka med f\u00e5 vattenh\u00e5l &#8211;\u00a0trots en l\u00e5ng sejour p\u00e5 Gotland i hetaste tiden, men det mesta missas. <strong>Vattenpipl\u00e4rka, bergstaigas\u00e5ngare och jaktfalk<\/strong> uppfriskande i oaserna p\u00e5 \u00f6kenvandringen.<\/p>\n<p>Liten ljusning tillbaka p\u00e5 V\u00e4stkusten med vimmel av <strong>sparvugglor och b\u00e4ndelkorsn\u00e4bbar<\/strong> i \u00c4ngg\u00e5rden.<\/p>\n<p>H\u00f6sten avslutas och vintern inleds med v\u00e5ldsamma vandrande l\u00e5gtryck och gl\u00f6dhett p\u00e5 V\u00e4stkusten, men omst\u00e4ndigheterna vill inte. Lyckas till slut ta mig till Askim och en <strong>bredn\u00e4bbad simsn\u00e4ppa<\/strong>\u00a0 i december och\u00a0vinterm\u00f6rkret k\u00e4nns inte helt kompakt!<\/p>\n<p>P\u00e5 Luciadagen den 13:e best\u00e4mmer jag mig &#8211;\u00a0Imorgon, oavsett vind eller regn! Inte optimala utsikter, vinden bra men sydlig och regn mest hela dagen. \u00c4nd\u00e5 iv\u00e4g och fint flyt, n\u00f6jd med Evainspirerad nyekipering, buss 18 s\u00e5 24:an och f\u00e4rjan till H\u00f6n\u00f6. Lugnt och fint och det regnar inte. Bra promenad Pinan till Kr\u00e5kudden, allt som allt ca 2 timmar fr\u00e5n d\u00f6rr till d\u00f6rr. Vadet har f\u00f6rvandlats till ett o\u00f6verkomligt sund och jag m\u00f6ter dagens enda sk\u00e5dare, Ingvor S, som gett upp och v\u00e4nt. Muntrar upp henne med att det alltid finns n\u00e5got litet pr\u00e5ng! Sj\u00e4lv chansar jag p\u00e5 &#8220;livsfarliga stenarna&#8221;, man m\u00e5ste memorera in &#8220;banan&#8221;, stenarnas placering och vattnets r\u00f6relse och sedan \u00e4r &#8220;de bar \u00e5 k\u00f6r&#8221;, som Stenmark sade. Lyckades och ensam i vindskyddet, bara det en framg\u00e5ng. Ett fl\u00f6de av<strong> tret\u00e5iga m\u00e5sar<\/strong> b\u00e5dar gott. N\u00e5gon <strong>sula och stormf\u00e5gel<\/strong>\u00a0 &#8211; dock litet l\u00e5ngt ut, vinden \u00e4r v\u00e4l sydlig. Tuben \u00e4r precis uppmonterad n\u00e4r en stor tung lom kommer emot mig fr\u00e5n norr. S\u00e5 typiskt f\u00f6r en islom, ofta h\u00f6gt och n\u00e4ra:<\/p>\n<p>Grov n\u00e4bb, ganska m\u00f6rk, kraftigt huvud, vit insk\u00e4rning i det svarta p\u00e5 halsen, kraftiga vingslag med amplitud, rej\u00e4la \u00e5rblad till f\u00f6tter. Teckningen m\u00f6rk med diffusa\u00a0gr\u00e4nser p\u00e5 huvud\/hals och n\u00e5got ljusare ryggparti ger associationer till 1 &#8211; 2K-f\u00e5gel.<strong> En SVARTN\u00c4BBAD ISLOM!<\/strong><\/p>\n<p>Litet oturligt\u00a0alldeles efter lommen anl\u00e4nder\u00a0Ingvor S ridderligt beledsagad av en ungersven, som burit hennes packning den normala v\u00e4gen\u00a0\u00f6ver det nu flyende vattnet. Tyv\u00e4rr har namnet p\u00e5 ungersvennen fallit bort, men han \u00e4r synnerligen giftig och p\u00e5 hugget. Vi \u00f6ser in <strong>tusentals tret\u00e5ar, hundratals tordmular, sillgrissslor, stormf\u00e5glar och havssulor<\/strong>.\u00a0Det \u00e4r\u00a0lika mycket <strong>tordmular som sillgrisslor<\/strong>, m\u00e5nga rastar alldeles utanf\u00f6r oss. Vi ser en <strong>knubbs\u00e4l<\/strong> och\u00a0en och annan<strong> m\u00f6rk stormf\u00e5gel<\/strong>, men inget riktigt ess. D\u00e5 apporterar v\u00e5r unge v\u00e4n. Han har nosat upp en mycket intressant grissla, som har v\u00e4nligheten att landa utanf\u00f6r stenen:<\/p>\n<p>Han har sett en grissla med karakt\u00e4r tyder p\u00e5 en\u00a0<strong>SPETSBERGSGRISSLA<\/strong>! Jag f\u00e5r se den p\u00e5 vattnet med tv\u00e5 <strong>sillgrisslor<\/strong>. Den har en neddragen huva, gr\u00f6vre n\u00e4bb, svartare dr\u00e4kt, mindre storlek och jag anar ett vitaktigt vertikalstreck vid n\u00e4bbasen &#8211; verkar n\u00e4stan 100. Tyv\u00e4rr f\u00e5r jag inte se den f\u00f6rr\u00e4n n\u00e4stan en timme senare n\u00e4r den flyger s\u00f6derut, d\u00e5 tillsammans med tv\u00e5 nya sk\u00e5dare Lars P och Nils A. F\u00f6rst \u00e4r jag \u00f6vertygad, men mindre s\u00e5 n\u00e4r jag ser den flygande. Mitt obsande tyder efter n\u00e5gra turer mer p\u00e5 en <strong>1K TORDMULE<\/strong>. Litet udda men allt som jag sett faller inom ramen\u00a0plus att jag kunde ana en liten ljusning bakom \u00f6get n\u00e4r den l\u00e5g p\u00e5 vattnet &#8211; contra spetsbergare!<\/p>\n<p>Intressant och jag kan inte annat \u00e4n imponeras av det fina arbetet kring uppt\u00e4ckten av den intressanta f\u00e5geln. Mitt inl\u00e4gg f\u00e5r inte ses som ett s\u00e4nkande av obsen utan som ett till\u00e4gg i debatten! Alla uppskattar den pulsh\u00f6jande st\u00e4mningen i skyddet, den v\u00e4rmer. Liksom solen denna v\u00e5rlika dag i december!!!<\/p>\n<p>Dags att avrunda f\u00f6r barnbarnen kallar, som Lars P och jag\u00a0skojar. En gammal<strong> toppskarv, en alkekung<\/strong> och s\u00e5 slickas strandkanten av &#8230;<\/p>\n<p><a href=\"https:\/\/i0.wp.com\/artportalen.se\/artportalen\/gallery\/images\/swe\/birds\/2011\/large\/356595.jpg\"><img data-recalc-dims=\"1\" loading=\"lazy\" decoding=\"async\" class=\"alignnone\" src=\"https:\/\/i0.wp.com\/artportalen.se\/artportalen\/gallery\/images\/swe\/birds\/2011\/large\/356595.jpg?resize=500%2C334\" alt=\"\" width=\"500\" height=\"334\" \/><\/a><a href=\"https:\/\/i0.wp.com\/artportalen.se\/artportalen\/gallery\/images\/swe\/birds\/2011\/large\/356596.jpg\"><img data-recalc-dims=\"1\" loading=\"lazy\" decoding=\"async\" class=\"alignnone\" src=\"https:\/\/i0.wp.com\/artportalen.se\/artportalen\/gallery\/images\/swe\/birds\/2011\/large\/356596.jpg?resize=500%2C334\" alt=\"\" width=\"500\" height=\"334\" \/><\/a><\/p>\n<p>&#8230; denna s\u00e5 l\u00e4ckra f\u00e5gel, och s\u00e5 pedagogiskt inte minst tack vare Lars Ps suver\u00e4na bilder. Tar mig friheten att l\u00e4nka till Svalan!<\/p>\n<p>Dubbelfl\u00e4ck p\u00e5 undervinge, tv\u00e5f\u00e4rgad n\u00e4bb, bukighet avsl\u00f6jar arten, <strong>BREDSTJ\u00c4RTAD LABB<\/strong>! J\u00e4mnbandade armpennor och \u00f6vergump avsl\u00f6jar \u00e5lder, 1K! F\u00e4rgfasen torde betecknas, mellanfas!<\/p>\n<p>Tack alla medobservat\u00f6rer och speciellt Lars f\u00f6r fotona.<\/p>\n<p>Avslutar med\u00a0att passera ickl\u00e4ngre-existerande vadet med 2 <strong>sk\u00e4rsn\u00e4ppor<\/strong> och 3<strong> sk\u00e4rpipl\u00e4rkor<\/strong>! Sedan barnbarnen!!!! I sanning en ljus gr\u00e5 vardag p\u00e5 H\u00f6n\u00f6!<\/p>\n<p>PS Idag n\u00e4r detta skrivs har jag varit p\u00e5 Lillhagen och spanat in ca 25 granna <strong>b\u00e4ndlar<\/strong> i l\u00e4rktr\u00e4den.<\/p>\n","protected":false},"excerpt":{"rendered":"<p>H\u00f6sten har bjudit \u00f6msom vatten \u00f6msom vin. Bra inledning n\u00e5gra dagar\u00a0i september p\u00e5 Gotland med Anders. Fors\u00e4rla, \u00e4gretth\u00e4ger, nattsk\u00e4rra och h\u00f6ks\u00e5ngar de f\u00f6rsta fem dagarna i m\u00e5naden! Hyfsat flyt &#8220;hemma&#8221; i G\u00f6tet toppat med en riktig H\u00f6n\u00f6raid, ljusbukiga prutg\u00e4ss, storlabb, fj\u00e4llabb, mindre lira\u00a0och gr\u00e5lira p\u00e5 topp. S\u00e5 n\u00e5gra kanondagar med Anders i Falsterbo. Bara att [&hellip;]<\/p>\n","protected":false},"author":1,"featured_media":0,"comment_status":"open","ping_status":"open","sticky":false,"template":"","format":"standard","meta":{"jetpack_post_was_ever_published":false,"_jetpack_newsletter_access":"","_jetpack_dont_email_post_to_subs":false,"_jetpack_newsletter_tier_id":0,"_jetpack_memberships_contains_paywalled_content":false,"_jetpack_memberships_contains_paid_content":false,"footnotes":"","jetpack_publicize_message":"","jetpack_publicize_feature_enabled":true,"jetpack_social_post_already_shared":false,"jetpack_social_options":{"image_generator_settings":{"template":"highway","default_image_id":0,"font":"","enabled":false},"version":2}},"categories":[4,14],"tags":[],"class_list":["post-1342","post","type-post","status-publish","format-standard","hentry","category-faltbestamning","category-goteborg"],"jetpack_publicize_connections":[],"jetpack_featured_media_url":"","jetpack_sharing_enabled":true,"jetpack_shortlink":"https:\/\/wp.me\/p7kiwE-lE","jetpack-related-posts":[],"_links":{"self":[{"href":"https:\/\/olofarmini.com\/index.php?rest_route=\/wp\/v2\/posts\/1342","targetHints":{"allow":["GET"]}}],"collection":[{"href":"https:\/\/olofarmini.com\/index.php?rest_route=\/wp\/v2\/posts"}],"about":[{"href":"https:\/\/olofarmini.com\/index.php?rest_route=\/wp\/v2\/types\/post"}],"author":[{"embeddable":true,"href":"https:\/\/olofarmini.com\/index.php?rest_route=\/wp\/v2\/users\/1"}],"replies":[{"embeddable":true,"href":"https:\/\/olofarmini.com\/index.php?rest_route=%2Fwp%2Fv2%2Fcomments&post=1342"}],"version-history":[{"count":3,"href":"https:\/\/olofarmini.com\/index.php?rest_route=\/wp\/v2\/posts\/1342\/revisions"}],"predecessor-version":[{"id":1345,"href":"https:\/\/olofarmini.com\/index.php?rest_route=\/wp\/v2\/posts\/1342\/revisions\/1345"}],"wp:attachment":[{"href":"https:\/\/olofarmini.com\/index.php?rest_route=%2Fwp%2Fv2%2Fmedia&parent=1342"}],"wp:term":[{"taxonomy":"category","embeddable":true,"href":"https:\/\/olofarmini.com\/index.php?rest_route=%2Fwp%2Fv2%2Fcategories&post=1342"},{"taxonomy":"post_tag","embeddable":true,"href":"https:\/\/olofarmini.com\/index.php?rest_route=%2Fwp%2Fv2%2Ftags&post=1342"}],"curies":[{"name":"wp","href":"https:\/\/api.w.org\/{rel}","templated":true}]}}