{"id":1347,"date":"2011-12-29T18:56:13","date_gmt":"2011-12-29T16:56:13","guid":{"rendered":"http:\/\/olofarmini.com\/?p=1347"},"modified":"2011-12-29T18:56:13","modified_gmt":"2011-12-29T16:56:13","slug":"dip-och-dop-julen-2011","status":"publish","type":"post","link":"https:\/\/olofarmini.com\/?p=1347","title":{"rendered":"Dip och dop julen 2011"},"content":{"rendered":"<p>Vi gick in i Julafton med fin konsert av <strong>kattuggla<\/strong> i duett med v\u00e5rsjungande<strong> r\u00f6dhake<\/strong>.\u00a0Anslag av v\u00e5ren, ljusare, varmt och fj\u00e4rran vinterst\u00e4mning &#8211; gott p\u00e5 3-timmars cykling tor Naturstensv\u00e4gen i M\u00f6lnlycke f\u00f6r att l\u00e4mna julblomma till &#8220;di sma&#8221;. Hann med <strong>fossekallar<\/strong> i Grevg\u00e5rdsd\u00e4mmet och ca 80 <strong>sidensvansar<\/strong> i Jobergs frukttr\u00e4d, innan egna julbordet &#8211;\u00a0lungt, stilla och v\u00e4lbeh\u00f6vlig tidig s\u00e4ngg\u00e5ng.<\/p>\n<p>N\u00f6dv\u00e4ndig natts\u00f6mn f\u00f6r Juldagens\u00a04-timmarsfight med tv\u00e5 <strong>kalkoner<\/strong> i Bergsbos k\u00f6k. God hj\u00e4lp av David, Pascal, Lydia, Claudia och Zacharias! Resultatet n\u00e4r Eva ansluter,\u00a0en magnifik f\u00e5gelmiddag med s\u00e5ser, sallader och \u00f6vrigt tillbeh\u00f6r. N\u00f6jd hemma s\u00e4tter jag mig vid datorn&#8230; MEN VA VA VA!!!<\/p>\n<p style=\"TEXT-ALIGN: center\"><em><strong>ROSENM\u00c5S<\/strong><\/em> I \u00d6CKER\u00d6 HAMN!!!<\/p>\n<p style=\"TEXT-ALIGN: left\">Man kan bli galen f\u00f6r mindre. Varit station\u00e4r hela eftermiddagen.<\/p>\n<p style=\"TEXT-ALIGN: left\">Sedan jag l\u00e4st\u00a0en artikel i n\u00e5gon lokal f\u00e5gelblaska i b\u00f6rjan av 80-talet har tre sm\u00e5 karismatiska m\u00e5sar fr\u00e5n norr varit n\u00e5got av mina\u00a0\u00f6nskearter,<strong> t\u00e4rnm\u00e5s, ism\u00e5s och rosenm\u00e5s<\/strong>. Som sig b\u00f6r kunde jag f\u00f6rst stryka<strong> t\u00e4rnm\u00e5sen<\/strong> p\u00e5 \u00f6nskelistan &#8211; minns s\u00e4rskilt en bl\u00e5sig oktoberdag p\u00e5 H\u00f6n\u00f6, n\u00e4r Magnus U hoppade ur\u00a0det f\u00f6rsta nyanlagda vindskyddet och en <strong>1K t\u00e4rnm\u00e5s<\/strong> trippade i skummet innanf\u00f6r &#8220;stenen&#8221;.\u00a0<strong>Ism\u00e5sen<\/strong> kom d\u00e4rn\u00e4st &#8211; i Lerkil \u00e5rsskiftet 2004\/05. Cyklade 27 december 6 mil tor i duggregn f\u00f6r att se den en andra g\u00e5ng!<\/p>\n<p style=\"TEXT-ALIGN: left\"><strong>Rosenm\u00e5sen<\/strong> har dock varit en riktig &#8220;bogey&#8221;, som jag &#8220;sniffat&#8221; p\u00e5 m\u00e5nga g\u00e5nger. Redan 28 maj 1989\u00a0var jag bara\u00a0ett andetag fr\u00e5n en\u00a0<strong>rosenm\u00e5s<\/strong> i Paviken &#8211;\u00a0eller s\u00e5g jag den utan att veta? &#8211; klen tr\u00f6st att vara i gott s\u00e4llskap! &#8211;\u00a0Big Lasse himself, vi letade f\u00f6rtvivlat och f\u00f6rg\u00e4ves fram till skymningen\u00a0bland <strong>dv\u00e4rgm\u00e5sar<\/strong> i allehanda dr\u00e4kter.<\/p>\n<p style=\"TEXT-ALIGN: left\">S\u00e5 tv\u00e5 sniffar p\u00e5 H\u00f6n\u00f6 under 2000-talet, en fick tummen ned av mullorna i H\u00f6gsta r\u00e5det, den andra &#8220;s\u00e4ker&#8221;, s\u00e5gs n\u00e5gon timme innan p\u00e5 Kr\u00e5kudden\u00a0den 9 maj 2006\u00a0mot S. Jag s\u00e5g en liten t\u00e4rnlik m\u00e5s, bakifr\u00e5n\u00a0mot N fr\u00e5n f\u00e4rjan strax innan Pinan! Mycket riktigt d\u00f6k det upp en j\u00e4mn\u00e5rig\u00a0<strong>rosenm\u00e5s<\/strong> i Bohusl\u00e4ns norra sk\u00e4rg\u00e5rd under sommaren! Men, men&#8230;<\/p>\n<p style=\"TEXT-ALIGN: left\">\u00a0Kan den vara kvar imorgon p\u00e5 Annandagen? Best\u00e4mde tidig utf\u00e4rd. Hade \u00e4nd\u00e5 t\u00e4nkt \u00e5ka ut den 27, d\u00e5 det skulle bl\u00e5sa. Oj, vilken orolig natt! T\u00e4nkte p\u00e5 Gr\u00f6ns gr\u00f6na bi\u00e4tare.\u00a0Vred mig till klockan tre innan jag gick upp f\u00f6r dubbla gympapass, hockeyfrukost, spartansk mats\u00e4ck\u00a0(skulle bara kolla och s\u00e5 \u00e5ka hem????) l\u00e4tt kl\u00e4dsel. Klockan bara 0530 och lika bra att ta bussen en timme tidigare 0601 fr\u00e5n Spalding. L\u00e4ngs Avenyn f\u00e5r jag s\u00e4llskap av hemv\u00e4ndande kids som supit, spytt och snuskat. K\u00e4nner mig som &#8220;peeping Tom&#8221; och viss l\u00e4ttnad att byta till mer rekorderliga 24:an p\u00e5 Hjalmar Branting. Redan vid 0730 i beckm\u00f6rker p\u00e5 f\u00e4rjan.<\/p>\n<p style=\"TEXT-ALIGN: left\">Vid avstigningen p\u00e5 Pinan\u00a0rycks jag in i en bil av\u00a0globalsk\u00e5daren Per Thyl\u00e9n, som med kolleger \u00e4r p\u00e5 v\u00e4g till m\u00e5sen. Vilket flyt, vinden har ocks\u00e5 mojnat och allt upplagt. Planerar redan att p\u00e5 f\u00f6rmiddagen h\u00e4lla upp whiskyntriumfen i favoritf\u00e5t\u00f6ljen!!<\/p>\n<p style=\"TEXT-ALIGN: left\">Sakta ljusnar det och snart h\u00f6rs och man urskiljer enstaka m\u00e5sf\u00e5glar runt piren. T\u00e4tare \u00e4r dock sk\u00e5darleden, som fylls p\u00e5 efter varje f\u00e4rjanl\u00f6p. Lovande med n\u00e5gra <strong>tret\u00e5ar<\/strong>. Det \u00e4r tyst, f\u00e5 s\u00e4ger n\u00e5got. I s\u00e5 fall n\u00e5got om hur andra s\u00e4llsynta m\u00e5sar visat upp sig, alla varianter och pendling mellan hopp och f\u00f6rtvivlan. Efter n\u00e5gra timmar ger n\u00e5gra upp, \u00e5ker f\u00f6r att kolla en <strong>vattenpipl\u00e4rka<\/strong> eller &#8230; En n\u00e5got uppgiven men ocks\u00e5 mjukare st\u00e4mning infinner sig. Sm\u00e5snackar med n\u00e5gra, kollar in <strong>6 s\u00e4dg\u00e4ss, sk\u00e4rsn\u00e4ppor<\/strong> och b\u00e5de <strong>alkor<\/strong> och <strong>tret\u00e5ar<\/strong> som annars varit h\u00f6gvilt. Tom en minisniff p\u00e5 en<strong> vingbandsm\u00e5s <\/strong>som f\u00f6rsvinner bakom n\u00e5gra kobbar vid Gr\u00f6t\u00f6.\u00a0Finner tr\u00f6st att tr\u00f6sta, Thomas M och Dennis N har \u00e5kt fr\u00e5n L\u00e5ngshyttan i Dalarna, ca 6 h bilk\u00f6rning, men visar h\u00e4rliga takter.<\/p>\n<p style=\"TEXT-ALIGN: left\">S\u00e5 b\u00f6rjar det regna och Per T, r\u00e4ddare i n\u00f6den, ger bilskjuts och m\u00e5nga tr\u00f6stens ord. Steppar av p\u00e5 Guldheden, inte med fj\u00e4derl\u00e4tta steg till datorn och n\u00e4sta chock, klockan 1500 strax innan skymning\u00a0\u00e4r m\u00e5sen tillbaka!!! M\u00e4rkligt nog st\u00e5r jag pall och kan till fullo njuta julfest med grannarna.\u00a0Skratt, glam, mat och mycket dryck och \u00e4nd\u00e5 sover jag fint och vaknar lagom till 0708-bussen.<\/p>\n<p style=\"TEXT-ALIGN: left\">Nu dj\u00e4vlar! All by myself och lagom flyt. Bl\u00e5ser rej\u00e4lt, men inga regnvibbar. Travar en halvtimme fr\u00e5n Pinan till Bj\u00f6rnhuvudet, yttersta piren i \u00d6cker\u00f6 hamn. Det \u00e4r ljust fast\u00e4n solen inte riktigt stigit upp. M\u00f6ter n\u00e5gra sk\u00e5darbilar &#8211; P\u00e5 v\u00e4g hem!!?? &#8211; Lovande!? N\u00e4r jag viker runt h\u00f6rnet p\u00e5 sista skutan och tittar ut p\u00e5 piren, f\u00e4rre sk\u00e5dare \u00e4n ig\u00e5r men omgivna av vimlande m\u00e5sar, och d\u00e4r \u00e4r den redan med blotta \u00f6gat, <strong>ROSENM\u00c5SEN<\/strong>. Ropar n\u00e4stan ut den men alla har sett och vilka stunder\u00a0p\u00e5 rosa moln\u00a0i rosa gryning. St\u00e4mningen idag uppsluppen och alla pratar med alla &#8211;\u00a0F\u00f6r mig som f\u00f6r\u00a0m\u00e5nga andra, &#8220;T\u00e4nk ig\u00e5r &#8211; Hu!!!&#8221;.<\/p>\n<p style=\"TEXT-ALIGN: left\">H\u00e4r n\u00e5gra l\u00e4nkar till bilder av David L som f\u00f6rst\u00e5s var d\u00e4r redan f\u00f6rsta dagen<\/p>\n<p style=\"TEXT-ALIGN: left\"><a href=\"https:\/\/i0.wp.com\/artportalen.se\/artportalen\/gallery\/images\/swe\/birds\/2011\/large\/357757.jpg\"><img data-recalc-dims=\"1\" loading=\"lazy\" decoding=\"async\" class=\"alignnone\" src=\"https:\/\/i0.wp.com\/artportalen.se\/artportalen\/gallery\/images\/swe\/birds\/2011\/large\/357757.jpg?resize=500%2C343\" alt=\"\" width=\"500\" height=\"343\" \/><\/a><a href=\"https:\/\/i0.wp.com\/artportalen.se\/artportalen\/gallery\/images\/swe\/birds\/2011\/large\/357760.jpg\"><img data-recalc-dims=\"1\" loading=\"lazy\" decoding=\"async\" class=\"alignnone\" src=\"https:\/\/i0.wp.com\/artportalen.se\/artportalen\/gallery\/images\/swe\/birds\/2011\/large\/357760.jpg?resize=462%2C500\" alt=\"\" width=\"462\" height=\"500\" \/><\/a><a href=\"https:\/\/i0.wp.com\/artportalen.se\/artportalen\/gallery\/images\/swe\/birds\/2011\/large\/357764.jpg\"><img data-recalc-dims=\"1\" loading=\"lazy\" decoding=\"async\" class=\"alignnone\" src=\"https:\/\/i0.wp.com\/artportalen.se\/artportalen\/gallery\/images\/swe\/birds\/2011\/large\/357764.jpg?resize=500%2C333\" alt=\"\" width=\"500\" height=\"333\" \/><\/a><\/p>\n<p style=\"TEXT-ALIGN: left\">Sv\u00e5rt att veta var man skall b\u00f6rja. Men overall p\u00e5 n\u00e4rh\u00e5ll ligger naturligtvis en ung dv\u00e4rgm\u00e5s n\u00e4ra till hands\u00a0storlek, svartvita intrycket, l\u00e4tta flykten. Diagnostiken \u00e4r uppifr\u00e5n, vit h\u00e4tta, isolerad svart fl\u00e4ck bakom bl\u00e5tira runt \u00f6gat och smal, liten n\u00e4bb. Tydliga svarta V:n p\u00e5 \u00f6vervingarna och m\u00f6rkgr\u00e5 t\u00e4ckare p\u00e5 undervingarna i kontrast mot breda vita vingbakkanter. S\u00e5 den l\u00e5nga stj\u00e4rten ytterligare f\u00f6rl\u00e4ngd av mellersta svartspetsade stj\u00e4rtpennorna! Uppe p\u00e5 piren var l\u00e5nga akterpartiet och korta ben\u00a0frapperande till snabba ryck likt en vadare (simsn\u00e4ppe-association).<\/p>\n<p style=\"TEXT-ALIGN: left\">H\u00e4r n\u00e5gra bilder av Thomas och Dennis, som om jag spekulerar r\u00e4tt hann \u00e5ka L\u00e5ngshyttan torotor, megatufft och med gott hum\u00f6r &#8211; stort grattis!<\/p>\n<p style=\"TEXT-ALIGN: left\"><a href=\"https:\/\/i0.wp.com\/artportalen.se\/artportalen\/gallery\/images\/swe\/birds\/2011\/large\/358347.jpg\"><img data-recalc-dims=\"1\" loading=\"lazy\" decoding=\"async\" class=\"alignnone\" src=\"https:\/\/i0.wp.com\/artportalen.se\/artportalen\/gallery\/images\/swe\/birds\/2011\/large\/358347.jpg?resize=500%2C332\" alt=\"\" width=\"500\" height=\"332\" \/><\/a><a href=\"https:\/\/i0.wp.com\/artportalen.se\/artportalen\/gallery\/images\/swe\/birds\/2011\/large\/358348.jpg\"><img data-recalc-dims=\"1\" loading=\"lazy\" decoding=\"async\" class=\"alignnone\" src=\"https:\/\/i0.wp.com\/artportalen.se\/artportalen\/gallery\/images\/swe\/birds\/2011\/large\/358348.jpg?resize=500%2C289\" alt=\"\" width=\"500\" height=\"289\" \/><\/a><\/p>\n<p style=\"TEXT-ALIGN: left\">Thomas kommenterar sj\u00e4lv, d\u00e5ligt ljus, regn mm. Jag tycker s\u00e4rskilt v\u00e4nstra bilden &#8220;ger&#8221; mycket, t ex vita vingbakkanten och gr\u00e5a halsboan, som \u00e4r en \u00e5ldersobunden vinterdr\u00e4ktkarakt\u00e4r! Andra bilden f\u00e5ngar vad m\u00e5nga tyckte sv\u00e5righeten att direkt plocka ut den mot unga tret\u00e5ar.<\/p>\n<p style=\"TEXT-ALIGN: left\">Tr\u00e4ffade s\u00e5 n\u00e5gra Alings\u00e5sare och vi kunde svamla om Tegelbruksviken, Bolltorp mm. Lars A erbj\u00f6d skjuts till Kr\u00e5kudden, han var sugen p\u00e5<strong> vattenpipen<\/strong> p\u00e5 \u00c4rtholmarna och jag k\u00e4nde f\u00f6r litet havsf\u00e5gelk\u00f6r vid Kr\u00e5kudden. Innan sk\u00f6nobsade vi en <strong>spetsbergsg\u00e5s<\/strong> i en 30-flock<strong> s\u00e4dg\u00e4ss<\/strong> och en rastande <strong>stormf\u00e5gel<\/strong> med <strong>tret\u00e5ar <\/strong>och <strong>rosenm\u00e5sen<\/strong> vid piren.<\/p>\n<p style=\"TEXT-ALIGN: left\">Vid parkeringen till Kr\u00e5kudden valde vi v\u00e4g, Lars startade med \u00c4rtholmarna och avslutade med Kr\u00e5kudden, jag gjorde tv\u00e4rsom. Lars drog vinstlotten, klockan 1200 passerade en <strong>adult rosenm\u00e5s<\/strong>, som tidigare siktats p\u00e5 Vedholmen och \u00d6cker\u00f6, Kr\u00e5kudden p\u00e5 b\u00e4sta avst\u00e5nd! Vad kunde jag bjuda emot som l\u00e4mnade Kr\u00e5kudden 1100!? &#8211; f\u00f6rvisso med en <strong>klykstj\u00e4rtad stormsvala<\/strong> och f\u00f6r att \u00e5teruppt\u00e4cka <strong>vattenpipl\u00e4rkan<\/strong>, till m\u00e5ngas gl\u00e4dje!<\/p>\n<p style=\"TEXT-ALIGN: left\">L\u00e4nkar bild fr\u00e5n alldeles n\u00e4r jag l\u00e4mnat den<\/p>\n<p style=\"TEXT-ALIGN: left\"><a href=\"https:\/\/i0.wp.com\/artportalen.se\/artportalen\/gallery\/images\/swe\/birds\/2011\/large\/358076.jpg\"><img data-recalc-dims=\"1\" loading=\"lazy\" decoding=\"async\" class=\"alignnone\" src=\"https:\/\/i0.wp.com\/artportalen.se\/artportalen\/gallery\/images\/swe\/birds\/2011\/large\/358076.jpg?resize=341%2C256\" alt=\"\" width=\"341\" height=\"256\" \/><\/a><\/p>\n<p style=\"TEXT-ALIGN: left\">Tack Bengt K, p\u00e5 plats som \u00f6bo! Dubbla vita vingband, utdraget (bakom \u00f6gat)\u00a0vitt \u00f6gonbrynsband, vita stj\u00e4rtsidor,\u00a0gul n\u00e4bbas, varmt brun grundf\u00e4rg. Vad som inte framg\u00e5r \u00e4r kontrasten mot gr\u00e5tt huvud och vit grund p\u00e5 undersidan. S\u00e4llskapade med <strong>sk\u00e4rpipl\u00e4rkor<\/strong> och relativt rak best\u00e4mning om man fick den i kikarsiktet. Och flera fick chansen n\u00e4r vi v\u00e4l lokaliserat pipl\u00e4rkorna.<\/p>\n<p style=\"TEXT-ALIGN: left\">Avslut sedan fr\u00e5n f\u00e4rjan n\u00e4r <strong>rosenm\u00e5sen <\/strong>l\u00e5g och kajkade med en ung <strong>dv\u00e4rgm\u00e5s<\/strong> och n\u00e5gra<strong> tret\u00e5ar<\/strong> i sundet. Det l\u00e5ngvingade, l\u00e5ngstj\u00e4rtade gjorde nu f\u00e5geln mer t\u00e4rn o\/e t\u00e4rnm\u00e5slik, flykts\u00e4ttet likas\u00e5 plus att kanske som embryo till rosaton ett r\u00f6dbrunt &#8220;cast&#8221; i dr\u00e4kten. Den var mindre lik tret\u00e5 men framf\u00f6rallt dv\u00e4rgm\u00e5s \u00e4n f\u00f6rv\u00e4ntat!<\/p>\n<p style=\"TEXT-ALIGN: left\">Bifogar l\u00e4nkar till Martin A:s suver\u00e4na videosekvenser. Ni\u00a0kan kolla och se vad ni sj\u00e4lva tycker.<\/p>\n<p style=\"TEXT-ALIGN: left\"><a href=\"http:\/\/www.youtube.com\/watch?v=wlP1KLfbzc4\">http:\/\/www.youtube.com\/watch?v=wlP1KLfbzc4<\/a><\/p>\n<p style=\"TEXT-ALIGN: left\"><a href=\"http:\/\/www.youtube.com\/watch?v=EysrfK8SX3s\">http:\/\/www.youtube.com\/watch?v=EysrfK8SX3s<\/a>\u00a0<\/p>\n<p style=\"TEXT-ALIGN: center\">\u00a0Numera sover jag gott p\u00e5 <strong><em>t\u00e4rnm\u00e5s, ism\u00e5s och rosenm\u00e5s<\/em><\/strong>!\u00a0<\/p>\n<p style=\"TEXT-ALIGN: center\">Dippen blev till slut ett h\u00e4rligt dopp i grytan!<\/p>\n","protected":false},"excerpt":{"rendered":"<p>Vi gick in i Julafton med fin konsert av kattuggla i duett med v\u00e5rsjungande r\u00f6dhake.\u00a0Anslag av v\u00e5ren, ljusare, varmt och fj\u00e4rran vinterst\u00e4mning &#8211; gott p\u00e5 3-timmars cykling tor Naturstensv\u00e4gen i M\u00f6lnlycke f\u00f6r att l\u00e4mna julblomma till &#8220;di sma&#8221;. Hann med fossekallar i Grevg\u00e5rdsd\u00e4mmet och ca 80 sidensvansar i Jobergs frukttr\u00e4d, innan egna julbordet &#8211;\u00a0lungt, stilla [&hellip;]<\/p>\n","protected":false},"author":1,"featured_media":0,"comment_status":"open","ping_status":"open","sticky":false,"template":"","format":"standard","meta":{"jetpack_post_was_ever_published":false,"_jetpack_newsletter_access":"","_jetpack_dont_email_post_to_subs":false,"_jetpack_newsletter_tier_id":0,"_jetpack_memberships_contains_paywalled_content":false,"_jetpack_memberships_contains_paid_content":false,"footnotes":"","jetpack_publicize_message":"","jetpack_publicize_feature_enabled":true,"jetpack_social_post_already_shared":false,"jetpack_social_options":{"image_generator_settings":{"template":"highway","default_image_id":0,"font":"","enabled":false},"version":2}},"categories":[4,14,13,3],"tags":[],"class_list":["post-1347","post","type-post","status-publish","format-standard","hentry","category-faltbestamning","category-goteborg","category-old-times","category-vastergarn"],"jetpack_publicize_connections":[],"jetpack_featured_media_url":"","jetpack_sharing_enabled":true,"jetpack_shortlink":"https:\/\/wp.me\/p7kiwE-lJ","jetpack-related-posts":[],"_links":{"self":[{"href":"https:\/\/olofarmini.com\/index.php?rest_route=\/wp\/v2\/posts\/1347","targetHints":{"allow":["GET"]}}],"collection":[{"href":"https:\/\/olofarmini.com\/index.php?rest_route=\/wp\/v2\/posts"}],"about":[{"href":"https:\/\/olofarmini.com\/index.php?rest_route=\/wp\/v2\/types\/post"}],"author":[{"embeddable":true,"href":"https:\/\/olofarmini.com\/index.php?rest_route=\/wp\/v2\/users\/1"}],"replies":[{"embeddable":true,"href":"https:\/\/olofarmini.com\/index.php?rest_route=%2Fwp%2Fv2%2Fcomments&post=1347"}],"version-history":[{"count":6,"href":"https:\/\/olofarmini.com\/index.php?rest_route=\/wp\/v2\/posts\/1347\/revisions"}],"predecessor-version":[{"id":1353,"href":"https:\/\/olofarmini.com\/index.php?rest_route=\/wp\/v2\/posts\/1347\/revisions\/1353"}],"wp:attachment":[{"href":"https:\/\/olofarmini.com\/index.php?rest_route=%2Fwp%2Fv2%2Fmedia&parent=1347"}],"wp:term":[{"taxonomy":"category","embeddable":true,"href":"https:\/\/olofarmini.com\/index.php?rest_route=%2Fwp%2Fv2%2Fcategories&post=1347"},{"taxonomy":"post_tag","embeddable":true,"href":"https:\/\/olofarmini.com\/index.php?rest_route=%2Fwp%2Fv2%2Ftags&post=1347"}],"curies":[{"name":"wp","href":"https:\/\/api.w.org\/{rel}","templated":true}]}}