{"id":1392,"date":"2012-02-11T21:57:49","date_gmt":"2012-02-11T19:57:49","guid":{"rendered":"http:\/\/olofarmini.com\/?p=1392"},"modified":"2012-02-12T09:46:29","modified_gmt":"2012-02-12T07:46:29","slug":"vitvingad-trut-januari-2012","status":"publish","type":"post","link":"https:\/\/olofarmini.com\/?p=1392","title":{"rendered":"Vitvingad trut januari 2012"},"content":{"rendered":"<p>\u00a0Kan inte f\u00f6rneka att rapporten om en<strong> Vitvingad trut<\/strong> 14.1 i Visby hamn i rykande storm skakade om mig\u00a0en smula. Juppen ringde &#8211; Jag hade l\u00e4mnat \u00f6n da\u00b4n innan &#8211; MED EN FLOGG I HAMNEN!!! Att ringa och meddela Anders och Janne och n\u00e5gra timmar senare p\u00e5 cyberorkanv\u00e5gor h\u00f6ra om det fantastiska fyndet fr\u00e5n exalterade lyckliga!!\u00a0Jag f\u00f6rs\u00f6kte sjunka in i minnet av 12.2 1989 p\u00e5 N\u00e4sudden, d\u00e5 Anders Gardelin, Harald Norrby och jag klippte den f\u00f6rsta &#8220;officiella&#8221;<strong> Vitvingade truten<\/strong> p\u00e5 Gotland och begreppet <strong>ADJUNKTSVR\u00c5LET <\/strong>myntades. Icke att f\u00f6rv\u00e4xla med det\u00a0redan tidigare\u00a0k\u00e4nda begreppet <strong>ADJUNKTSSKR\u00c5LET<\/strong>.<\/p>\n<div class=\"mceTemp\">\u00a0Juppen tog den fina bilden nedan!\u00a0<\/div>\n<p>\u00a0<\/p>\n<p>\u00a0<\/p>\n<div style=\"width: 510px\" class=\"wp-caption alignnone\"><a href=\"https:\/\/i0.wp.com\/artportalen.se\/artportalen\/gallery\/images\/swe\/birds\/2012\/large\/361948.jpg\"><img data-recalc-dims=\"1\" loading=\"lazy\" decoding=\"async\" title=\"Jorgen\" src=\"https:\/\/i0.wp.com\/artportalen.se\/artportalen\/gallery\/images\/swe\/birds\/2012\/large\/361948.jpg?resize=500%2C314\" alt=\"Jorgen\" width=\"500\" height=\"314\" \/><\/a><p class=\"wp-caption-text\">Jorgen<\/p><\/div>\n<p>\u00a0<\/p>\n<p>\u00a0<\/p>\n<div class=\"mceTemp\">\u00a0Men ett knappt dygn senare\u00a0blixtrade BMS-larmet p\u00e5 min dator till,\u00a0en <strong>Vitvingad trut<\/strong> vid G\u00f6ta \u00c4lvbron och jag\u00a0flydde Islandspackningen f\u00f6r en stund.\u00a0S\u00e5 satt den d\u00e4r n\u00e4stan identiskt lik Gotlandsf\u00e5geln. Samma \u00e5lder 3K och samma typ. En suck av l\u00e4ttnad &#8211;<\/div>\n<div class=\"mceTemp\">\u00a0<\/div>\n<div class=\"mceTemp\">&#8211; ytterligare n\u00e5gra dagar senare frossade jag i vitvingade trutar p\u00e5 Island.<\/div>\n<div class=\"mceTemp\">\u00a0<\/div>\n<div class=\"mceTemp\">Den nominata\u00a0<strong>Vitvingade truten (Larus glaucoides)<\/strong> h\u00e4ckar\u00a0exklusivt p\u00e5 s\u00f6dra\u00a0Gr\u00f6nland, varifr\u00e5n m\u00e5nga vintertid drar \u00f6sterut till Island. En del forts\u00e4tter l\u00e4ngre \u00f6sterut till F\u00e4r\u00f6arna, Skottland, v\u00e4stra Norge och kan vissa \u00e5r till slut hamna i Sverige.<\/div>\n<div class=\"mceTemp\">Den <strong>Vitvingade truten<\/strong> tillh\u00f6r ett &#8211; \u00a0exklusivt h\u00e4ckande\u00a0i aktiska Nearktis &#8211; artkomplex som ocks\u00e5 omfattar rasen <strong>Baffintrut (Larus glaucoides <em>kumlieni<\/em>)<\/strong> och arten <strong>Thayertrut (Larus thayeri<\/strong>). Dom \u00e4r snarlika men v\u00e4sterut blir <strong>handpennespetsarna<\/strong> allt m\u00f6rkare, <strong>teckningar p\u00e5 huvud och kropp<\/strong> gr\u00f6vre, liksom<strong> huvud och n\u00e4bb<\/strong> \u00e4r n\u00e5got st\u00f6rre och kantigare. I vissa l\u00e4gen kan nog en gammal <strong>Thayertrut <\/strong>tas f\u00f6r en liten och ljus gr\u00e5trut. Trots n\u00e4rmast subtila skillnader\u00a0\u00e4r detta den f\u00f6rh\u00e4rskande taxonomiska uppfattningen bland auktorer.<\/div>\n<div class=\"mceTemp\">\u00a0<\/div>\n<div class=\"mceTemp\"><strong>Baffintruten<\/strong> h\u00e4ckar &#8211; f\u00f6rst\u00e5s &#8211;\u00a0p\u00e5 \u00f6stra Baffin\u00f6n och en del drar vintertid s\u00f6derut l\u00e4ngs \u00f6stra USA. <strong>Thayertruten<\/strong> tar vid p\u00e5 v\u00e4stra Baffin\u00f6n och v\u00e4sterut l\u00e4ngs Kanadas Ishavskust. En del\u00a0<strong>Thayertrutar<\/strong> \u00f6vervintrar vid USAs Stilla Havskust.<\/div>\n<div class=\"mceTemp\">\u00a0<\/div>\n<div class=\"mceTemp\">I \u00e5r\u00a0har h\u00e5rt v\u00e4der kring jul\u00a0p\u00e5 Gr\u00f6nland och v\u00e4sterut l\u00e4ngs ishavskusten drivit m\u00e4ngder av <strong>Vitvingade trutar<\/strong> s\u00f6derut. De som hamnat i Nordatlanten har i stor omfattning sugits med av v\u00e4stliga storm- och orkanvindar. Detta har haft till f\u00f6ljd att oanade m\u00e4ngder hamnat p\u00e5 Island, F\u00e4r\u00f6arna och \u00f6sterut. I Sverige har setts n\u00e5got tiotal hittills, tom p\u00e5 \u00f6stkusten, Sm\u00e5land, \u00d6land och som sagt p\u00e5 Gotland. Inslaget av best\u00e4mda <strong>Baffintrutar<\/strong> har varit markant. En har setts p\u00e5 V\u00e4stkusten i Halland och ig\u00e5r rapporterades\u00a05 <strong>Baffintrutar<\/strong> och 2 vanliga <strong>Vitvingade trutar<\/strong> fr\u00e5n Hanstholm p\u00e5 Danmarks v\u00e4stkust. Fr\u00e5n F\u00e4r\u00f6arna finns tom vibbar om en gammal <strong>Thayertrut<\/strong>!<\/div>\n<div class=\"mceTemp\">F\u00f6r den som vill jobba p\u00e5 dessa former finns uts\u00f6kta bilder och kommentarer p\u00e5 Svalan och p\u00e5<\/div>\n<div class=\"mceTemp\"><a href=\"http:\/\/birdingfaroes.wordpress.com\/\">http:\/\/birdingfaroes.wordpress.com\/<\/a><\/div>\n<div class=\"mceTemp\">Thayertruten speciellt, en trevlig ber\u00e4ttelse med roliga bilder:<\/div>\n<div class=\"mceTemp\"><a href=\"http:\/\/birdingfaroes.wordpress.com\/2012\/01\/21\/dark-white-winged-gull\/\">http:\/\/birdingfaroes.wordpress.com\/2012\/01\/21\/dark-white-winged-gull\/<\/a><\/div>\n<div class=\"mceTemp\">\u00a0<\/div>\n<div class=\"mceTemp\">Island var ju rena guldgruvan med tusentals <strong>Vitvingade trutar<\/strong>, m\u00e5nga av <strong>Baffintyp<\/strong> och \u00e5tminstone en av\u00a0<strong>Thayertyp<\/strong>. Den sistn\u00e4mnda s\u00e5gs lika bra som F\u00e4r\u00f6f\u00e5geln men var mer klassisk! Den stod p\u00e5 n\u00e5gra meters h\u00e5ll p\u00e5 en pontonbrygga tillsammans med n\u00e5gra <strong>Vitvingade trutar<\/strong>, tv\u00e5 av <strong>Baffintyp<\/strong> och en gammal \u00e4kta <strong>Gr\u00e5trut<\/strong>! Den gjorde ocks\u00e5 n\u00e5gra sm\u00e5 flygturer f\u00f6r att visa upp sig.<\/div>\n<div class=\"mceTemp\">\u00a0<\/div>\n<div class=\"mceTemp\" style=\"TEXT-ALIGN: center\"><strong><em>K\u00e4nns som man varit mitt i detta h\u00e4rliga race!!!<\/em><\/strong><\/div>\n<div class=\"mceTemp\" style=\"TEXT-ALIGN: center\"><strong><em>\u00a0<\/em><\/strong><\/div>\n<div class=\"mceTemp\">\u00a0<\/div>\n<div class=\"mceTemp\">\u00a0<\/div>\n<p>\u00a0<\/p>\n<div class=\"mceTemp\">\u00a0<\/div>\n<div class=\"mceTemp\">\u00a0\u00a0<\/div>\n<div class=\"mceTemp\">\u00a0<\/div>\n<div class=\"mceTemp\">\u00a0<\/div>\n","protected":false},"excerpt":{"rendered":"<p>\u00a0Kan inte f\u00f6rneka att rapporten om en Vitvingad trut 14.1 i Visby hamn i rykande storm skakade om mig\u00a0en smula. Juppen ringde &#8211; Jag hade l\u00e4mnat \u00f6n da\u00b4n innan &#8211; MED EN FLOGG I HAMNEN!!! Att ringa och meddela Anders och Janne och n\u00e5gra timmar senare p\u00e5 cyberorkanv\u00e5gor h\u00f6ra om det fantastiska fyndet fr\u00e5n exalterade [&hellip;]<\/p>\n","protected":false},"author":1,"featured_media":0,"comment_status":"open","ping_status":"open","sticky":false,"template":"","format":"standard","meta":{"jetpack_post_was_ever_published":false,"_jetpack_newsletter_access":"","_jetpack_dont_email_post_to_subs":false,"_jetpack_newsletter_tier_id":0,"_jetpack_memberships_contains_paywalled_content":false,"_jetpack_memberships_contains_paid_content":false,"footnotes":"","jetpack_publicize_message":"","jetpack_publicize_feature_enabled":true,"jetpack_social_post_already_shared":false,"jetpack_social_options":{"image_generator_settings":{"template":"highway","default_image_id":0,"font":"","enabled":false},"version":2}},"categories":[4,14,13,15,3],"tags":[],"class_list":["post-1392","post","type-post","status-publish","format-standard","hentry","category-faltbestamning","category-goteborg","category-old-times","category-resor","category-vastergarn"],"jetpack_publicize_connections":[],"jetpack_featured_media_url":"","jetpack_sharing_enabled":true,"jetpack_shortlink":"https:\/\/wp.me\/p7kiwE-ms","jetpack-related-posts":[],"_links":{"self":[{"href":"https:\/\/olofarmini.com\/index.php?rest_route=\/wp\/v2\/posts\/1392","targetHints":{"allow":["GET"]}}],"collection":[{"href":"https:\/\/olofarmini.com\/index.php?rest_route=\/wp\/v2\/posts"}],"about":[{"href":"https:\/\/olofarmini.com\/index.php?rest_route=\/wp\/v2\/types\/post"}],"author":[{"embeddable":true,"href":"https:\/\/olofarmini.com\/index.php?rest_route=\/wp\/v2\/users\/1"}],"replies":[{"embeddable":true,"href":"https:\/\/olofarmini.com\/index.php?rest_route=%2Fwp%2Fv2%2Fcomments&post=1392"}],"version-history":[{"count":13,"href":"https:\/\/olofarmini.com\/index.php?rest_route=\/wp\/v2\/posts\/1392\/revisions"}],"predecessor-version":[{"id":1405,"href":"https:\/\/olofarmini.com\/index.php?rest_route=\/wp\/v2\/posts\/1392\/revisions\/1405"}],"wp:attachment":[{"href":"https:\/\/olofarmini.com\/index.php?rest_route=%2Fwp%2Fv2%2Fmedia&parent=1392"}],"wp:term":[{"taxonomy":"category","embeddable":true,"href":"https:\/\/olofarmini.com\/index.php?rest_route=%2Fwp%2Fv2%2Fcategories&post=1392"},{"taxonomy":"post_tag","embeddable":true,"href":"https:\/\/olofarmini.com\/index.php?rest_route=%2Fwp%2Fv2%2Ftags&post=1392"}],"curies":[{"name":"wp","href":"https:\/\/api.w.org\/{rel}","templated":true}]}}