{"id":1425,"date":"2012-03-01T17:58:29","date_gmt":"2012-03-01T15:58:29","guid":{"rendered":"http:\/\/olofarmini.com\/?p=1425"},"modified":"2012-03-01T17:58:29","modified_gmt":"2012-03-01T15:58:29","slug":"vintern-11-12","status":"publish","type":"post","link":"https:\/\/olofarmini.com\/?p=1425","title":{"rendered":"Vintern 11-12"},"content":{"rendered":"<p>Mars! &#8211; v\u00e5ren \u00e4r h\u00e4r! Den sista extra skottvinterdagen med v\u00e4rme som aldrig f\u00f6rr och en h\u00e4rlig cykeltur, tre <strong>svartkappor <\/strong>bland alla <strong>gr\u00e5kappor<\/strong> l\u00e4ngs S\u00f6dra v\u00e4gen mellan M\u00f6lndal och Fr\u00f6lunda. En f\u00f6rvisso bara<strong> sl\u00e4ngkappa<\/strong> (<em>hybrid<\/em>) men \u00e4nd\u00e5! &#8211; Vad\u00e5, jo <strong>kr\u00e5kor<\/strong> och kopplingen far os\u00f6kt till senaste numren av RR och diskussionen kring den f\u00e4ltm\u00e4ssiga och\/eller akademiska artindelningen av AVES!!!<\/p>\n<p>Som f\u00f6rutsp\u00e5tt har nu artsplittarna och ayatollorna i sk\u00e5dandets \u00f6vre sf\u00e4rer\u00a0f\u00e5tt byx\u00e5ngest. N\u00e4r genanalytikerna tar \u00f6ver g\u00e4ller inte l\u00e4ngre deras \u00f6verh\u00f6ghet. \u00d6verl\u00e4gsen f\u00e4lterfarenhet, kameror, paraboler, ringm\u00e4rkning kan sl\u00e4nga sig i v\u00e4ggen vid artningen!<\/p>\n<p>Intressant att g\u00e5 en ny tid till m\u00f6tes.<\/p>\n<p>De tre vinterm\u00e5naderna har gett ett fint havsf\u00e5gelrace, men jag suktar fortfarande <strong>stormsvala<\/strong>. <strong>Petrellen<\/strong> och <strong>bruntrastarna <\/strong>sved v\u00e4l en aning ocks\u00e5. Men, men inga av dessa lifers s\u00e5 jag v\u00e4rderade <strong>rosenm\u00e5sen<\/strong> h\u00f6gre!! Sopat litet bland invasionsarterna, <strong>sparvuggla<\/strong> och <strong>b\u00e4ndel<\/strong> insk\u00e5pade p\u00e5 \u00c4ngg\u00e5rden. <strong>Vitvingad trut<\/strong> i \u00e4lven, f\u00f6rst\u00e5ss.<\/p>\n<p>Sekund\u00e4rnoteringar p\u00e5 <strong>dv\u00e4rgsparv, tallsparv<\/strong> (vibbar fr\u00e5n Sv\u00e4ltis-08 med Anders) och <strong>r\u00f6dbukig svart r\u00f6dstj\u00e4rt<\/strong> nu fastst\u00e4lld <em><strong>&#8220;phoenicuroides&#8221;<\/strong><\/em> ( Nordens f\u00f6rsta obs med Anders Gardelin, Harald Norrby och David Armini).<\/p>\n<p>Huj va lungt men\u00a0propert och snyggt!<\/p>\n","protected":false},"excerpt":{"rendered":"<p>Mars! &#8211; v\u00e5ren \u00e4r h\u00e4r! Den sista extra skottvinterdagen med v\u00e4rme som aldrig f\u00f6rr och en h\u00e4rlig cykeltur, tre svartkappor bland alla gr\u00e5kappor l\u00e4ngs S\u00f6dra v\u00e4gen mellan M\u00f6lndal och Fr\u00f6lunda. En f\u00f6rvisso bara sl\u00e4ngkappa (hybrid) men \u00e4nd\u00e5! &#8211; Vad\u00e5, jo kr\u00e5kor och kopplingen far os\u00f6kt till senaste numren av RR och diskussionen kring den f\u00e4ltm\u00e4ssiga [&hellip;]<\/p>\n","protected":false},"author":1,"featured_media":0,"comment_status":"open","ping_status":"open","sticky":false,"template":"","format":"standard","meta":{"jetpack_post_was_ever_published":false,"_jetpack_newsletter_access":"","_jetpack_dont_email_post_to_subs":false,"_jetpack_newsletter_tier_id":0,"_jetpack_memberships_contains_paywalled_content":false,"_jetpack_memberships_contains_paid_content":false,"footnotes":"","jetpack_publicize_message":"","jetpack_publicize_feature_enabled":true,"jetpack_social_post_already_shared":false,"jetpack_social_options":{"image_generator_settings":{"template":"highway","default_image_id":0,"font":"","enabled":false},"version":2}},"categories":[4,14,3],"tags":[],"class_list":["post-1425","post","type-post","status-publish","format-standard","hentry","category-faltbestamning","category-goteborg","category-vastergarn"],"jetpack_publicize_connections":[],"jetpack_featured_media_url":"","jetpack_sharing_enabled":true,"jetpack_shortlink":"https:\/\/wp.me\/p7kiwE-mZ","jetpack-related-posts":[],"_links":{"self":[{"href":"https:\/\/olofarmini.com\/index.php?rest_route=\/wp\/v2\/posts\/1425","targetHints":{"allow":["GET"]}}],"collection":[{"href":"https:\/\/olofarmini.com\/index.php?rest_route=\/wp\/v2\/posts"}],"about":[{"href":"https:\/\/olofarmini.com\/index.php?rest_route=\/wp\/v2\/types\/post"}],"author":[{"embeddable":true,"href":"https:\/\/olofarmini.com\/index.php?rest_route=\/wp\/v2\/users\/1"}],"replies":[{"embeddable":true,"href":"https:\/\/olofarmini.com\/index.php?rest_route=%2Fwp%2Fv2%2Fcomments&post=1425"}],"version-history":[{"count":1,"href":"https:\/\/olofarmini.com\/index.php?rest_route=\/wp\/v2\/posts\/1425\/revisions"}],"predecessor-version":[{"id":1426,"href":"https:\/\/olofarmini.com\/index.php?rest_route=\/wp\/v2\/posts\/1425\/revisions\/1426"}],"wp:attachment":[{"href":"https:\/\/olofarmini.com\/index.php?rest_route=%2Fwp%2Fv2%2Fmedia&parent=1425"}],"wp:term":[{"taxonomy":"category","embeddable":true,"href":"https:\/\/olofarmini.com\/index.php?rest_route=%2Fwp%2Fv2%2Fcategories&post=1425"},{"taxonomy":"post_tag","embeddable":true,"href":"https:\/\/olofarmini.com\/index.php?rest_route=%2Fwp%2Fv2%2Ftags&post=1425"}],"curies":[{"name":"wp","href":"https:\/\/api.w.org\/{rel}","templated":true}]}}