{"id":1616,"date":"2012-10-09T10:21:12","date_gmt":"2012-10-09T08:21:12","guid":{"rendered":"http:\/\/olofarmini.com\/?p=1616"},"modified":"2012-10-09T10:21:13","modified_gmt":"2012-10-09T08:21:13","slug":"5-final-30-september-12","status":"publish","type":"post","link":"https:\/\/olofarmini.com\/?p=1616","title":{"rendered":"5 Final 30 september-12"},"content":{"rendered":"<p>Vi tog det lungt, st\u00e4dade och jag fick litet hicka n\u00e4r en <strong>grans\u00e5ngare<\/strong> smatt in i h\u00e4cken utanf\u00f6r dasset. S\u00e5 fixade &#8211;\u00a0cybern igen &#8211;\u00a0biljetter till Gotland.<\/p>\n<p>Jag kunde ocks\u00e5 konstatera att jag bet av en tand ig\u00e5r. Litet pilligt men jag \u00e4r van, minst femtioelfte g\u00e5ngen.<\/p>\n<p>Vi for litet vagt tv\u00e4rs \u00f6ver \u00f6n till Triberga l\u00e4ge, som vi inte hittade. Blev ist\u00e4llet gamla favoriten Sten\u00e5sabaden. Ett verkligt fint f\u00e5geltorn, i l\u00e4 f\u00f6r den vassa Sydv\u00e4stvinden, aj-aj havsf\u00e5glar p\u00e5 V\u00e4stkusten. Men f\u00f6rsent att t\u00e4nka p\u00e5.<\/p>\n<p>Nj\u00f6t ett fint str\u00e4ck av \u00e4nder och g\u00e4ss och <strong>tusentals tranor<\/strong> p\u00e5 \u00e4ngarna. Pl\u00f6tsligt skevade en <strong>vitkindflock<\/strong> och v\u00e4nde. Inte konstigt n\u00e4r en pr\u00e4ktig <strong>JAKTFALK<\/strong>\u00a0\u00a0kom in n\u00e4stan inom n\u00e4rgr\u00e4nsen. Torde vara samma falk som sedan hittades litet norr om Sten\u00e5sa men sedan till dags dato parkerat kring Ottenby. Gamle v\u00e4nnen Ragnar st\u00e5r f\u00f6r foto p\u00e5 den gynnaren.<\/p>\n<p><a href=\"http:\/\/olofarmini.com\/?attachment_id=1617\" rel=\"attachment wp-att-1617\"><img data-recalc-dims=\"1\" loading=\"lazy\" decoding=\"async\" data-attachment-id=\"1617\" data-permalink=\"https:\/\/olofarmini.com\/?attachment_id=1617\" data-orig-file=\"https:\/\/i0.wp.com\/olofarmini.com\/wp-content\/uploads\/2012\/10\/437611.jpg?fit=500%2C304&amp;ssl=1\" data-orig-size=\"500,304\" data-comments-opened=\"1\" data-image-meta=\"{&quot;aperture&quot;:&quot;0&quot;,&quot;credit&quot;:&quot;&quot;,&quot;camera&quot;:&quot;&quot;,&quot;caption&quot;:&quot;&quot;,&quot;created_timestamp&quot;:&quot;0&quot;,&quot;copyright&quot;:&quot;&quot;,&quot;focal_length&quot;:&quot;0&quot;,&quot;iso&quot;:&quot;0&quot;,&quot;shutter_speed&quot;:&quot;0&quot;,&quot;title&quot;:&quot;&quot;}\" data-image-title=\"437611\" data-image-description=\"\" data-image-caption=\"\" data-large-file=\"https:\/\/i0.wp.com\/olofarmini.com\/wp-content\/uploads\/2012\/10\/437611.jpg?fit=500%2C304&amp;ssl=1\" class=\"alignnone size-medium wp-image-1617\" title=\"437611\" src=\"https:\/\/i0.wp.com\/olofarmini.com\/wp-content\/uploads\/2012\/10\/437611-300x182.jpg?resize=300%2C182\" alt=\"\" width=\"300\" height=\"182\" srcset=\"https:\/\/i0.wp.com\/olofarmini.com\/wp-content\/uploads\/2012\/10\/437611.jpg?resize=300%2C182&amp;ssl=1 300w, https:\/\/i0.wp.com\/olofarmini.com\/wp-content\/uploads\/2012\/10\/437611.jpg?w=500&amp;ssl=1 500w\" sizes=\"auto, (max-width: 300px) 100vw, 300px\" \/><\/a><\/p>\n<p>V\u00e4nd f\u00e5gel \u00e5t andra h\u00e5llet och 20m upp mot himlen!<\/p>\n<p>Strax d\u00e4rp\u00e5 hade vi en <strong>vitn\u00e4bbad islom,<\/strong> med en del kvar av sommardr\u00e4kten\u00a0och m\u00f6jligen en <strong>islom<\/strong> till. Liksom andra lommar\u00a0passerade de i en riktning mot SO och besannade vad n\u00e5gon sagt att man l\u00e4ngre s\u00f6derut p\u00e5 \u00d6lands ostkust \u00a0missade en del str\u00e4ck fa labbar och lommar, som s\u00e5gs i Triberga och Sten\u00e5sa.<\/p>\n<p>Lagom efter denna eruption d\u00f6k ett tysk-svenskt par upp och man fick\u00a0 damma av gamla skoltyskan. Tyskans svenska fl\u00f6t mycket b\u00e4ttre \u00e4n min tyska. Ensamma igen kl\u00e4mde vi <strong>tv\u00e5 grans\u00e5ngare<\/strong>, varav en brun rackare, och en <strong>mindre flugsnappare<\/strong>.<\/p>\n<p>Lagom efter detta d\u00f6k Bj\u00f6rn L med g\u00e4ng upp. Fullt sj\u00e5 att h\u00e5lla st\u00e5ngen med v\u00e5ra obsar mot hans egna och alla rapporter fr\u00e5n V\u00e4stkusten. Det blev dock ett bra avslut och via vindpinat och f\u00e5geltomt M\u00f6ckelmossen \u00f6ver en k\u00f6fri bro och god marginal till Oskarshamn. Vi hann tom med att se litet <strong>dovvilt<\/strong> som vi missat i Ottenby.<\/p>\n<p>Behagligt caf\u00e9 i Oskarshamn och behaglig b\u00e5ttur. Sedan Vibblehallen och hem-ljuva-hem och snart varmt vatten, go v\u00e4rme och en sk\u00f6n s\u00e4ng!<\/p>\n<p>En varmt tack till alla som berikat denna vecka. Och framallt ett gl\u00f6dhett tack till Anders.<\/p>\n","protected":false},"excerpt":{"rendered":"<p>Vi tog det lungt, st\u00e4dade och jag fick litet hicka n\u00e4r en grans\u00e5ngare smatt in i h\u00e4cken utanf\u00f6r dasset. S\u00e5 fixade &#8211;\u00a0cybern igen &#8211;\u00a0biljetter till Gotland. Jag kunde ocks\u00e5 konstatera att jag bet av en tand ig\u00e5r. Litet pilligt men jag \u00e4r van, minst femtioelfte g\u00e5ngen. Vi for litet vagt tv\u00e4rs \u00f6ver \u00f6n till Triberga [&hellip;]<\/p>\n","protected":false},"author":2,"featured_media":0,"comment_status":"open","ping_status":"open","sticky":false,"template":"","format":"standard","meta":{"jetpack_post_was_ever_published":false,"_jetpack_newsletter_access":"","_jetpack_dont_email_post_to_subs":false,"_jetpack_newsletter_tier_id":0,"_jetpack_memberships_contains_paywalled_content":false,"_jetpack_memberships_contains_paid_content":false,"footnotes":"","jetpack_publicize_message":"","jetpack_publicize_feature_enabled":true,"jetpack_social_post_already_shared":false,"jetpack_social_options":{"image_generator_settings":{"template":"highway","default_image_id":0,"font":"","enabled":false},"version":2}},"categories":[1],"tags":[],"class_list":["post-1616","post","type-post","status-publish","format-standard","hentry","category-uncategorized"],"jetpack_publicize_connections":[],"jetpack_featured_media_url":"","jetpack_sharing_enabled":true,"jetpack_shortlink":"https:\/\/wp.me\/p7kiwE-q4","jetpack-related-posts":[],"_links":{"self":[{"href":"https:\/\/olofarmini.com\/index.php?rest_route=\/wp\/v2\/posts\/1616","targetHints":{"allow":["GET"]}}],"collection":[{"href":"https:\/\/olofarmini.com\/index.php?rest_route=\/wp\/v2\/posts"}],"about":[{"href":"https:\/\/olofarmini.com\/index.php?rest_route=\/wp\/v2\/types\/post"}],"author":[{"embeddable":true,"href":"https:\/\/olofarmini.com\/index.php?rest_route=\/wp\/v2\/users\/2"}],"replies":[{"embeddable":true,"href":"https:\/\/olofarmini.com\/index.php?rest_route=%2Fwp%2Fv2%2Fcomments&post=1616"}],"version-history":[{"count":2,"href":"https:\/\/olofarmini.com\/index.php?rest_route=\/wp\/v2\/posts\/1616\/revisions"}],"predecessor-version":[{"id":1619,"href":"https:\/\/olofarmini.com\/index.php?rest_route=\/wp\/v2\/posts\/1616\/revisions\/1619"}],"wp:attachment":[{"href":"https:\/\/olofarmini.com\/index.php?rest_route=%2Fwp%2Fv2%2Fmedia&parent=1616"}],"wp:term":[{"taxonomy":"category","embeddable":true,"href":"https:\/\/olofarmini.com\/index.php?rest_route=%2Fwp%2Fv2%2Fcategories&post=1616"},{"taxonomy":"post_tag","embeddable":true,"href":"https:\/\/olofarmini.com\/index.php?rest_route=%2Fwp%2Fv2%2Ftags&post=1616"}],"curies":[{"name":"wp","href":"https:\/\/api.w.org\/{rel}","templated":true}]}}