{"id":1733,"date":"2012-12-30T18:49:55","date_gmt":"2012-12-30T16:49:55","guid":{"rendered":"http:\/\/olofarmini.com\/?p=1733"},"modified":"2012-12-30T18:49:55","modified_gmt":"2012-12-30T16:49:55","slug":"sistaforsta-dagen-201213","status":"publish","type":"post","link":"https:\/\/olofarmini.com\/?p=1733","title":{"rendered":"Sista\/f\u00f6rsta dagen 2012\/13"},"content":{"rendered":"<p>Sista dagen 2012 i siktsk\u00e5ran, det \u00e4r kv\u00e4ll 30 december och snart ett nytt \u00e5r 2013.<\/p>\n<p>2012 startade\u00a0med en rasande start p\u00e5 Gotlandslistan. Efter 14 dagar l\u00e5g vi i topp, Anders och jag. Inga superrarrisar men gediget.<\/p>\n<p>Tyv\u00e4rr ramlade rarrisarna in lagom till att jag var tillbaka i G\u00f6tet. Kompenserade med en h\u00e4rlig vecka i Reykjavik, f\u00f6rst\u00e5s vitvingade trutar p\u00e5 l\u00e4ngden och bredden. Men ocks\u00e5 jaktfalkar, fj\u00e4lluggla, ringn\u00e4bbade m\u00e5sar, valross och sp\u00e4ckhuggare som appetizers!<\/p>\n<p>En liten Danmarkstur innan februari g\u00e5tt till \u00e4nda. Ingen gr\u00e5vingad trut men litet sm\u00e5puttrigt som tr\u00e4dg\u00e5rdstr\u00e4dkrypare och bomlaerker.<\/p>\n<p>Trevligt mellanspel med exkursion till Amund\u00f6n med GOFs seniorer innan n\u00e4sta Gotlandsattack. Grymt framg\u00e5ngsrik, praktejdrar i aldrig tidigare omfattning, islommar, svarta r\u00f6dstj\u00e4rtar, fj\u00e4llg\u00e4ss, ringtrastar, gulh\u00e4mpling mm p\u00e5\u00a0bara tre veckor i b\u00f6rjan av april! Men tungviktarna p\u00e5 Gotlandslistan ouppn\u00e5eliga!<\/p>\n<p>Tillbaka p\u00e5 framsidan lyckade drag p\u00e5 svarthakad busk, 2 ex och s\u00e5 superdraget med David 8:e maj, amerikansk sj\u00f6orre och vitnackad sv\u00e4rta i gigantisk sj\u00f6orreflock vid klapperstenen i P\u00e5arp. F\u00f6ga anade vi att vi prickade en problematik, som kom att rasa ett halv\u00e5r senare, n\u00e4r vi p\u00e5pekade hur sv\u00e5r amerikanen var att arta head-on.<\/p>\n<p>Detta finns anledning att \u00e5terkomma till och ger kopplingar till artning generellt mellan n\u00e4rbesl\u00e4ktade\u00a0snarlika artpar utanf\u00f6r respektive utbredningsomr\u00e5den.<\/p>\n<p>David och jag gjorde ett s\u00e5dant jobb med en gr\u00f6nlandsg\u00e5s p\u00e5 Getter\u00f6n 6:e juni.<\/p>\n<p>S\u00e5 ny flygande start p\u00e5 tredje Gotlandsturen. F\u00f6rst\u00e5s Anders vid ratten eller cykelstyret till s\u00e5v\u00e4l flods\u00e5ngare, mindre flug som tornuggla. Kul med h\u00e4ckning av pungmes och Sveriges f\u00f6rsta \u00e4gretth\u00e4ckning men i \u00f6vrigt Gotlandsovanligt tr\u00f6gt. Dr\u00e5pslaget f\u00f6rst\u00e5s missen med fl\u00e4ckdrillen p\u00e5 N\u00e4rsholmen i juli &#8211; ack ja!<\/p>\n<p>Hann en havsf\u00e5gelsk\u00e5dning p\u00e5 h\u00f6sten, d\u00e5liga vindar, med tv\u00e5 lirarter och tre diton labbar. S\u00e5 kom Anders i slutet av september f\u00f6r havsf\u00e5glar men det blev annat godis!<\/p>\n<p>F\u00f6rst Halland med isl\u00e4ndska r\u00f6dspovar, toppskarvar, st\u00e4pph\u00f6k och f\u00f6rst\u00e4rkta med David st\u00f6rre pipl\u00e4rka och pr\u00e4riel\u00f6pare. S\u00e5 ett dj\u00e4rvt v\u00e4gval &#8211; direkt till \u00d6land och en LIFER, \u00e5rets enda, gulbr\u00f6stad sn\u00e4ppa.<\/p>\n<p>Som vanligt blev det trots allt allra b\u00e4st &#8220;hemma&#8221; p\u00e5 Gotland igen. Vingbandss\u00e5ngare, jaktfalk och r\u00f6dhalsad g\u00e5s stegrades till bl\u00e5stj\u00e4rt och den fam\u00f6sa fl\u00e4ckdrillen.<\/p>\n<p>Den sistn\u00e4mnda fortsatte sp\u00f6ka n\u00e4r (d)en d\u00f6k upp p\u00e5 \u00d6land 2-3:e december! &#8211;\u00a0d\u00e5 den fr\u00f6s ihj\u00e4l och blev musamat????<\/p>\n<p>I slutet av oktober en Rhodosvecka med precis perfekt pansjo sk\u00e5dning, lungt och\u00a0fint och lagom m\u00e5nga lagom sv\u00e5ra arter.<\/p>\n<p>Avslutade med ett sp\u00e4nnande Hallandsk\u00f6r med David i f\u00f6rsta decemberveckan, d\u00e5 Kung Bore f\u00e5tt ned s\u00f6dra Sevrige i brygga. Blev mest sn\u00f6pulsning i gnistrande sol.<\/p>\n<p>Ocks\u00e5 en knapp vecka p\u00e5 Gotland d\u00e4refter gick i samma tecken.<\/p>\n<p>Laddar\u00a0nu inf\u00f6r 2013. Hoppas f\u00e5 med mig David f\u00f6r bra v\u00e4stkustare, s\u00e5 blir det Island en dryg vecka och i b\u00f6rjan av februari Gotland. Uganda har varit p\u00e5 tal men hinns knappast med om inte april blir ett alternativ.<\/p>\n<p><a href=\"http:\/\/olofarmini.com\/?attachment_id=1725\" rel=\"attachment wp-att-1725\"><img data-recalc-dims=\"1\" loading=\"lazy\" decoding=\"async\" data-attachment-id=\"1725\" data-permalink=\"https:\/\/olofarmini.com\/?attachment_id=1725\" data-orig-file=\"https:\/\/i0.wp.com\/olofarmini.com\/wp-content\/uploads\/2012\/12\/bild-3.jpg?fit=1536%2C1152&amp;ssl=1\" data-orig-size=\"1536,1152\" data-comments-opened=\"1\" data-image-meta=\"{&quot;aperture&quot;:&quot;8&quot;,&quot;credit&quot;:&quot;&quot;,&quot;camera&quot;:&quot;Canon DIGITAL IXUS 70&quot;,&quot;caption&quot;:&quot;&quot;,&quot;created_timestamp&quot;:&quot;1354536482&quot;,&quot;copyright&quot;:&quot;&quot;,&quot;focal_length&quot;:&quot;5.8&quot;,&quot;iso&quot;:&quot;80&quot;,&quot;shutter_speed&quot;:&quot;0.005&quot;,&quot;title&quot;:&quot;&quot;}\" data-image-title=\"bild 3\" data-image-description=\"\" data-image-caption=\"\" data-large-file=\"https:\/\/i0.wp.com\/olofarmini.com\/wp-content\/uploads\/2012\/12\/bild-3.jpg?fit=1024%2C768&amp;ssl=1\" class=\"alignnone size-medium wp-image-1725\" title=\"bild 3\" src=\"https:\/\/i0.wp.com\/olofarmini.com\/wp-content\/uploads\/2012\/12\/bild-3-300x225.jpg?resize=300%2C225\" alt=\"\" width=\"300\" height=\"225\" srcset=\"https:\/\/i0.wp.com\/olofarmini.com\/wp-content\/uploads\/2012\/12\/bild-3.jpg?resize=300%2C225&amp;ssl=1 300w, https:\/\/i0.wp.com\/olofarmini.com\/wp-content\/uploads\/2012\/12\/bild-3.jpg?resize=1024%2C768&amp;ssl=1 1024w, https:\/\/i0.wp.com\/olofarmini.com\/wp-content\/uploads\/2012\/12\/bild-3.jpg?w=1536&amp;ssl=1 1536w\" sizes=\"auto, (max-width: 300px) 100vw, 300px\" \/><\/a><\/p>\n<p style=\"text-align: center;\">TACK F\u00d6R ETT FINT 2012 OCH GOTT NYTT \u00c5R 2013!<\/p>\n","protected":false},"excerpt":{"rendered":"<p>Sista dagen 2012 i siktsk\u00e5ran, det \u00e4r kv\u00e4ll 30 december och snart ett nytt \u00e5r 2013. 2012 startade\u00a0med en rasande start p\u00e5 Gotlandslistan. Efter 14 dagar l\u00e5g vi i topp, Anders och jag. Inga superrarrisar men gediget. Tyv\u00e4rr ramlade rarrisarna in lagom till att jag var tillbaka i G\u00f6tet. Kompenserade med en h\u00e4rlig vecka i [&hellip;]<\/p>\n","protected":false},"author":1,"featured_media":0,"comment_status":"open","ping_status":"open","sticky":false,"template":"","format":"standard","meta":{"jetpack_post_was_ever_published":false,"_jetpack_newsletter_access":"","_jetpack_dont_email_post_to_subs":false,"_jetpack_newsletter_tier_id":0,"_jetpack_memberships_contains_paywalled_content":false,"_jetpack_memberships_contains_paid_content":false,"footnotes":"","jetpack_publicize_message":"","jetpack_publicize_feature_enabled":true,"jetpack_social_post_already_shared":false,"jetpack_social_options":{"image_generator_settings":{"template":"highway","default_image_id":0,"font":"","enabled":false},"version":2}},"categories":[1],"tags":[],"class_list":["post-1733","post","type-post","status-publish","format-standard","hentry","category-uncategorized"],"jetpack_publicize_connections":[],"jetpack_featured_media_url":"","jetpack_sharing_enabled":true,"jetpack_shortlink":"https:\/\/wp.me\/p7kiwE-rX","jetpack-related-posts":[],"_links":{"self":[{"href":"https:\/\/olofarmini.com\/index.php?rest_route=\/wp\/v2\/posts\/1733","targetHints":{"allow":["GET"]}}],"collection":[{"href":"https:\/\/olofarmini.com\/index.php?rest_route=\/wp\/v2\/posts"}],"about":[{"href":"https:\/\/olofarmini.com\/index.php?rest_route=\/wp\/v2\/types\/post"}],"author":[{"embeddable":true,"href":"https:\/\/olofarmini.com\/index.php?rest_route=\/wp\/v2\/users\/1"}],"replies":[{"embeddable":true,"href":"https:\/\/olofarmini.com\/index.php?rest_route=%2Fwp%2Fv2%2Fcomments&post=1733"}],"version-history":[{"count":2,"href":"https:\/\/olofarmini.com\/index.php?rest_route=\/wp\/v2\/posts\/1733\/revisions"}],"predecessor-version":[{"id":1735,"href":"https:\/\/olofarmini.com\/index.php?rest_route=\/wp\/v2\/posts\/1733\/revisions\/1735"}],"wp:attachment":[{"href":"https:\/\/olofarmini.com\/index.php?rest_route=%2Fwp%2Fv2%2Fmedia&parent=1733"}],"wp:term":[{"taxonomy":"category","embeddable":true,"href":"https:\/\/olofarmini.com\/index.php?rest_route=%2Fwp%2Fv2%2Fcategories&post=1733"},{"taxonomy":"post_tag","embeddable":true,"href":"https:\/\/olofarmini.com\/index.php?rest_route=%2Fwp%2Fv2%2Ftags&post=1733"}],"curies":[{"name":"wp","href":"https:\/\/api.w.org\/{rel}","templated":true}]}}