{"id":1737,"date":"2013-01-07T14:59:59","date_gmt":"2013-01-07T12:59:59","guid":{"rendered":"http:\/\/olofarmini.com\/?p=1737"},"modified":"2013-01-07T14:59:59","modified_gmt":"2013-01-07T12:59:59","slug":"nyarsfyrverkeri-2013","status":"publish","type":"post","link":"https:\/\/olofarmini.com\/?p=1737","title":{"rendered":"Ny\u00e5rsfyrverkeri 2013"},"content":{"rendered":"<p>Inte samma kanonad som f\u00f6rra eller f\u00f6rrf\u00f6rra \u00e5ret. Men nog vaknade jag s\u00e5d\u00e4r en kvart i tolv &#8211;\u00a02012 spurtade med en \u00f6kande sm\u00e4ll-och raketfrekvens och jag v\u00e4ckte Eva. Nya \u00e5ret stod f\u00f6r d\u00f6rren och precis p\u00e5 tr\u00f6skel kom en stor\u00a0skugga paddlande utanf\u00f6r sovrumsf\u00f6nstret. Och precis till fyrverkeriets crescendo och klockans f\u00f6rsta\u00a0kl\u00e4mtning passerade skuggan midskepps.<\/p>\n<p>Eva -&#8221; Vicken stor f\u00e5gel!&#8221;<\/p>\n<p>Jag &#8211; &#8220;En<strong> BERGUV<\/strong>!!!&#8221; &#8211; och gjorde \u00e5rets f\u00f6rsta sittrova p\u00e5 s\u00e4ngen!<\/p>\n<p>Vicken kalasstart. Vad m\u00e5nde bliva?<\/p>\n<p>Redan 0530 \u00e4r jag uppe f\u00f6r morrongympa, hockygr\u00f6t och mats\u00e4cksbestyr. 0715 hastar jag nedf\u00f6r trapporna vid Volrat, d\u00e4r jag pl\u00f6jer genom raketrester och tr\u00e4ngs med pigga r\u00e5ttor och mindre pigga hemletande ny\u00e5rsfirare med besl\u00f6jade blickar och raglande g\u00e5ng. Halvv\u00e4gs ringer David, att bilen \u00e4r startklar med helladdat batteri &#8211; den h\u00e4r g\u00e5ngen.<\/p>\n<p>Litet surt v\u00e4der men vi drar ett s\u00e4kert kort, Ringhals udde. Fortfarande litet skumrigt och regn i luften. Snabbt jobbar vi \u00e4nd\u00e5 fram n\u00e5gra <strong>sm\u00e5doppingar, en toppskarv<\/strong> l\u00e5ngt ut p\u00e5 ett sk\u00e4r och en flock <strong>sk\u00e4rpipl\u00e4rkor<\/strong> &#8211; och kanske n\u00e5gor annat. Efter st\u00e5ende fika attackerar vi pipl\u00e4rkorna igen. David mobilar mig bakom en stenkulle &#8211; &#8220;Jag tror jag har den!&#8221; Jag avancerar i l\u00e4ge och f\u00e5r DEN fint och tom h\u00f6r den <strong>VATTENPIPL\u00c4RKA<\/strong>!<\/p>\n<p>Tilltagande regn omintetg\u00f6r b\u00e4ttre obsar s\u00e5 vi omgrupperar till innanf\u00f6rliggande B\u00e5tafjorden. Fortsatt strilande. Vi spanar \u00e5t v\u00e4ster d\u00e4r det ljusnar en aning. Vi ser ocks\u00e5 en fyr ute p\u00e5 en udde, kan det vara Bua udde? Lockade orienterar vi oss ut mot vad som mycket riktigt \u00e4r Bua &#8211; i allt b\u00e4ttre v\u00e4der. Vid fyren n\u00e5gra sk\u00e5dare men vi\u00a0upph\u00e5lls som vanligt denna dag av en pipl\u00e4rka, till slut en <strong>sk\u00e4rpipl\u00e4rka<\/strong>.<\/p>\n<p>Litet socialt sv\u00e4nger vi f\u00f6rbi fyren och innan vi hunnit f\u00f6rmedla v\u00e5r obs m\u00f6ts vi av &#8211; &#8220;Vi har en<strong>\u00a0VITN\u00c4BBAD ISLOM<\/strong>!&#8221;. Kan bara stiga fram till en inst\u00e4lld tub och d\u00e4r ligger den. Inte l\u00e5ngt ut men om det \u00e4r ljuset eller att den hunnit avancera\u00a0ganska l\u00e5ngt i ruggningen, den \u00e4r f\u00f6rst litet lurig. De tre uppt\u00e4ckarna har f\u00e5tt jobba ett tag och David och jag f\u00e5r\u00a0ta i en del. Men ljus och blick klarnar och den f\u00f6rvandlas till en &#8220;enkel&#8221; 1K-f\u00e5gel. Eller vad s\u00e4gs av uppt\u00e4ckarnas, Gabrielle*, Henrik\u00a0och\u00a0Martins superba bild<\/p>\n<p><a href=\"http:\/\/olofarmini.com\/?attachment_id=1738\" rel=\"attachment wp-att-1738\"><img data-recalc-dims=\"1\" loading=\"lazy\" decoding=\"async\" data-attachment-id=\"1738\" data-permalink=\"https:\/\/olofarmini.com\/?attachment_id=1738\" data-orig-file=\"https:\/\/i0.wp.com\/olofarmini.com\/wp-content\/uploads\/2013\/01\/453543.jpg?fit=472%2C306&amp;ssl=1\" data-orig-size=\"472,306\" data-comments-opened=\"1\" data-image-meta=\"{&quot;aperture&quot;:&quot;2.4&quot;,&quot;credit&quot;:&quot;&quot;,&quot;camera&quot;:&quot;iPhone 4S&quot;,&quot;caption&quot;:&quot;&quot;,&quot;created_timestamp&quot;:&quot;1357045433&quot;,&quot;copyright&quot;:&quot;&quot;,&quot;focal_length&quot;:&quot;4.28&quot;,&quot;iso&quot;:&quot;80&quot;,&quot;shutter_speed&quot;:&quot;0.00833333333333&quot;,&quot;title&quot;:&quot;&quot;}\" data-image-title=\"453543\" data-image-description=\"\" data-image-caption=\"\" data-large-file=\"https:\/\/i0.wp.com\/olofarmini.com\/wp-content\/uploads\/2013\/01\/453543.jpg?fit=472%2C306&amp;ssl=1\" class=\"alignnone size-medium wp-image-1738\" title=\"453543\" src=\"https:\/\/i0.wp.com\/olofarmini.com\/wp-content\/uploads\/2013\/01\/453543-300x194.jpg?resize=300%2C194\" alt=\"\" width=\"300\" height=\"194\" srcset=\"https:\/\/i0.wp.com\/olofarmini.com\/wp-content\/uploads\/2013\/01\/453543.jpg?resize=300%2C194&amp;ssl=1 300w, https:\/\/i0.wp.com\/olofarmini.com\/wp-content\/uploads\/2013\/01\/453543.jpg?w=472&amp;ssl=1 472w\" sizes=\"auto, (max-width: 300px) 100vw, 300px\" \/><\/a><\/p>\n<p>Bara en moil genom tuben och \u00e4ndock! V\u00e4ldig med upp\u00e5triktad vit dolk och j\u00e4mnt bredvattrad rygg.<\/p>\n<p>Till dess hade v\u00e4rlden k\u00e4nnts\u00a0t\u00f6md p\u00e5\u00a0sin m\u00e4nsklighet, men i allt sk\u00f6nare v\u00e4der\u00a0dyker k\u00e4nda och ok\u00e4nda sk\u00e5dare upp fr\u00e5n ingenstans. Vi beslutar ett avslut innan solnedg\u00e5ng i k\u00f6lvattnet p\u00e5 n\u00e5gra av de mest k\u00e4nda, far och son Unger p\u00e5 anrika \u00c5rn\u00e4shalv\u00f6n. Litet surt hann dessa avsluta\u00a0det lyckade draget p\u00e5 en <strong>VATTENPIPL\u00c4RKA<\/strong> innan vi anl\u00e4nde &#8211; och den hade dratt!<\/p>\n<p>Vi njuter solnedg\u00e5ng, <strong>en s\u00e4dg\u00e5s, en dubbeltrast, en\u00a0steglits<\/strong>\u00a0och s\u00e5 en sista g\u00e5ng i sista solstr\u00e5len g\u00f6r<strong> VATTENPIPEN<\/strong> ett \u00e5terbes\u00f6k p\u00e5 brottsplatsen. Och full\u00e4ndar denna full\u00e4ndade start p\u00e5 det NYA \u00c5RET.<\/p>\n<p>ETT GOTT S\u00c5DANT \u00d6NSKAS NI ALLA<\/p>\n","protected":false},"excerpt":{"rendered":"<p>Inte samma kanonad som f\u00f6rra eller f\u00f6rrf\u00f6rra \u00e5ret. Men nog vaknade jag s\u00e5d\u00e4r en kvart i tolv &#8211;\u00a02012 spurtade med en \u00f6kande sm\u00e4ll-och raketfrekvens och jag v\u00e4ckte Eva. Nya \u00e5ret stod f\u00f6r d\u00f6rren och precis p\u00e5 tr\u00f6skel kom en stor\u00a0skugga paddlande utanf\u00f6r sovrumsf\u00f6nstret. Och precis till fyrverkeriets crescendo och klockans f\u00f6rsta\u00a0kl\u00e4mtning passerade skuggan midskepps. Eva [&hellip;]<\/p>\n","protected":false},"author":1,"featured_media":0,"comment_status":"open","ping_status":"open","sticky":false,"template":"","format":"standard","meta":{"jetpack_post_was_ever_published":false,"_jetpack_newsletter_access":"","_jetpack_dont_email_post_to_subs":false,"_jetpack_newsletter_tier_id":0,"_jetpack_memberships_contains_paywalled_content":false,"_jetpack_memberships_contains_paid_content":false,"footnotes":"","jetpack_publicize_message":"","jetpack_publicize_feature_enabled":true,"jetpack_social_post_already_shared":false,"jetpack_social_options":{"image_generator_settings":{"template":"highway","default_image_id":0,"font":"","enabled":false},"version":2}},"categories":[1],"tags":[],"class_list":["post-1737","post","type-post","status-publish","format-standard","hentry","category-uncategorized"],"jetpack_publicize_connections":[],"jetpack_featured_media_url":"","jetpack_sharing_enabled":true,"jetpack_shortlink":"https:\/\/wp.me\/p7kiwE-s1","jetpack-related-posts":[],"_links":{"self":[{"href":"https:\/\/olofarmini.com\/index.php?rest_route=\/wp\/v2\/posts\/1737","targetHints":{"allow":["GET"]}}],"collection":[{"href":"https:\/\/olofarmini.com\/index.php?rest_route=\/wp\/v2\/posts"}],"about":[{"href":"https:\/\/olofarmini.com\/index.php?rest_route=\/wp\/v2\/types\/post"}],"author":[{"embeddable":true,"href":"https:\/\/olofarmini.com\/index.php?rest_route=\/wp\/v2\/users\/1"}],"replies":[{"embeddable":true,"href":"https:\/\/olofarmini.com\/index.php?rest_route=%2Fwp%2Fv2%2Fcomments&post=1737"}],"version-history":[{"count":2,"href":"https:\/\/olofarmini.com\/index.php?rest_route=\/wp\/v2\/posts\/1737\/revisions"}],"predecessor-version":[{"id":1740,"href":"https:\/\/olofarmini.com\/index.php?rest_route=\/wp\/v2\/posts\/1737\/revisions\/1740"}],"wp:attachment":[{"href":"https:\/\/olofarmini.com\/index.php?rest_route=%2Fwp%2Fv2%2Fmedia&parent=1737"}],"wp:term":[{"taxonomy":"category","embeddable":true,"href":"https:\/\/olofarmini.com\/index.php?rest_route=%2Fwp%2Fv2%2Fcategories&post=1737"},{"taxonomy":"post_tag","embeddable":true,"href":"https:\/\/olofarmini.com\/index.php?rest_route=%2Fwp%2Fv2%2Ftags&post=1737"}],"curies":[{"name":"wp","href":"https:\/\/api.w.org\/{rel}","templated":true}]}}