{"id":1772,"date":"2013-01-27T21:15:46","date_gmt":"2013-01-27T19:15:46","guid":{"rendered":"http:\/\/olofarmini.com\/?p=1772"},"modified":"2013-01-27T21:15:46","modified_gmt":"2013-01-27T19:15:46","slug":"sista-dagen-27-januari","status":"publish","type":"post","link":"https:\/\/olofarmini.com\/?p=1772","title":{"rendered":"Sista dagen 27 januari"},"content":{"rendered":"<p>F\u00f6rvisso en dag i morgon och nya m\u00f6jligheter. Men n\u00e4r solen stiger upp befinner vi oss p\u00e5 Keflavik med f\u00f6rsta destination Gardemoen i Oslo. Det ljusnar tidigare, s\u00e5 fr\u00e5n transfer 0930-1000\u00a0en minimal chans p\u00e5<strong> fj\u00e4llripa och jorduggla!?<\/strong><\/p>\n<p>Natten till idag innebar n\u00e4stan storm. Vi s\u00e5g halvnakna festare n\u00e4stan bl\u00e5sa bort p\u00e5 v\u00e4g mellan monumentet Harpa och v\u00e4ntande taxis. Det s\u00e5g ut att ta k\u00e5l p\u00e5 sn\u00f6 och is.<\/p>\n<p>Men ack nej, vi halkade ut innan gryning och lyckades med n\u00f6d och n\u00e4ppe st\u00e5 uppr\u00e4tta. Andra var mindre lyckosamma! Till slut till S\u00f6rlarskoj och \u00e5ter en milstolpe i Sigurdadottirs romanverk. Hon har varit skolkamrat till Gisli. V\u00e4rlden knyts samman.<\/p>\n<p>Jag l\u00e4mnar med tvekan Eva att \u00e5terhalka mot Nationalmus\u00e9et medan jag drar Saltjaernes f\u00f6r tredje g\u00e5ngen f\u00f6r b\u00e4ttra obsar p\u00e5 amrisarna. Vinden \u00f6kar igen mot stormstyrka och l\u00e5ngt borta \u00e4r himlen svart som helvetet! Jag travar p\u00e5 i solskenet.<\/p>\n<p>Arbetar igenom <strong>bl\u00e4s\u00e4nder, trastar<\/strong> mm och \u00e4ntligen vid Bakkatj\u00f6rn som \u00e4r frusen trots 5 plusgrader! Dock b\u00e4ttre med l\u00e5gvatten i Bakkaviken och resans f\u00f6rsta &#8220;<em><strong>robusta<\/strong><\/em>&#8221; &#8211; fint. Jobbar tr\u00f6stl\u00f6st med <strong>fiskm\u00e5sarna<\/strong>\u00a0&#8211; S\u00e5 knappast n\u00e5got vitt p\u00e5 vingspetsarna, st\u00f6rre, litet ljusare mantel och n\u00e5gon teckning p\u00e5 litet kraftigare n\u00e4bb. S\u00e5 har jag sett den tv\u00e5 g\u00e5nger tidigare men&#8230;!?<\/p>\n<p>Den landar 25 m framf\u00f6r mig i t\u00e5ngen i vattenbrynet med en massa andra f\u00e5glar. Tuben svajar men jag f\u00e5r in den. Ser bra ut &#8211;\u00a0men, kr\u00e4kf\u00e4rdig av besvikelse, en <strong>fiskm\u00e5s.<\/strong> F\u00e4rdig att packa ihop s\u00e5 tr\u00e4der en klockren adult vinterf\u00e4rgad <strong>ringn\u00e4bbad m\u00e5s<\/strong> in i kikarf\u00e4ltet. Gott jobbat !<\/p>\n<p>\u00d6vermodigt, pl\u00f6tsligt beh\u00e4rskande v\u00e4rlden g\u00e5r jag ut till spetsen av udden. Blacksvart himmel och fantastiska regnb\u00e5gar,<strong> 1000-tals stormf\u00e5glar, havssulor, tret\u00e5ar, sillmular av alla tre sorterna<\/strong> &#8211; n\u00e4ra, ocks\u00e5\u00a0resans andra <strong>lunne och en islom<\/strong>.<\/p>\n<p>\u00a0Innan sn\u00f6blandade regn. Jag packar ned allt, dricker vatten och \u00e4ter gl\u00f6ggblandning, russin och mandlar och v\u00e4ntar.<\/p>\n<p>En man med barnbarn \u00e4r ute och gr\u00e4ver i sanden i v\u00e4rsta regnet. Vi kommer i samspr\u00e5k p\u00e5 n\u00e5gon skandinavisk rotv\u00e4lska och han erbjuder skjuts in till Reykjavik. Kapp-Ahls trenchcoat och Intersports cykelbyxor i all \u00e4ra, men sn\u00f6glopp i 20 sekundmeter i motvind\u00a0i 5 km &#8211; tackar ja!<\/p>\n<p>Han \u00e4r riksdagsman i Alltinget och fd fiskeriminister i regeringen &#8211; ojsan och j\u00f6sses va tacksam jag \u00e4r. Vi \u00e4r b\u00e5da vana vid att det bl\u00e5ser! &#8211; mycket trevligt.<\/p>\n<p>Nu packar vi och Eva projektar. Blir det mer Island?<\/p>\n<p>&nbsp;<\/p>\n","protected":false},"excerpt":{"rendered":"<p>F\u00f6rvisso en dag i morgon och nya m\u00f6jligheter. Men n\u00e4r solen stiger upp befinner vi oss p\u00e5 Keflavik med f\u00f6rsta destination Gardemoen i Oslo. Det ljusnar tidigare, s\u00e5 fr\u00e5n transfer 0930-1000\u00a0en minimal chans p\u00e5 fj\u00e4llripa och jorduggla!? Natten till idag innebar n\u00e4stan storm. Vi s\u00e5g halvnakna festare n\u00e4stan bl\u00e5sa bort p\u00e5 v\u00e4g mellan monumentet Harpa [&hellip;]<\/p>\n","protected":false},"author":2,"featured_media":0,"comment_status":"open","ping_status":"open","sticky":false,"template":"","format":"standard","meta":{"jetpack_post_was_ever_published":false,"_jetpack_newsletter_access":"","_jetpack_dont_email_post_to_subs":false,"_jetpack_newsletter_tier_id":0,"_jetpack_memberships_contains_paywalled_content":false,"_jetpack_memberships_contains_paid_content":false,"footnotes":"","jetpack_publicize_message":"","jetpack_publicize_feature_enabled":true,"jetpack_social_post_already_shared":false,"jetpack_social_options":{"image_generator_settings":{"template":"highway","default_image_id":0,"font":"","enabled":false},"version":2}},"categories":[15],"tags":[],"class_list":["post-1772","post","type-post","status-publish","format-standard","hentry","category-resor"],"jetpack_publicize_connections":[],"jetpack_featured_media_url":"","jetpack_sharing_enabled":true,"jetpack_shortlink":"https:\/\/wp.me\/p7kiwE-sA","jetpack-related-posts":[],"_links":{"self":[{"href":"https:\/\/olofarmini.com\/index.php?rest_route=\/wp\/v2\/posts\/1772","targetHints":{"allow":["GET"]}}],"collection":[{"href":"https:\/\/olofarmini.com\/index.php?rest_route=\/wp\/v2\/posts"}],"about":[{"href":"https:\/\/olofarmini.com\/index.php?rest_route=\/wp\/v2\/types\/post"}],"author":[{"embeddable":true,"href":"https:\/\/olofarmini.com\/index.php?rest_route=\/wp\/v2\/users\/2"}],"replies":[{"embeddable":true,"href":"https:\/\/olofarmini.com\/index.php?rest_route=%2Fwp%2Fv2%2Fcomments&post=1772"}],"version-history":[{"count":2,"href":"https:\/\/olofarmini.com\/index.php?rest_route=\/wp\/v2\/posts\/1772\/revisions"}],"predecessor-version":[{"id":1774,"href":"https:\/\/olofarmini.com\/index.php?rest_route=\/wp\/v2\/posts\/1772\/revisions\/1774"}],"wp:attachment":[{"href":"https:\/\/olofarmini.com\/index.php?rest_route=%2Fwp%2Fv2%2Fmedia&parent=1772"}],"wp:term":[{"taxonomy":"category","embeddable":true,"href":"https:\/\/olofarmini.com\/index.php?rest_route=%2Fwp%2Fv2%2Fcategories&post=1772"},{"taxonomy":"post_tag","embeddable":true,"href":"https:\/\/olofarmini.com\/index.php?rest_route=%2Fwp%2Fv2%2Ftags&post=1772"}],"curies":[{"name":"wp","href":"https:\/\/api.w.org\/{rel}","templated":true}]}}