{"id":1781,"date":"2013-02-09T19:17:45","date_gmt":"2013-02-09T17:17:45","guid":{"rendered":"http:\/\/olofarmini.com\/?p=1781"},"modified":"2013-02-09T19:17:46","modified_gmt":"2013-02-09T17:17:46","slug":"storre-turturduva","status":"publish","type":"post","link":"https:\/\/olofarmini.com\/?p=1781","title":{"rendered":"St\u00f6rre turturduva"},"content":{"rendered":"<p>Str\u00e5lande f\u00f6rstadag p\u00e5 2013. Lika vass b\u00f6rjan p\u00e5 \u00e5ret\u00a0som David var\u00a0med mobilen och swarren<\/p>\n<p><a href=\"http:\/\/olofarmini.com\/?attachment_id=1782\" rel=\"attachment wp-att-1782\"><img data-recalc-dims=\"1\" loading=\"lazy\" decoding=\"async\" data-attachment-id=\"1782\" data-permalink=\"https:\/\/olofarmini.com\/?attachment_id=1782\" data-orig-file=\"https:\/\/i0.wp.com\/olofarmini.com\/wp-content\/uploads\/2013\/02\/Sk%C3%A4rmavbild-2013-02-08-kl.-11.29.53.png?fit=643%2C436&amp;ssl=1\" data-orig-size=\"643,436\" data-comments-opened=\"1\" data-image-meta=\"{&quot;aperture&quot;:&quot;0&quot;,&quot;credit&quot;:&quot;&quot;,&quot;camera&quot;:&quot;&quot;,&quot;caption&quot;:&quot;&quot;,&quot;created_timestamp&quot;:&quot;0&quot;,&quot;copyright&quot;:&quot;&quot;,&quot;focal_length&quot;:&quot;0&quot;,&quot;iso&quot;:&quot;0&quot;,&quot;shutter_speed&quot;:&quot;0&quot;,&quot;title&quot;:&quot;&quot;}\" data-image-title=\"Sk\u00e4rmavbild 2013-02-08 kl. 11.29.53\" data-image-description=\"\" data-image-caption=\"\" data-large-file=\"https:\/\/i0.wp.com\/olofarmini.com\/wp-content\/uploads\/2013\/02\/Sk%C3%A4rmavbild-2013-02-08-kl.-11.29.53.png?fit=643%2C436&amp;ssl=1\" class=\"alignnone size-medium wp-image-1782\" title=\"Sk\u00e4rmavbild 2013-02-08 kl. 11.29.53\" src=\"https:\/\/i0.wp.com\/olofarmini.com\/wp-content\/uploads\/2013\/02\/Sk%C3%A4rmavbild-2013-02-08-kl.-11.29.53-300x203.png?resize=300%2C203\" alt=\"\" width=\"300\" height=\"203\" srcset=\"https:\/\/i0.wp.com\/olofarmini.com\/wp-content\/uploads\/2013\/02\/Sk%C3%A4rmavbild-2013-02-08-kl.-11.29.53.png?resize=300%2C203&amp;ssl=1 300w, https:\/\/i0.wp.com\/olofarmini.com\/wp-content\/uploads\/2013\/02\/Sk%C3%A4rmavbild-2013-02-08-kl.-11.29.53.png?w=643&amp;ssl=1 643w\" sizes=\"auto, (max-width: 300px) 100vw, 300px\" \/><\/a><a href=\"http:\/\/olofarmini.com\/?attachment_id=1783\" rel=\"attachment wp-att-1783\"><img data-recalc-dims=\"1\" loading=\"lazy\" decoding=\"async\" data-attachment-id=\"1783\" data-permalink=\"https:\/\/olofarmini.com\/?attachment_id=1783\" data-orig-file=\"https:\/\/i0.wp.com\/olofarmini.com\/wp-content\/uploads\/2013\/02\/Sk%C3%A4rmavbild-2013-02-08-kl.-11.30.19.png?fit=596%2C324&amp;ssl=1\" data-orig-size=\"596,324\" data-comments-opened=\"1\" data-image-meta=\"{&quot;aperture&quot;:&quot;0&quot;,&quot;credit&quot;:&quot;&quot;,&quot;camera&quot;:&quot;&quot;,&quot;caption&quot;:&quot;&quot;,&quot;created_timestamp&quot;:&quot;0&quot;,&quot;copyright&quot;:&quot;&quot;,&quot;focal_length&quot;:&quot;0&quot;,&quot;iso&quot;:&quot;0&quot;,&quot;shutter_speed&quot;:&quot;0&quot;,&quot;title&quot;:&quot;&quot;}\" data-image-title=\"Sk\u00e4rmavbild 2013-02-08 kl. 11.30.19\" data-image-description=\"\" data-image-caption=\"\" data-large-file=\"https:\/\/i0.wp.com\/olofarmini.com\/wp-content\/uploads\/2013\/02\/Sk%C3%A4rmavbild-2013-02-08-kl.-11.30.19.png?fit=596%2C324&amp;ssl=1\" class=\"alignnone size-medium wp-image-1783\" title=\"Sk\u00e4rmavbild 2013-02-08 kl. 11.30.19\" src=\"https:\/\/i0.wp.com\/olofarmini.com\/wp-content\/uploads\/2013\/02\/Sk%C3%A4rmavbild-2013-02-08-kl.-11.30.19-300x163.png?resize=300%2C163\" alt=\"\" width=\"300\" height=\"163\" srcset=\"https:\/\/i0.wp.com\/olofarmini.com\/wp-content\/uploads\/2013\/02\/Sk%C3%A4rmavbild-2013-02-08-kl.-11.30.19.png?resize=300%2C163&amp;ssl=1 300w, https:\/\/i0.wp.com\/olofarmini.com\/wp-content\/uploads\/2013\/02\/Sk%C3%A4rmavbild-2013-02-08-kl.-11.30.19.png?w=596&amp;ssl=1 596w\" sizes=\"auto, (max-width: 300px) 100vw, 300px\" \/><\/a><\/p>\n<p>Man kan bara f\u00f6rundras. L\u00e4gg h\u00e4rtill bl\u00e5st och isande kyla. Ja, det var en fin start.<\/p>\n<p>Sedan tr\u00f6gade det en hel del. Invasionsarter och rarrisar missades in legio. Plus att omst\u00e4ndighheterna var &#8220;ogynnsamma&#8221;, kanske ett typiskt pansjosyndrom!?<\/p>\n<p>N\u00e5v\u00e4l Island blev ett lyft, sj\u00e4lvklart &#8211; bara <strong>jaktfalken<\/strong> p\u00e5 Hallgrimmskyrkjan eller <strong>ringn\u00e4bbade m\u00e5sen<\/strong> med f\u00f6rre fiskeriministern eller <strong>surhajen<\/strong> nedsk\u00f6ljd med akvavit!<\/p>\n<p>Men \u00e4nd\u00e5 &#8211; S\u00e5 den 7 februari.<\/p>\n<p>En <em>grann duva<\/em> s\u00e5gs p\u00e5 en antenn i K\u00e5lltorp redan i h\u00f6stas. Den 3 februari f\u00e5ngade Fredrik S duvan p\u00e5 n\u00e4thinnan och bild och h\u00f6rde rykten om att den setts 27 januari. Han trodde f\u00f6rsiktigtvis p\u00e5 <em>obest turtur<\/em>.<\/p>\n<p>Alltfler sk\u00e5dare b\u00f6rjade l\u00e4gga in K\u00e5lltorp, tidigare bara k\u00e4nd f\u00f6r de <strong>tv\u00e5fasade kattugglorna<\/strong> p\u00e5 sjukhemmet, i sin rutt. Och &#8211; den 6 februari\u00a0slog en av G\u00f6tets\u00a0topp-spottrarna Roger E till &#8211; mycket trolig st\u00f6rre turtur! Och omedelbart kom f\u00f6rsta v\u00e5gen av sk\u00e5dare, de sk twitcharna,\u00a0trots bara n\u00e5gra f\u00e5 timmar till becksvart.<\/p>\n<p>Dom damms\u00f6g och artbest\u00e4mningen med f\u00e5geln inom hank och st\u00f6r var t\u00e4mligen enkel, <strong>stor, m\u00f6rk med gr\u00e5 stj\u00e4rtspetsar, st\u00f6rre turturduva<\/strong>. 40 \u00e5r sedan den s\u00e5gs i G\u00f6teborg mars-april 1973 samma \u00e5r som David f\u00f6ddes.<\/p>\n<p>Verkade l\u00e4tt. N\u00e4ra, n\u00e4stan promenadavst\u00e5nd och en hel dag innan jag skulle till Gotland. Men \u00e5rets motflyt, storst\u00e4dning, bakning mm &#8211; skapade en f\u00f6rsvarsmur &#8211; sett tre raser av duvan, <strong><em>orientalis, agricola och meena<\/em><\/strong>, det kan vara dystert att dra K\u00e5lltorp en vinpinad vinterdag etc.<\/p>\n<p>Messade med David, som jobbade hemma och avvaktade larm. Jag tog femman till Sanatoriegatan. P\u00e5 senaste platsen f\u00f6r brottet inte en sk\u00e5dare i sikte och trots att en turkduva spelade vilt i den &#8220;t\u00e4ta granen&#8221; s\u00e5 k\u00e4nde jag Kung Bores hand om hj\u00e4rtat. S\u00e5 brast himlen ut i jubelk\u00f6r, tv\u00e5 duvor l\u00e4ttar fr\u00e5n marken, en turk och den andra mindre m\u00f6rkare, bakom ett hus, \u00f6ver Sanatoriegatan \u00f6ver en taknock. Andre sk\u00e5daren hinner inte riktigt med.<\/p>\n<p>Nu v\u00e4ller de in mest icke-twitchare som bryr sig om tr\u00e4ngselskatter, pension\u00e4rskort, halka mm men naturligtvis ocks\u00e5 en del senkomna stridisar. Litet omstridd kung som den ende som &#8211; eller&#8230; \u00c4r \u00f6vertygad om att den har sitt favoritst\u00e4lle just d\u00e4r &#8220;jag s\u00e5g den&#8221; och f\u00f6revisar plejset f\u00f6r alla nytillkomna trots att jag hinner ta n\u00e5gra utflykter. S\u00e5 ca femte personen jag st\u00e5r och pralar f\u00f6r, &#8220;D\u00e4r sitter den &#8211; p\u00e5 staketet!&#8221; Det k\u00e4nns som almighty tagit tenorst\u00e4mman i jubelk\u00f6ren.<\/p>\n<p>Blir litet av familjefest bakom Munkeb\u00e4cksgatan 26. Alldeles speciellt n\u00e4r David sv\u00e4nger in och drar mobil, handkikare och duva p\u00e5 fri hand<\/p>\n<p><a href=\"http:\/\/olofarmini.com\/?attachment_id=1784\" rel=\"attachment wp-att-1784\"><img data-recalc-dims=\"1\" loading=\"lazy\" decoding=\"async\" data-attachment-id=\"1784\" data-permalink=\"https:\/\/olofarmini.com\/?attachment_id=1784\" data-orig-file=\"https:\/\/i0.wp.com\/olofarmini.com\/wp-content\/uploads\/2013\/02\/stturtur.png?fit=1053%2C837&amp;ssl=1\" data-orig-size=\"1053,837\" data-comments-opened=\"1\" data-image-meta=\"{&quot;aperture&quot;:&quot;0&quot;,&quot;credit&quot;:&quot;&quot;,&quot;camera&quot;:&quot;&quot;,&quot;caption&quot;:&quot;&quot;,&quot;created_timestamp&quot;:&quot;0&quot;,&quot;copyright&quot;:&quot;&quot;,&quot;focal_length&quot;:&quot;0&quot;,&quot;iso&quot;:&quot;0&quot;,&quot;shutter_speed&quot;:&quot;0&quot;,&quot;title&quot;:&quot;&quot;}\" data-image-title=\"stturtur\" data-image-description=\"\" data-image-caption=\"\" data-large-file=\"https:\/\/i0.wp.com\/olofarmini.com\/wp-content\/uploads\/2013\/02\/stturtur.png?fit=1024%2C813&amp;ssl=1\" class=\"alignnone size-medium wp-image-1784\" title=\"stturtur\" src=\"https:\/\/i0.wp.com\/olofarmini.com\/wp-content\/uploads\/2013\/02\/stturtur-300x238.png?resize=300%2C238\" alt=\"\" width=\"300\" height=\"238\" srcset=\"https:\/\/i0.wp.com\/olofarmini.com\/wp-content\/uploads\/2013\/02\/stturtur.png?resize=300%2C238&amp;ssl=1 300w, https:\/\/i0.wp.com\/olofarmini.com\/wp-content\/uploads\/2013\/02\/stturtur.png?resize=1024%2C813&amp;ssl=1 1024w, https:\/\/i0.wp.com\/olofarmini.com\/wp-content\/uploads\/2013\/02\/stturtur.png?w=1053&amp;ssl=1 1053w\" sizes=\"auto, (max-width: 300px) 100vw, 300px\" \/><\/a><\/p>\n<p><strong>ST\u00d6RRE TURTURDUVA!<\/strong>\u00a0 Uj! &#8211; Best\u00e4mning, nja!?<\/p>\n<p>Lite diskussioner kring \u00e5lder. Kan ha viss betydelse f\u00f6r slutlig artbest\u00e4mning. Som tidigare i bloggen ang\u00e5ende bla <strong>fl\u00e4ckdrillsn\u00e4ppan<\/strong> k\u00e4nner jag mig fri att uttala att det r\u00f6r sig om en <em><strong>orientalis<\/strong><\/em>, den mest arketypiska och nominatformen inte bara till namnet\u00a0. \u00c5terkommer med k\u00f6tt p\u00e5 benen eller dementi!<\/p>\n","protected":false},"excerpt":{"rendered":"<p>Str\u00e5lande f\u00f6rstadag p\u00e5 2013. Lika vass b\u00f6rjan p\u00e5 \u00e5ret\u00a0som David var\u00a0med mobilen och swarren Man kan bara f\u00f6rundras. L\u00e4gg h\u00e4rtill bl\u00e5st och isande kyla. Ja, det var en fin start. Sedan tr\u00f6gade det en hel del. Invasionsarter och rarrisar missades in legio. Plus att omst\u00e4ndighheterna var &#8220;ogynnsamma&#8221;, kanske ett typiskt pansjosyndrom!? N\u00e5v\u00e4l Island blev ett [&hellip;]<\/p>\n","protected":false},"author":2,"featured_media":0,"comment_status":"open","ping_status":"open","sticky":false,"template":"","format":"standard","meta":{"jetpack_post_was_ever_published":false,"_jetpack_newsletter_access":"","_jetpack_dont_email_post_to_subs":false,"_jetpack_newsletter_tier_id":0,"_jetpack_memberships_contains_paywalled_content":false,"_jetpack_memberships_contains_paid_content":false,"footnotes":"","jetpack_publicize_message":"","jetpack_publicize_feature_enabled":true,"jetpack_social_post_already_shared":false,"jetpack_social_options":{"image_generator_settings":{"template":"highway","default_image_id":0,"font":"","enabled":false},"version":2}},"categories":[4,14],"tags":[],"class_list":["post-1781","post","type-post","status-publish","format-standard","hentry","category-faltbestamning","category-goteborg"],"jetpack_publicize_connections":[],"jetpack_featured_media_url":"","jetpack_sharing_enabled":true,"jetpack_shortlink":"https:\/\/wp.me\/p7kiwE-sJ","jetpack-related-posts":[],"_links":{"self":[{"href":"https:\/\/olofarmini.com\/index.php?rest_route=\/wp\/v2\/posts\/1781","targetHints":{"allow":["GET"]}}],"collection":[{"href":"https:\/\/olofarmini.com\/index.php?rest_route=\/wp\/v2\/posts"}],"about":[{"href":"https:\/\/olofarmini.com\/index.php?rest_route=\/wp\/v2\/types\/post"}],"author":[{"embeddable":true,"href":"https:\/\/olofarmini.com\/index.php?rest_route=\/wp\/v2\/users\/2"}],"replies":[{"embeddable":true,"href":"https:\/\/olofarmini.com\/index.php?rest_route=%2Fwp%2Fv2%2Fcomments&post=1781"}],"version-history":[{"count":2,"href":"https:\/\/olofarmini.com\/index.php?rest_route=\/wp\/v2\/posts\/1781\/revisions"}],"predecessor-version":[{"id":1786,"href":"https:\/\/olofarmini.com\/index.php?rest_route=\/wp\/v2\/posts\/1781\/revisions\/1786"}],"wp:attachment":[{"href":"https:\/\/olofarmini.com\/index.php?rest_route=%2Fwp%2Fv2%2Fmedia&parent=1781"}],"wp:term":[{"taxonomy":"category","embeddable":true,"href":"https:\/\/olofarmini.com\/index.php?rest_route=%2Fwp%2Fv2%2Fcategories&post=1781"},{"taxonomy":"post_tag","embeddable":true,"href":"https:\/\/olofarmini.com\/index.php?rest_route=%2Fwp%2Fv2%2Ftags&post=1781"}],"curies":[{"name":"wp","href":"https:\/\/api.w.org\/{rel}","templated":true}]}}