{"id":182,"date":"2009-01-08T17:31:41","date_gmt":"2009-01-08T15:31:41","guid":{"rendered":"http:\/\/olofarmini.com\/?p=182"},"modified":"2009-01-08T17:31:41","modified_gmt":"2009-01-08T15:31:41","slug":"sparvugglan-8-jan","status":"publish","type":"post","link":"https:\/\/olofarmini.com\/?p=182","title":{"rendered":"Sparvugglan 8 jan"},"content":{"rendered":"<p>Sn\u00f6 p\u00e5 morgonen och tillbaka i selen om &#8211; man \u00e4r ju pension\u00e4r! Efter att ha f\u00e5tt iv\u00e4g Eva till jobbet sladdade jag till K\u00e4rralund och skr\u00e4mde upp en morkulla i misslyckad jakt p\u00e5 str\u00f6mstare eller fors\u00e4rla. Sedan vidare f\u00f6rbi H\u00e4rlanda tj\u00e4rn och den h\u00e4r g\u00e5ngen hittade jag utan krusiduller<\/p>\n<p><a href=\"https:\/\/i0.wp.com\/olofarmini.com\/wp-content\/uploads\/2009\/01\/sparvuggla1.jpg\"><img data-recalc-dims=\"1\" loading=\"lazy\" decoding=\"async\" data-attachment-id=\"183\" data-permalink=\"https:\/\/olofarmini.com\/?attachment_id=183\" data-orig-file=\"https:\/\/i0.wp.com\/olofarmini.com\/wp-content\/uploads\/2009\/01\/sparvuggla1.jpg?fit=900%2C600&amp;ssl=1\" data-orig-size=\"900,600\" data-comments-opened=\"1\" data-image-meta=\"{&quot;aperture&quot;:&quot;6.3&quot;,&quot;credit&quot;:&quot;&quot;,&quot;camera&quot;:&quot;Canon EOS 40D&quot;,&quot;caption&quot;:&quot;&quot;,&quot;created_timestamp&quot;:&quot;1231074675&quot;,&quot;copyright&quot;:&quot;&quot;,&quot;focal_length&quot;:&quot;420&quot;,&quot;iso&quot;:&quot;1000&quot;,&quot;shutter_speed&quot;:&quot;0.004&quot;,&quot;title&quot;:&quot;&quot;}\" data-image-title=\"sparvuggla1\" data-image-description=\"\" data-image-caption=\"\" data-large-file=\"https:\/\/i0.wp.com\/olofarmini.com\/wp-content\/uploads\/2009\/01\/sparvuggla1.jpg?fit=900%2C600&amp;ssl=1\" class=\"alignnone size-medium wp-image-183\" title=\"sparvuggla1\" src=\"https:\/\/i0.wp.com\/olofarmini.com\/wp-content\/uploads\/2009\/01\/sparvuggla1-300x200.jpg?resize=300%2C200\" alt=\"\" width=\"300\" height=\"200\" srcset=\"https:\/\/i0.wp.com\/olofarmini.com\/wp-content\/uploads\/2009\/01\/sparvuggla1.jpg?resize=300%2C200&amp;ssl=1 300w, https:\/\/i0.wp.com\/olofarmini.com\/wp-content\/uploads\/2009\/01\/sparvuggla1.jpg?w=900&amp;ssl=1 900w\" sizes=\"auto, (max-width: 300px) 100vw, 300px\" \/><\/a><\/p>\n<p>sparvugglan som\u00a0p\u00e5 denna bild av Sven-Olof. H\u00e4r \u00e4r den litet irriterad och reser \u00f6ronfj\u00e4drarna. Annars verkar den helt obekymrad om uppm\u00e4rksamheten och s\u00e5 l\u00e4nge den inte st\u00f6rs i sin musjakt (idag hade den blod kring n\u00e4bben n\u00e4r den f\u00f6rst s\u00e5gs) finns ju ingen anledning till oro. Att den finner sig v\u00e4l till ro visar denna bild av Kerstin.<\/p>\n<p><a href=\"https:\/\/i0.wp.com\/olofarmini.com\/wp-content\/uploads\/2009\/01\/sparvuggla006.jpg\"><img data-recalc-dims=\"1\" loading=\"lazy\" decoding=\"async\" data-attachment-id=\"184\" data-permalink=\"https:\/\/olofarmini.com\/?attachment_id=184\" data-orig-file=\"https:\/\/i0.wp.com\/olofarmini.com\/wp-content\/uploads\/2009\/01\/sparvuggla006.jpg?fit=900%2C600&amp;ssl=1\" data-orig-size=\"900,600\" data-comments-opened=\"1\" data-image-meta=\"{&quot;aperture&quot;:&quot;5.6&quot;,&quot;credit&quot;:&quot;&quot;,&quot;camera&quot;:&quot;Canon EOS 40D&quot;,&quot;caption&quot;:&quot;&quot;,&quot;created_timestamp&quot;:&quot;1231160379&quot;,&quot;copyright&quot;:&quot;&quot;,&quot;focal_length&quot;:&quot;420&quot;,&quot;iso&quot;:&quot;500&quot;,&quot;shutter_speed&quot;:&quot;0.005&quot;,&quot;title&quot;:&quot;&quot;}\" data-image-title=\"sparvuggla006\" data-image-description=\"\" data-image-caption=\"\" data-large-file=\"https:\/\/i0.wp.com\/olofarmini.com\/wp-content\/uploads\/2009\/01\/sparvuggla006.jpg?fit=900%2C600&amp;ssl=1\" class=\"alignnone size-medium wp-image-184\" title=\"sparvuggla006\" src=\"https:\/\/i0.wp.com\/olofarmini.com\/wp-content\/uploads\/2009\/01\/sparvuggla006-300x200.jpg?resize=300%2C200\" alt=\"\" width=\"300\" height=\"200\" srcset=\"https:\/\/i0.wp.com\/olofarmini.com\/wp-content\/uploads\/2009\/01\/sparvuggla006.jpg?resize=300%2C200&amp;ssl=1 300w, https:\/\/i0.wp.com\/olofarmini.com\/wp-content\/uploads\/2009\/01\/sparvuggla006.jpg?w=900&amp;ssl=1 900w\" sizes=\"auto, (max-width: 300px) 100vw, 300px\" \/><\/a><\/p>\n<p>H\u00e4r visar den ocks\u00e5 sitt h\u00f6ger\u00f6ga, orange iris och litet st\u00f6rre pupill. N\u00e5got som oroade en del innan den visade sin effektivitet i musjakt. Har d\u00e4rvidlag ett riktigt eldorado i ravinen.<\/p>\n<p>S\u00e5 h\u00e4r ser man, likt Sven-Olof oftast ugglan. Kolla \u00f6gonen!!!<\/p>\n<p><a href=\"https:\/\/i0.wp.com\/olofarmini.com\/wp-content\/uploads\/2009\/01\/sparvuggla2.jpg\"><img data-recalc-dims=\"1\" loading=\"lazy\" decoding=\"async\" data-attachment-id=\"185\" data-permalink=\"https:\/\/olofarmini.com\/?attachment_id=185\" data-orig-file=\"https:\/\/i0.wp.com\/olofarmini.com\/wp-content\/uploads\/2009\/01\/sparvuggla2.jpg?fit=900%2C600&amp;ssl=1\" data-orig-size=\"900,600\" data-comments-opened=\"1\" data-image-meta=\"{&quot;aperture&quot;:&quot;6.3&quot;,&quot;credit&quot;:&quot;&quot;,&quot;camera&quot;:&quot;Canon EOS 40D&quot;,&quot;caption&quot;:&quot;&quot;,&quot;created_timestamp&quot;:&quot;1231074864&quot;,&quot;copyright&quot;:&quot;&quot;,&quot;focal_length&quot;:&quot;420&quot;,&quot;iso&quot;:&quot;1000&quot;,&quot;shutter_speed&quot;:&quot;0.004&quot;,&quot;title&quot;:&quot;&quot;}\" data-image-title=\"sparvuggla2\" data-image-description=\"\" data-image-caption=\"\" data-large-file=\"https:\/\/i0.wp.com\/olofarmini.com\/wp-content\/uploads\/2009\/01\/sparvuggla2.jpg?fit=900%2C600&amp;ssl=1\" class=\"alignnone size-medium wp-image-185\" title=\"sparvuggla2\" src=\"https:\/\/i0.wp.com\/olofarmini.com\/wp-content\/uploads\/2009\/01\/sparvuggla2-300x200.jpg?resize=300%2C200\" alt=\"\" width=\"300\" height=\"200\" srcset=\"https:\/\/i0.wp.com\/olofarmini.com\/wp-content\/uploads\/2009\/01\/sparvuggla2.jpg?resize=300%2C200&amp;ssl=1 300w, https:\/\/i0.wp.com\/olofarmini.com\/wp-content\/uploads\/2009\/01\/sparvuggla2.jpg?w=900&amp;ssl=1 900w\" sizes=\"auto, (max-width: 300px) 100vw, 300px\" \/><\/a><\/p>\n<p>\u00a0<\/p>\n<p>Tr\u00e4ffade en pension\u00e4rskollega\u00a0vid ugglan. Approp\u00e5 musjakt ber\u00e4ttade han att han var ormvakt till en boa som han utfodrade med vita m\u00f6ss tv\u00e5 g\u00e5nger i m\u00e5naden. Jag varnade honom f\u00f6r att mata oftare eller med f\u00f6r m\u00e5nga m\u00f6ss p\u00e5 en g\u00e5ng.\u00a0En studentkamrat p\u00e5 den tiden det begav sig\u00a0\u00f6ste ned en hel hop till sin boa, som frossade v\u00e4ldeliga tills den m\u00e4tt och d\u00e4st blev upp\u00e4ten av de kvarvarande m\u00f6ssen!\u00a0Min nyvunne v\u00e4n\u00a0tackade f\u00f6r skr\u00f6nan och tipset och s\u00e5 \u00f6nskade vi ugglan lyckad musjakt\u00a0 och sa farv\u00e4l till\u00a0n\u00e5gra kanonfotografer.<\/p>\n<p>Tog v\u00e4gen f\u00f6rbi Renstr\u00f6mska, men dip p\u00e5 kattugglorna. Pl\u00f6jde d\u00e4rf\u00f6r hem &#8211; utan miss\u00f6den!<\/p>\n","protected":false},"excerpt":{"rendered":"<p>Sn\u00f6 p\u00e5 morgonen och tillbaka i selen om &#8211; man \u00e4r ju pension\u00e4r! Efter att ha f\u00e5tt iv\u00e4g Eva till jobbet sladdade jag till K\u00e4rralund och skr\u00e4mde upp en morkulla i misslyckad jakt p\u00e5 str\u00f6mstare eller fors\u00e4rla. Sedan vidare f\u00f6rbi H\u00e4rlanda tj\u00e4rn och den h\u00e4r g\u00e5ngen hittade jag utan krusiduller sparvugglan som\u00a0p\u00e5 denna bild av [&hellip;]<\/p>\n","protected":false},"author":2,"featured_media":0,"comment_status":"open","ping_status":"open","sticky":false,"template":"","format":"standard","meta":{"jetpack_post_was_ever_published":false,"_jetpack_newsletter_access":"","_jetpack_dont_email_post_to_subs":false,"_jetpack_newsletter_tier_id":0,"_jetpack_memberships_contains_paywalled_content":false,"_jetpack_memberships_contains_paid_content":false,"footnotes":"","jetpack_publicize_message":"","jetpack_publicize_feature_enabled":true,"jetpack_social_post_already_shared":false,"jetpack_social_options":{"image_generator_settings":{"template":"highway","default_image_id":0,"font":"","enabled":false},"version":2}},"categories":[14],"tags":[],"class_list":["post-182","post","type-post","status-publish","format-standard","hentry","category-goteborg"],"jetpack_publicize_connections":[],"jetpack_featured_media_url":"","jetpack_sharing_enabled":true,"jetpack_shortlink":"https:\/\/wp.me\/p7kiwE-2W","jetpack-related-posts":[],"_links":{"self":[{"href":"https:\/\/olofarmini.com\/index.php?rest_route=\/wp\/v2\/posts\/182","targetHints":{"allow":["GET"]}}],"collection":[{"href":"https:\/\/olofarmini.com\/index.php?rest_route=\/wp\/v2\/posts"}],"about":[{"href":"https:\/\/olofarmini.com\/index.php?rest_route=\/wp\/v2\/types\/post"}],"author":[{"embeddable":true,"href":"https:\/\/olofarmini.com\/index.php?rest_route=\/wp\/v2\/users\/2"}],"replies":[{"embeddable":true,"href":"https:\/\/olofarmini.com\/index.php?rest_route=%2Fwp%2Fv2%2Fcomments&post=182"}],"version-history":[{"count":1,"href":"https:\/\/olofarmini.com\/index.php?rest_route=\/wp\/v2\/posts\/182\/revisions"}],"predecessor-version":[{"id":186,"href":"https:\/\/olofarmini.com\/index.php?rest_route=\/wp\/v2\/posts\/182\/revisions\/186"}],"wp:attachment":[{"href":"https:\/\/olofarmini.com\/index.php?rest_route=%2Fwp%2Fv2%2Fmedia&parent=182"}],"wp:term":[{"taxonomy":"category","embeddable":true,"href":"https:\/\/olofarmini.com\/index.php?rest_route=%2Fwp%2Fv2%2Fcategories&post=182"},{"taxonomy":"post_tag","embeddable":true,"href":"https:\/\/olofarmini.com\/index.php?rest_route=%2Fwp%2Fv2%2Ftags&post=182"}],"curies":[{"name":"wp","href":"https:\/\/api.w.org\/{rel}","templated":true}]}}