{"id":191,"date":"2009-01-14T22:44:46","date_gmt":"2009-01-14T20:44:46","guid":{"rendered":"http:\/\/olofarmini.com\/?p=191"},"modified":"2009-01-14T22:44:46","modified_gmt":"2009-01-14T20:44:46","slug":"14-jan","status":"publish","type":"post","link":"https:\/\/olofarmini.com\/?p=191","title":{"rendered":"14 jan"},"content":{"rendered":"<p>Fick ett SMS fr\u00e5n broder Ivar ig\u00e5r, &#8220;Kan en duvh\u00f6k ryttla?&#8221;. Svaret blev att den troligaste ryttlaren i sta\u00b4n \u00e4r tornfalken. Andra m\u00f6jliga, i sta\u00b4ns utkanter \u00e4r fj\u00e4llvr\u00e5ken och inte s\u00e5 ofta men \u00e4nd\u00e5 ormvr\u00e5ken (p\u00e5 Gotland ryttlar ormvr\u00e5kar ofta). Fiskgjusen \u00e4r en annan frekvent ryttlare, men alla gjusar \u00e4r s\u00e5 h\u00e4r \u00e5rs p\u00e5 sydligare breddgrader.<\/p>\n<p>Nytt SMS nu\u00a0lokaliserat till Radiohuset p\u00e5 Norra \u00c4lvstranden, &#8220;Det \u00e4r nog en tornfalk!&#8221;.<\/p>\n<p>Ett litet sammantr\u00e4ffande idag att enda kul observationen l\u00e4ngs s\u00f6dra \u00c4lvstranden var en pampig duvh\u00f6kshona vid Klippan. T\u00e4nk om den ryttlat!<\/p>\n<p>Approp\u00e5 sammantr\u00e4ffanden har det v\u00e4l inte undg\u00e5tt de intresserade att det fl\u00e4mtat till kring den vitvingade truten &#8211; kanske tv\u00e5 eller flera!? Tycker alltid det \u00e4r kul n\u00e4r man \u00f6ppnar upp f\u00f6r n\u00e5got sp\u00e4nnande. I det h\u00e4r fallet associerar jag till f\u00f6r tv\u00e5 \u00e5r sedan d\u00e5 det d\u00f6k upp en vittrut &#8211; som blev tv\u00e5 &#8211; som blev en &#8211; tills de var tv\u00e5 tillsammans. Det hela var l\u00e4rorikt inte bara kring vittrutsbest\u00e4mning utan ocks\u00e5 om f\u00e5gelsk\u00e5dande i allm\u00e4nnhet och f\u00e5gelsk\u00e5dare i synnerhet.<\/p>\n<p>Tyngdpunkten i spekulationerna nu\u00a0ligger tidsm\u00e4ssigt 4-5.1, d\u00e5 foton och observationer redog\u00f6r f\u00f6r en vitv med tydliga blaffor (olja?) f\u00f6rst och sedan ett dygn senare en p\u00e5 samma st\u00e4lle men utan blaffor!? Tyngden i argumentet \u00e4r avh\u00e4ngigt m\u00f6jligheten att blafforna kan f\u00f6rsvinna s\u00e5 fort, \u00e4r det olja, kan de ruggas v\u00e4ck eller kan\u00a0fj\u00e4drarna d\u00f6lja. Motargumentet \u00e4r n\u00e4mligen synnerligen tungt, varf\u00f6r med alla dessa observationer\u00a0har de inte setts tillsammans eller \u00e5tminstone samtidigt. Det var snubblande n\u00e4ra h\u00e4romdagen n\u00e4r den (nb, om bara en!) pendlade flera g\u00e5nger mellan Fiskhamnen och Slottskogen.<\/p>\n<p>\u00c4r inget f\u00f6r vadslagning men lutar i nul\u00e4get \u00e5t en vitv trut och riktar in mig p\u00e5 &#8220;blafforna&#8221;. Idag utan vitv n\u00e4r jag passerade alla presumtiva lokaler kunde jag konstatera att m\u00e4ngder av trutar, s\u00e4rskilt ungf\u00e5glar hade blaffor av olika f\u00e4rg och utbredning. Som sagt ingen vitv idag s\u00e5\u00a0vi f\u00e5r njuta Sven-Olofs och Kerstins h\u00e4rliga bilder<\/p>\n<p><a href=\"https:\/\/i0.wp.com\/olofarmini.com\/wp-content\/uploads\/2009\/01\/vitvingad-trut1.jpg\"><img data-recalc-dims=\"1\" loading=\"lazy\" decoding=\"async\" data-attachment-id=\"192\" data-permalink=\"https:\/\/olofarmini.com\/?attachment_id=192\" data-orig-file=\"https:\/\/i0.wp.com\/olofarmini.com\/wp-content\/uploads\/2009\/01\/vitvingad-trut1.jpg?fit=900%2C600&amp;ssl=1\" data-orig-size=\"900,600\" data-comments-opened=\"1\" data-image-meta=\"{&quot;aperture&quot;:&quot;8&quot;,&quot;credit&quot;:&quot;&quot;,&quot;camera&quot;:&quot;Canon EOS 40D&quot;,&quot;caption&quot;:&quot;&quot;,&quot;created_timestamp&quot;:&quot;1230201052&quot;,&quot;copyright&quot;:&quot;&quot;,&quot;focal_length&quot;:&quot;420&quot;,&quot;iso&quot;:&quot;400&quot;,&quot;shutter_speed&quot;:&quot;0.00125&quot;,&quot;title&quot;:&quot;&quot;}\" data-image-title=\"vitvingad-trut1\" data-image-description=\"\" data-image-caption=\"\" data-large-file=\"https:\/\/i0.wp.com\/olofarmini.com\/wp-content\/uploads\/2009\/01\/vitvingad-trut1.jpg?fit=900%2C600&amp;ssl=1\" class=\"alignnone size-medium wp-image-192\" title=\"vitvingad-trut1\" src=\"https:\/\/i0.wp.com\/olofarmini.com\/wp-content\/uploads\/2009\/01\/vitvingad-trut1-300x200.jpg?resize=300%2C200\" alt=\"\" width=\"300\" height=\"200\" srcset=\"https:\/\/i0.wp.com\/olofarmini.com\/wp-content\/uploads\/2009\/01\/vitvingad-trut1.jpg?resize=300%2C200&amp;ssl=1 300w, https:\/\/i0.wp.com\/olofarmini.com\/wp-content\/uploads\/2009\/01\/vitvingad-trut1.jpg?w=900&amp;ssl=1 900w\" sizes=\"auto, (max-width: 300px) 100vw, 300px\" \/><\/a><a href=\"https:\/\/i0.wp.com\/olofarmini.com\/wp-content\/uploads\/2009\/01\/vitvingad-trut3.jpg\"><img data-recalc-dims=\"1\" loading=\"lazy\" decoding=\"async\" data-attachment-id=\"193\" data-permalink=\"https:\/\/olofarmini.com\/?attachment_id=193\" data-orig-file=\"https:\/\/i0.wp.com\/olofarmini.com\/wp-content\/uploads\/2009\/01\/vitvingad-trut3.jpg?fit=750%2C500&amp;ssl=1\" data-orig-size=\"750,500\" data-comments-opened=\"1\" data-image-meta=\"{&quot;aperture&quot;:&quot;8&quot;,&quot;credit&quot;:&quot;&quot;,&quot;camera&quot;:&quot;Canon EOS 40D&quot;,&quot;caption&quot;:&quot;&quot;,&quot;created_timestamp&quot;:&quot;1230201050&quot;,&quot;copyright&quot;:&quot;&quot;,&quot;focal_length&quot;:&quot;420&quot;,&quot;iso&quot;:&quot;400&quot;,&quot;shutter_speed&quot;:&quot;0.001&quot;,&quot;title&quot;:&quot;&quot;}\" data-image-title=\"vitvingad-trut3\" data-image-description=\"\" data-image-caption=\"\" data-large-file=\"https:\/\/i0.wp.com\/olofarmini.com\/wp-content\/uploads\/2009\/01\/vitvingad-trut3.jpg?fit=750%2C500&amp;ssl=1\" class=\"alignnone size-medium wp-image-193\" title=\"vitvingad-trut3\" src=\"https:\/\/i0.wp.com\/olofarmini.com\/wp-content\/uploads\/2009\/01\/vitvingad-trut3-300x200.jpg?resize=300%2C200\" alt=\"\" width=\"300\" height=\"200\" srcset=\"https:\/\/i0.wp.com\/olofarmini.com\/wp-content\/uploads\/2009\/01\/vitvingad-trut3.jpg?resize=300%2C200&amp;ssl=1 300w, https:\/\/i0.wp.com\/olofarmini.com\/wp-content\/uploads\/2009\/01\/vitvingad-trut3.jpg?w=750&amp;ssl=1 750w\" sizes=\"auto, (max-width: 300px) 100vw, 300px\" \/><\/a><\/p>\n<p>Kolla den vita \u00f6gonringen. M\u00f6jligen kan man p\u00e5 den v\u00e4nstra bilden ana defekten p\u00e5 mellersta stj\u00e4rtpennorna som n\u00e5gra &#8220;sn\u00f6at in&#8221; p\u00e5. Jag vill upprepa att ljuset p\u00e5 b\u00e5da fotona framh\u00e5ller den kallgr\u00e5 karakt\u00e4ren. P\u00e5 den h\u00f6gra finns ett skuggat parti som genast framh\u00e5ller den brunare (mer typisk f\u00f6r unga vittrutar) f\u00e4rgen (ni f\u00e5r fram den bruna f\u00e4rgen p\u00e5 hela f\u00e5geln om\u00a0ni vinklar sk\u00e4rmen)\u00a0och dessutom kan man ana-ana en &#8220;blaffa&#8221; p\u00e5 br\u00f6stet. Det var denna som p\u00e5pekades n\u00e4r man slumpade den pendlande truten mellan Slottskogen och Fiskhamnen (f\u00f6rsta g\u00e5ngen det begav sig) till en.<\/p>\n<p>Roligt med den fotade sparvugglan vid Brudarebacken, utan orange h\u00f6ger\u00f6ga. &#8220;Bekr\u00e4ftar&#8221; ju min andra uggla, som jag h\u00f6rde den 4.1 vid just Brudarebacken. Har jobbat h\u00e5rt p\u00e5 kattugglor p\u00e5 dagkvist, men dippat s\u00e5v\u00e4l Renstr\u00f6mska som Vitsippsdalen. H\u00e4r hemma i Johanneberg tutar det p\u00e5 f\u00f6r fullt n\u00e4r jag skriver detta, men jag har ingen aning om var de \u00e4r p\u00e5 da\u00b4n eller var de h\u00e4ckar.<\/p>\n<p>Till slut dagens bedr\u00f6velse. Janne ringde och stod och gottade sig vid den gulbrynade. F\u00f6r att inte s\u00e4cka ihop totalt i Slottskogen d\u00e4r jag befann mig f\u00f6rs\u00f6kte jag &#8220;Burf\u00e5gel?&#8221;. F\u00f6r min inre syn log han medlidsamt &#8220;Kanske det men den \u00e4r mycket skygg&#8221;.<\/p>\n<p>Skaran av skeptiker tunnas ut alltmer, &#8220;a priori&#8221; \u00e4r det de som inte sett f\u00e5geln och snart \u00e4r bara jag kvar. I n\u00e4sta vecka \u00e5terst\u00e5r inte heller David som d\u00e5 har n\u00e5gra jobbardagar i Stockholm. Vem skall d\u00e5 lyssna till mina tunga argument? F\u00f6rs\u00f6kte f\u00f6rst med den n\u00e5got snarlika vitstrupiga sparven fr\u00e5n USA, som garanterat blivit s\u00e4nkt, men fick ge mig redan vid f\u00f6rsta fotot. Har sedan bitit mig fast att f\u00e5geln ligger p\u00e5 randen till att kunna f\u00f6rekomma h\u00e4r, utbredningsm\u00e4ssigt och populationsstorlek. Dessutom en attraktiv gammal hane som gjord f\u00f6r en bur! Det skorrar och l\u00e5ter patetiskt. N\u00e4stan som Tommy Burns n\u00e4r han blev p\u00e5pucklad av Jack Jonson i Sydney.<\/p>\n","protected":false},"excerpt":{"rendered":"<p>Fick ett SMS fr\u00e5n broder Ivar ig\u00e5r, &#8220;Kan en duvh\u00f6k ryttla?&#8221;. Svaret blev att den troligaste ryttlaren i sta\u00b4n \u00e4r tornfalken. Andra m\u00f6jliga, i sta\u00b4ns utkanter \u00e4r fj\u00e4llvr\u00e5ken och inte s\u00e5 ofta men \u00e4nd\u00e5 ormvr\u00e5ken (p\u00e5 Gotland ryttlar ormvr\u00e5kar ofta). Fiskgjusen \u00e4r en annan frekvent ryttlare, men alla gjusar \u00e4r s\u00e5 h\u00e4r \u00e5rs p\u00e5 sydligare [&hellip;]<\/p>\n","protected":false},"author":2,"featured_media":0,"comment_status":"open","ping_status":"open","sticky":false,"template":"","format":"standard","meta":{"jetpack_post_was_ever_published":false,"_jetpack_newsletter_access":"","_jetpack_dont_email_post_to_subs":false,"_jetpack_newsletter_tier_id":0,"_jetpack_memberships_contains_paywalled_content":false,"_jetpack_memberships_contains_paid_content":false,"footnotes":"","jetpack_publicize_message":"","jetpack_publicize_feature_enabled":true,"jetpack_social_post_already_shared":false,"jetpack_social_options":{"image_generator_settings":{"template":"highway","default_image_id":0,"font":"","enabled":false},"version":2}},"categories":[4,14],"tags":[],"class_list":["post-191","post","type-post","status-publish","format-standard","hentry","category-faltbestamning","category-goteborg"],"jetpack_publicize_connections":[],"jetpack_featured_media_url":"","jetpack_sharing_enabled":true,"jetpack_shortlink":"https:\/\/wp.me\/p7kiwE-35","jetpack-related-posts":[],"_links":{"self":[{"href":"https:\/\/olofarmini.com\/index.php?rest_route=\/wp\/v2\/posts\/191","targetHints":{"allow":["GET"]}}],"collection":[{"href":"https:\/\/olofarmini.com\/index.php?rest_route=\/wp\/v2\/posts"}],"about":[{"href":"https:\/\/olofarmini.com\/index.php?rest_route=\/wp\/v2\/types\/post"}],"author":[{"embeddable":true,"href":"https:\/\/olofarmini.com\/index.php?rest_route=\/wp\/v2\/users\/2"}],"replies":[{"embeddable":true,"href":"https:\/\/olofarmini.com\/index.php?rest_route=%2Fwp%2Fv2%2Fcomments&post=191"}],"version-history":[{"count":1,"href":"https:\/\/olofarmini.com\/index.php?rest_route=\/wp\/v2\/posts\/191\/revisions"}],"predecessor-version":[{"id":194,"href":"https:\/\/olofarmini.com\/index.php?rest_route=\/wp\/v2\/posts\/191\/revisions\/194"}],"wp:attachment":[{"href":"https:\/\/olofarmini.com\/index.php?rest_route=%2Fwp%2Fv2%2Fmedia&parent=191"}],"wp:term":[{"taxonomy":"category","embeddable":true,"href":"https:\/\/olofarmini.com\/index.php?rest_route=%2Fwp%2Fv2%2Fcategories&post=191"},{"taxonomy":"post_tag","embeddable":true,"href":"https:\/\/olofarmini.com\/index.php?rest_route=%2Fwp%2Fv2%2Ftags&post=191"}],"curies":[{"name":"wp","href":"https:\/\/api.w.org\/{rel}","templated":true}]}}