{"id":195,"date":"2009-01-15T22:30:16","date_gmt":"2009-01-15T20:30:16","guid":{"rendered":"http:\/\/olofarmini.com\/?p=195"},"modified":"2009-01-16T09:36:15","modified_gmt":"2009-01-16T07:36:15","slug":"konsert-pa-ullevi","status":"publish","type":"post","link":"https:\/\/olofarmini.com\/?p=195","title":{"rendered":"Konsert p\u00e5 Ullevi"},"content":{"rendered":"<p>Jag missade VM-58, jag s\u00e5g inte Ingo knocka Eddie Machen, Rolling stones och Bruce Springsteen har jag h\u00f6rt\u00a0fr\u00e5n Johanneberg och p\u00e5 friidrottsVM kollade jag in maraton-damerna p\u00e5 Avenyn.<\/p>\n<p>Men n\u00e4r Jan-\u00c5ke, som jag tr\u00e4ffade i Botaniska i morse, visste ber\u00e4tta att Storhertigen h\u00f6ll konsert p\u00e5 Ullevi &#8211; med hertiginna &#8211; ja d\u00e5 fanns jag p\u00e5 st\u00e5plats vid nedfarten till Ullevigaraget &#8211; 16:50 n\u00e4r m\u00f6rkret s\u00e4nkte sig \u00f6ver staden. Svag vind fr\u00e5n O, en grad kallt, dubbelt fleece-st\u00e4ll.<\/p>\n<p>Men kunde man h\u00f6ra n\u00e5got i stadens st\u00e4ndiga brus?<\/p>\n<p>Litet orolig tog jag en tur runt arenan. Aj-aj ett hoande p\u00e5 andra sidan Fattighus\u00e5n, bakom Mariakyrkan. F\u00f6rargligt, men jag \u00e5terv\u00e4nde till utg\u00e5ngsl\u00e4get. S\u00e5 precis 17:10 startade konserten, det blev en 10 minuters duett fr\u00e5n taket vid \u00f6stra pylonen. Precis som p\u00e5 Operan var det den st\u00f6rre hertiginnans ljusare st\u00e4mma som h\u00f6rdes mest medan den lille storhertigen visade var sk\u00e5pet skulle med sin vittljudande bas! Han satt ocks\u00e5 p\u00e5 en st\u00e4llning litet \u00f6ver hertiginnan.<\/p>\n<p>\u00d6verv\u00e4ldigad cyklade jag hem f\u00f6r att sm\u00e4lta f\u00f6rest\u00e4llningen\u00a0som hade\u00a0f\u00f6ljande rollista:<\/p>\n<p>Hibou grand-duc\u00a0\u00a0\u00a0\u00a0\u00a0\u00a0\u00a0\u00a0\u00a0\u00a0\u00a0\u00a0\u00a0\u00a0\u00a0\u00a0\u00a0\u00a0\u00a0\u00a0\u00a0\u00a0\u00a0\u00a0\u00a0\u00a0\u00a0\u00a0\u00a0\u00a0 Berguv hane, <em>Bubo bubo<\/em><\/p>\n<p>Hertiginnan\u00a0\u00a0\u00a0\u00a0\u00a0\u00a0\u00a0\u00a0\u00a0\u00a0\u00a0\u00a0\u00a0\u00a0\u00a0\u00a0\u00a0\u00a0\u00a0\u00a0\u00a0\u00a0\u00a0\u00a0\u00a0\u00a0\u00a0\u00a0\u00a0\u00a0\u00a0\u00a0\u00a0\u00a0\u00a0\u00a0\u00a0\u00a0\u00a0 Berguv hona, <em>Bubo bubo<\/em><\/p>\n<p>Kan till\u00e4ggas att tidigare i Fiskhamnen hade\u00a0dagens vitvingade ett litet &#8220;hack&#8221; centralt i stj\u00e4rten och inga (olje)fl\u00e4ckar. Den s\u00e5gs mycket, mycket bra!<\/p>\n","protected":false},"excerpt":{"rendered":"<p>Jag missade VM-58, jag s\u00e5g inte Ingo knocka Eddie Machen, Rolling stones och Bruce Springsteen har jag h\u00f6rt\u00a0fr\u00e5n Johanneberg och p\u00e5 friidrottsVM kollade jag in maraton-damerna p\u00e5 Avenyn. Men n\u00e4r Jan-\u00c5ke, som jag tr\u00e4ffade i Botaniska i morse, visste ber\u00e4tta att Storhertigen h\u00f6ll konsert p\u00e5 Ullevi &#8211; med hertiginna &#8211; ja d\u00e5 fanns jag p\u00e5 [&hellip;]<\/p>\n","protected":false},"author":2,"featured_media":0,"comment_status":"open","ping_status":"open","sticky":false,"template":"","format":"standard","meta":{"jetpack_post_was_ever_published":false,"_jetpack_newsletter_access":"","_jetpack_dont_email_post_to_subs":false,"_jetpack_newsletter_tier_id":0,"_jetpack_memberships_contains_paywalled_content":false,"_jetpack_memberships_contains_paid_content":false,"footnotes":"","jetpack_publicize_message":"","jetpack_publicize_feature_enabled":true,"jetpack_social_post_already_shared":false,"jetpack_social_options":{"image_generator_settings":{"template":"highway","default_image_id":0,"font":"","enabled":false},"version":2}},"categories":[4,14],"tags":[],"class_list":["post-195","post","type-post","status-publish","format-standard","hentry","category-faltbestamning","category-goteborg"],"jetpack_publicize_connections":[],"jetpack_featured_media_url":"","jetpack_sharing_enabled":true,"jetpack_shortlink":"https:\/\/wp.me\/p7kiwE-39","jetpack-related-posts":[],"_links":{"self":[{"href":"https:\/\/olofarmini.com\/index.php?rest_route=\/wp\/v2\/posts\/195","targetHints":{"allow":["GET"]}}],"collection":[{"href":"https:\/\/olofarmini.com\/index.php?rest_route=\/wp\/v2\/posts"}],"about":[{"href":"https:\/\/olofarmini.com\/index.php?rest_route=\/wp\/v2\/types\/post"}],"author":[{"embeddable":true,"href":"https:\/\/olofarmini.com\/index.php?rest_route=\/wp\/v2\/users\/2"}],"replies":[{"embeddable":true,"href":"https:\/\/olofarmini.com\/index.php?rest_route=%2Fwp%2Fv2%2Fcomments&post=195"}],"version-history":[{"count":3,"href":"https:\/\/olofarmini.com\/index.php?rest_route=\/wp\/v2\/posts\/195\/revisions"}],"predecessor-version":[{"id":197,"href":"https:\/\/olofarmini.com\/index.php?rest_route=\/wp\/v2\/posts\/195\/revisions\/197"}],"wp:attachment":[{"href":"https:\/\/olofarmini.com\/index.php?rest_route=%2Fwp%2Fv2%2Fmedia&parent=195"}],"wp:term":[{"taxonomy":"category","embeddable":true,"href":"https:\/\/olofarmini.com\/index.php?rest_route=%2Fwp%2Fv2%2Fcategories&post=195"},{"taxonomy":"post_tag","embeddable":true,"href":"https:\/\/olofarmini.com\/index.php?rest_route=%2Fwp%2Fv2%2Ftags&post=195"}],"curies":[{"name":"wp","href":"https:\/\/api.w.org\/{rel}","templated":true}]}}