{"id":199,"date":"2009-01-18T15:12:36","date_gmt":"2009-01-18T13:12:36","guid":{"rendered":"http:\/\/olofarmini.com\/?p=199"},"modified":"2009-01-18T15:24:05","modified_gmt":"2009-01-18T13:24:05","slug":"london-1","status":"publish","type":"post","link":"https:\/\/olofarmini.com\/?p=199","title":{"rendered":"London 1"},"content":{"rendered":"<p>Imorgon b\u00e4r det av med Ryan air. Tala om att &#8220;bully passangers&#8221;, bagage, att vara i (f\u00f6r)tid, ja, n\u00e4stan kl\u00e4dsel, s\u00e5 man tvivlar p\u00e5 att bli p\u00e5sl\u00e4ppt och komma iv\u00e4g. F\u00f6rutom att resan \u00e4r till f\u00f6r resandet och n\u00e5gra f\u00f6rh\u00e5llandevis billiga n\u00e4tter p\u00e5 hotell, s\u00e5 skall vi kolla in Mark Rothkos utst\u00e4llning p\u00e5 Tate Modern. MR f\u00f6ddes i Lettland men levde sitt konstn\u00e4rsliv i USA. Han betecknas som en abstrakt expressionist. Kanske avsl\u00f6jar det litet av min syn p\u00e5 f\u00e5gelsk\u00e5dandet. Vi bor i n\u00e4rheten av Kensington Gardens och Hyde Park, s\u00e5 det blir v\u00e4l en del engelska tamduvor. Tv\u00e5 &#8220;svenska&#8221; rarrisar som <em><strong>kan<\/strong><\/em> ses \u00e4r svartkr\u00e5ka och engelsk s\u00e4des\u00e4rla!?<\/p>\n<p>Dags f\u00f6r en liten summering so far f\u00f6r \u00e5ret. Sl\u00f6ar fortfarande men min pansjoslista, men den kommer!<\/p>\n<p>Har jobbat med Evas nymornade uggleintresse. Stor succ\u00e9 med sparvugglan vid Svarttj\u00e4rn och lika h\u00e5rt bakslag med berguvarna p\u00e5 Ullevi. Det var k\u00e4rvt och bl\u00e5sigt i g\u00e5r kv\u00e4ll och enligt uppgift\u00a0hade paret haft en herdestund p\u00e5 morgonen. Ett enstaka pumpande h\u00f6rdes fr\u00e5n G\u00e5rdah\u00e5llet. Kanske uvarna flyttar upp i Lunden n\u00e4r fotbollss\u00e4songen b\u00f6rjar!?<\/p>\n<p>Skall f\u00f6rs\u00f6ka f\u00e5 in kattugglan p\u00e5 n\u00e4thinnan ocks\u00e5. Finns att ses b\u00e5de vid Renstr\u00f6mska och \u00e4nnu n\u00e4rmare i vitsippsdalen i Botaniska. Den senare har varit speciellt g\u00e4ckande hittills.<\/p>\n<p>G\u00e5rdagen bj\u00f6d fyrtal i siskor, tidigare osedda av mig i\u00e5r.\u00a0Anade f\u00f6rst en\u00a0flock\u00a0(gr\u00e5s?)iskor som fl\u00f6g \u00f6ver n\u00e5gra ogr\u00e4stomter vid Eklanda. Som vanligt drog de rastl\u00f6st runt, extra oroade av en tornfalk. Jag s\u00e5g genast en avvikande vit individ, som fick mig att trotsa den pinande vinden och kylan.<\/p>\n<p>Efter en del jobb fick jag min bel\u00f6ning, drygt 60 gr\u00e5siskor, en klockren sn\u00f6siska, om \u00e4n &#8220;bara&#8221; honf\u00e4rgad och en sv\u00e5ruppt\u00e4ckt brunsiska som frukter av min envishet. Sn\u00f6siskor \u00e4r relativt frekventa i\u00e5r, s\u00e5 det \u00e4r ganska normalt med \u00e5tminstone en i en s\u00e5 h\u00e4r stor flock &#8211; om man sliter litet. Detsamma\u00a0g\u00e4ller brunsiska. Best\u00e4mningsm\u00e4ssigt \u00e4r det inte helt enkelt. Det finns m\u00f6jligheter av tre raser gr\u00e5siska (brunsiska inkluderad) och tv\u00e5 raser sn\u00f6siska. I det h\u00e4r fallet g\u00e4llde att utesluta sk &#8220;mealy redpoll&#8221; vad g\u00e4llde sn\u00f6siskan och brunsiskan l\u00e5g n\u00e4rmast \u00e5t vinterh\u00e4mplingh\u00e5llet &#8211; inte s\u00e5 sv\u00e5rt! \u00c5terkommer till \u00e4mnet.<\/p>\n<p>Hade sedan ett tiotal gr\u00f6nsiskor i alarna l\u00e4ngs b\u00e4cken som rinner ned fr\u00e5n \u00c4ngg\u00e5rden.<\/p>\n<p>Januarijakten gick av stapeln ig\u00e5r, s\u00e5 G\u00f6teborgsomr\u00e5det damms\u00f6gs av sin sk\u00e5darelit, mycket och totalt ett 80(?)-tal arter. Det s\u00f6g med b\u00e5de det ena och andra. Annars var det dagen innan, fredagen som bj\u00f6d de v\u00e4rsta st\u00e4nkarna.<\/p>\n<p>1. En misst\u00e4nkt jaktfalk i Torslandaviken. T\u00e4nk 1980 p\u00e5 sportlovet, d\u00e5 fanns den bl\u00e5 hangaren kvar p\u00e5 flygf\u00e4ltet och en v\u00e4ldig jaktfalk huserade d\u00e4r. Min f\u00f6rsta jaktfalk s\u00e5g jag annars p\u00e5 Str\u00f6mmen i Stockholm 1975!! Men tillbaka till den misst\u00e4nkta &#8211; kan ju vara samma som s\u00e5gs ett par g\u00e5nger i omr\u00e5det f\u00f6re jul.<\/p>\n<p>2. Ett meddelande som var en felinslagning p\u00e5 BMS, en Thayertrut i Fiskhamnen. F\u00f6r en gammel &#8220;uv&#8221; som undertecknad slog det ned med n\u00e4stan samma kraft som gulbrynade sparven i Stockholm. I mitten av \u00e5ttio-talet var presumptiva Thayertrutar, en i England och en i Sk\u00e5ne, p\u00e5 alla f\u00e5gelexperters l\u00e4ppar i flera m\u00e5nader. Undertecknad skrev utan att vara expert en artikel i underground-avisen Rovisen p\u00e5 det temat.<\/p>\n<p>Thayertrut betecknar i nul\u00e4get den urskiljbara rasen av vitvingad trut i dess v\u00e4stligaste utbredning (Berings sund). Den har m\u00f6rkare teckningar p\u00e5 vingpennor och stj\u00e4rt, och n\u00e4rmar sig d\u00e4rf\u00f6r i de aspekterna gr\u00e5trut. Denna f\u00f6r\u00e4ndring inom arten beskriver en \u00f6st-v\u00e4stlig klin, fr\u00e5n rent vita &#8220;glaucoides&#8221; via &#8220;kumleini&#8221; till &#8220;thayeri&#8221;. Allt om Thayertrut, som f\u00f6rst betraktades som egen art, dog pl\u00f6tsligt. Och m\u00e5nga som rest l\u00e5ngv\u00e4ga till en tipp i Sk\u00e5ne k\u00e4nde nog som en massa sk\u00e5dare skulle k\u00e4nna om pl\u00f6tsligt n\u00e5gon tr\u00e4dde fram och bek\u00e4nde att han sl\u00e4ppt ut en tam gulbrynad sparv p\u00e5 J\u00e4rvaf\u00e4ltet i december!<\/p>\n<p>Dock har tv\u00e5 gamla &#8220;kumleini&#8221; sk\u00e5dats i Halland p\u00e5 80-och 90-talet respektive. Sj\u00e4lv s\u00e5g jag en yngre &#8220;kumleini&#8221; p\u00e5 Varanger med David, Tudde och en tysk ornitolog som ocks\u00e5 var fotograf. Hans foton bidrog till en s\u00e4ker best\u00e4mning.<\/p>\n<p>Ser fram emot Gotland i mitten av februari. Efter mjukstart b\u00f6rjar det r\u00f6ra p\u00e5 sig, pille p\u00e5 silon i Klitehamn, svartn\u00e4bbad islom, gammal medelhavstrut och &#8230;!<\/p>\n","protected":false},"excerpt":{"rendered":"<p>Imorgon b\u00e4r det av med Ryan air. Tala om att &#8220;bully passangers&#8221;, bagage, att vara i (f\u00f6r)tid, ja, n\u00e4stan kl\u00e4dsel, s\u00e5 man tvivlar p\u00e5 att bli p\u00e5sl\u00e4ppt och komma iv\u00e4g. F\u00f6rutom att resan \u00e4r till f\u00f6r resandet och n\u00e5gra f\u00f6rh\u00e5llandevis billiga n\u00e4tter p\u00e5 hotell, s\u00e5 skall vi kolla in Mark Rothkos utst\u00e4llning p\u00e5 Tate Modern. [&hellip;]<\/p>\n","protected":false},"author":2,"featured_media":0,"comment_status":"open","ping_status":"open","sticky":false,"template":"","format":"standard","meta":{"jetpack_post_was_ever_published":false,"_jetpack_newsletter_access":"","_jetpack_dont_email_post_to_subs":false,"_jetpack_newsletter_tier_id":0,"_jetpack_memberships_contains_paywalled_content":false,"_jetpack_memberships_contains_paid_content":false,"footnotes":"","jetpack_publicize_message":"","jetpack_publicize_feature_enabled":true,"jetpack_social_post_already_shared":false,"jetpack_social_options":{"image_generator_settings":{"template":"highway","default_image_id":0,"font":"","enabled":false},"version":2}},"categories":[4,14,13],"tags":[],"class_list":["post-199","post","type-post","status-publish","format-standard","hentry","category-faltbestamning","category-goteborg","category-old-times"],"jetpack_publicize_connections":[],"jetpack_featured_media_url":"","jetpack_sharing_enabled":true,"jetpack_shortlink":"https:\/\/wp.me\/p7kiwE-3d","jetpack-related-posts":[],"_links":{"self":[{"href":"https:\/\/olofarmini.com\/index.php?rest_route=\/wp\/v2\/posts\/199","targetHints":{"allow":["GET"]}}],"collection":[{"href":"https:\/\/olofarmini.com\/index.php?rest_route=\/wp\/v2\/posts"}],"about":[{"href":"https:\/\/olofarmini.com\/index.php?rest_route=\/wp\/v2\/types\/post"}],"author":[{"embeddable":true,"href":"https:\/\/olofarmini.com\/index.php?rest_route=\/wp\/v2\/users\/2"}],"replies":[{"embeddable":true,"href":"https:\/\/olofarmini.com\/index.php?rest_route=%2Fwp%2Fv2%2Fcomments&post=199"}],"version-history":[{"count":3,"href":"https:\/\/olofarmini.com\/index.php?rest_route=\/wp\/v2\/posts\/199\/revisions"}],"predecessor-version":[{"id":202,"href":"https:\/\/olofarmini.com\/index.php?rest_route=\/wp\/v2\/posts\/199\/revisions\/202"}],"wp:attachment":[{"href":"https:\/\/olofarmini.com\/index.php?rest_route=%2Fwp%2Fv2%2Fmedia&parent=199"}],"wp:term":[{"taxonomy":"category","embeddable":true,"href":"https:\/\/olofarmini.com\/index.php?rest_route=%2Fwp%2Fv2%2Fcategories&post=199"},{"taxonomy":"post_tag","embeddable":true,"href":"https:\/\/olofarmini.com\/index.php?rest_route=%2Fwp%2Fv2%2Ftags&post=199"}],"curies":[{"name":"wp","href":"https:\/\/api.w.org\/{rel}","templated":true}]}}