{"id":2022,"date":"2013-08-10T18:41:06","date_gmt":"2013-08-10T16:41:06","guid":{"rendered":"http:\/\/olofarmini.com\/?p=2022"},"modified":"2013-08-10T18:41:06","modified_gmt":"2013-08-10T16:41:06","slug":"arlor-arlor","status":"publish","type":"post","link":"https:\/\/olofarmini.com\/?p=2022","title":{"rendered":"\u00c4rlor, \u00e4rlor"},"content":{"rendered":"<p>BAKGRUND<\/p>\n<p>1980 n\u00e4r jag kom till Gotland hade det setts en citron\u00e4rla p\u00e5 \u00f6n, en gammal hane i juni vid Muskmyr.<\/p>\n<p>1982 p\u00e5 h\u00f6sten hittade jag en 1k citron\u00e4rla p\u00e5 Sv\u00e4ltholmen och n\u00e5gra dagar senare hade Lars J en 1k p\u00e5 Faludden.<\/p>\n<p>1983 sista april hittade jag en gammal hane i V\u00e4stergarnsviken, den d\u00e5 tidigast n\u00e5gonsin i Sverige.<\/p>\n<p>Sedan har det rullat p\u00e5. Jag har sett en 2K hona p\u00e5 sensommaren i V\u00e4stergarn som blev ett tomt-X, Bertil uppt\u00e4ckte. En gammal hane i V\u00e4stergarnsviken. Och p\u00e5 Gotland har den varit \u00e5rlig med obsar framf\u00f6rallt p\u00e5 v\u00e5ren. Gamla hanar \u00e4r ju l\u00e4ttast.<\/p>\n<p>Citron\u00e4rlan h\u00e4ckar regelbundet i Estland och d\u00e5 och d\u00e5 i Sverige, ibland i bland\u00e4ktenskap med gul\u00e4rla!<\/p>\n<p>ID F\u00d6R 1K CITRON\u00c4RLA<\/p>\n<p>En 1K citron\u00e4rla \u00e4r tecknad i gr\u00e5vitt och har proportioner\/jizz mer som en s\u00e4des\u00e4rla \u00e4n en gul\u00e4rla. Den har ett \u00f6gonbrynsstreck som vidgar sig bakom \u00f6gat och i b\u00e4sta fall omsluter \u00f6ront\u00e4ckarna (d\u00e5 diagnostiskt!!!). Den har tv\u00e5 distinkta och breda vingband. Den har en t\u00e4mligen ljus tygel mellan \u00f6ga och n\u00e4bbas. Den har en m\u00f6rk avgr\u00e4nsning mellan \u00f6gonbrynsband och hj\u00e4ssan. Den har helsvart n\u00e4bb och helsvarta ben. Den kan ha ett distinkt gulstick i \u00f6gonbrynsbandet som toner ut bak\u00e5t. Den har en beigeton \u00f6ver br\u00f6stet som \u00e4r tydligast p\u00e5 sidorna. Den kan ha en m\u00f6rkfl\u00e4ckning \u00f6ver br\u00f6stet.<\/p>\n<p>Den aktuella f\u00e5geln kan beskrivas som diagnosticerad p\u00e5 alla punkter! Ibland s\u00e5g fr\u00e4mre vingbandet litet smalt ut och ibland s\u00e5g omslutningen litet bruten ut men det \u00e4ndrade sig n\u00e4r f\u00e5geln r\u00f6rde p\u00e5 sig.<\/p>\n<p>Och s\u00e5 l\u00e4tet, mycket karakt\u00e4ristisk, ett explosivt str\u00e4vt l\u00e4te som n\u00e4rmast kan liknas vid den st\u00f6rre pipl\u00e4rkans. H\u00f6rdes bra flera g\u00e5nger!<\/p>\n<p>FALLGROPAR<\/p>\n<p>Alla 1K s\u00e4des\u00e4rlor. Minns Lars J, n\u00e4r han ringde p\u00e5 h\u00f6sten-82, &#8220;S\u00e5 l\u00e4tt f\u00f6rsvunnen bland unga s\u00e4des\u00e4rlor&#8221;. Eller fr\u00e5n \u00d6land n\u00e4r en ung citron\u00e4rla sprungit omkring bland s\u00e4des\u00e4rlor i veckor under h\u00f6k\u00f6gon av idel \u00e4del sk\u00e5daradel innan den inf\u00e5ngades och ID-ades.<\/p>\n<p>Dock beh\u00f6ver ingen i V\u00e4stergarnsviken 3-5 augusti bekymra sig. Det var en rak best\u00e4mning! Tvekar man, s\u00e5 var det f\u00f6rmodligen en hastigt f\u00f6rbiilande 1K s\u00e4des\u00e4rla. Jag \u00e5terfann f\u00e5geln den 5:e och kunde visa den f\u00f6r en f\u00e5gelsk\u00e5dare, som l\u00e4tt kunde plotta och beskriva den!<\/p>\n<p>En sv\u00e5rare problematik \u00e4r 1K gul\u00e4rlor av \u00f6stligt ursprung. Dom \u00e4r gr\u00e5vita, l\u00e5ter som citron\u00e4rlor och hej-\u00e5-h\u00e5! I det h\u00e4r fallet b\u00f6r det inte vara n\u00e5got problem pga av tiden och den raka diagnostiken.<\/p>\n<p>Har sj\u00e4lv jobbat h\u00e5rt p\u00e5 en gul\u00e4rla (f\u00f6rm &#8220;Beema&#8221;) p\u00e5 Faludden en senh\u00f6st tillsammans med Henrik R.<\/p>\n<p>&nbsp;<\/p>\n<p>&nbsp;<\/p>\n","protected":false},"excerpt":{"rendered":"<p>BAKGRUND 1980 n\u00e4r jag kom till Gotland hade det setts en citron\u00e4rla p\u00e5 \u00f6n, en gammal hane i juni vid Muskmyr. 1982 p\u00e5 h\u00f6sten hittade jag en 1k citron\u00e4rla p\u00e5 Sv\u00e4ltholmen och n\u00e5gra dagar senare hade Lars J en 1k p\u00e5 Faludden. 1983 sista april hittade jag en gammal hane i V\u00e4stergarnsviken, den d\u00e5 tidigast [&hellip;]<\/p>\n","protected":false},"author":1,"featured_media":0,"comment_status":"open","ping_status":"open","sticky":false,"template":"","format":"standard","meta":{"jetpack_post_was_ever_published":false,"_jetpack_newsletter_access":"","_jetpack_dont_email_post_to_subs":false,"_jetpack_newsletter_tier_id":0,"_jetpack_memberships_contains_paywalled_content":false,"_jetpack_memberships_contains_paid_content":false,"footnotes":"","jetpack_publicize_message":"","jetpack_publicize_feature_enabled":true,"jetpack_social_post_already_shared":false,"jetpack_social_options":{"image_generator_settings":{"template":"highway","default_image_id":0,"font":"","enabled":false},"version":2}},"categories":[4,3],"tags":[],"class_list":["post-2022","post","type-post","status-publish","format-standard","hentry","category-faltbestamning","category-vastergarn"],"jetpack_publicize_connections":[],"jetpack_featured_media_url":"","jetpack_sharing_enabled":true,"jetpack_shortlink":"https:\/\/wp.me\/p7kiwE-wC","jetpack-related-posts":[],"_links":{"self":[{"href":"https:\/\/olofarmini.com\/index.php?rest_route=\/wp\/v2\/posts\/2022","targetHints":{"allow":["GET"]}}],"collection":[{"href":"https:\/\/olofarmini.com\/index.php?rest_route=\/wp\/v2\/posts"}],"about":[{"href":"https:\/\/olofarmini.com\/index.php?rest_route=\/wp\/v2\/types\/post"}],"author":[{"embeddable":true,"href":"https:\/\/olofarmini.com\/index.php?rest_route=\/wp\/v2\/users\/1"}],"replies":[{"embeddable":true,"href":"https:\/\/olofarmini.com\/index.php?rest_route=%2Fwp%2Fv2%2Fcomments&post=2022"}],"version-history":[{"count":1,"href":"https:\/\/olofarmini.com\/index.php?rest_route=\/wp\/v2\/posts\/2022\/revisions"}],"predecessor-version":[{"id":2023,"href":"https:\/\/olofarmini.com\/index.php?rest_route=\/wp\/v2\/posts\/2022\/revisions\/2023"}],"wp:attachment":[{"href":"https:\/\/olofarmini.com\/index.php?rest_route=%2Fwp%2Fv2%2Fmedia&parent=2022"}],"wp:term":[{"taxonomy":"category","embeddable":true,"href":"https:\/\/olofarmini.com\/index.php?rest_route=%2Fwp%2Fv2%2Fcategories&post=2022"},{"taxonomy":"post_tag","embeddable":true,"href":"https:\/\/olofarmini.com\/index.php?rest_route=%2Fwp%2Fv2%2Ftags&post=2022"}],"curies":[{"name":"wp","href":"https:\/\/api.w.org\/{rel}","templated":true}]}}