{"id":2026,"date":"2013-08-16T17:59:04","date_gmt":"2013-08-16T15:59:04","guid":{"rendered":"http:\/\/olofarmini.com\/?p=2026"},"modified":"2013-08-16T17:59:04","modified_gmt":"2013-08-16T15:59:04","slug":"stora-amundon-15-augusti-anno-13","status":"publish","type":"post","link":"https:\/\/olofarmini.com\/?p=2026","title":{"rendered":"Stora Amund\u00f6n 15 augusti anno -13"},"content":{"rendered":"<p>Med yrs hj\u00e4lp lyckades NaturStig pricka &#8211; mellan \u00e5sk-och regndagar, the day. Laber bris fr\u00e5n W, sol och v\u00e4rme.<\/p>\n<p>P\u00e5 bron ut mot \u00f6n kunde jag v\u00e4lkomna en 20-manna (eller heter det henna om man \u00e4r politiskt korrekt??) skara av f\u00f6rv\u00e4ntansfulla sk\u00e5dare. En del gamla bekanta andra nya ansikten.<\/p>\n<p>Yr av v\u00e4rmen efter cykelturen och euforin \u00f6ver fina v\u00e4dret skroderade jag om kommande bad. Hur det gick med det, visar sig!<\/p>\n<p>Amund\u00f6ns strand\u00e4ngar kunde genast visa ett vimmel av f\u00f6rv\u00e4ntade artgrupper som starar, svalor och \u00e4rlor. S\u00e5 h\u00e4r \u00e5rs \u00f6vernattar de i tusental i vassruggar och jagar sedan sv\u00e4rmande flygmyror p\u00e5 dagarna. Allt f\u00f6r att bygga upp sig inf\u00f6r stundande flytten mot s\u00f6der. Mest beundrade blev n\u00e5gra gul\u00e4rlor som spankulerade under manken p\u00e5 n\u00e5gra h\u00e4star.<\/p>\n<p>Gruppen visade sig inneh\u00e5lla m\u00e5nga vassa sk\u00e5dare, s\u00e5 undertecknad beh\u00f6vde inte anstr\u00e4nga sig, det uppt\u00e4cktes hejvilt, buskskv\u00e4tta, stenskv\u00e4tta, gluttsn\u00e4ppa, tornfalk, r\u00f6dstj\u00e4rt, gr\u00f6ng\u00f6ling och mycket mer.<\/p>\n<p>Stig hade utlovat g\u00e5sgam &#8211; och d\u00e4r kom den, men nej! &#8211; bara en gjuse men \u00e4nd\u00e5. Och d\u00e5 tr\u00e4dde dagens ledare fram, under gjusen drog en korsn\u00e4bbflock f\u00f6rbi. Han erbj\u00f6d d\u00e5 en sk string p\u00e5 dagens rarris &#8211; b\u00e4ndelkorsn\u00e4bb. Ingen nappade klokt nog.<\/p>\n<p>Mindre klokt var att dra hela g\u00e4nget den hala, klippiga stigen ut mot Kungsviken. Men ingen bangade och allt gick v\u00e4l. Tunt med f\u00e5gel i havsbandet men ett glittrande, glimrande hav och h\u00e4rlig samvaro i javans dofter.<\/p>\n<p>Vi kunde summera och enskilda artr\u00e4kningar hamnade p\u00e5 20+ medan gruppen totalt fick ihop n\u00e4stan \u00a0det dubbla.<\/p>\n<p>H\u00e4rliga tre timmar med trevliga m\u00e4nniskor!<\/p>\n<p>Enda smolket att missa g\u00e5sgam, svartpannad t\u00f6rnskata och&#8230;<\/p>\n<p><a href=\"http:\/\/olofarmini.com\/?attachment_id=2027\" rel=\"attachment wp-att-2027\"><img data-recalc-dims=\"1\" loading=\"lazy\" decoding=\"async\" data-attachment-id=\"2027\" data-permalink=\"https:\/\/olofarmini.com\/?attachment_id=2027\" data-orig-file=\"https:\/\/i0.wp.com\/olofarmini.com\/wp-content\/uploads\/2013\/08\/Olof-2-P8152688.jpg?fit=1645%2C1625&amp;ssl=1\" data-orig-size=\"1645,1625\" data-comments-opened=\"1\" data-image-meta=\"{&quot;aperture&quot;:&quot;0&quot;,&quot;credit&quot;:&quot;&quot;,&quot;camera&quot;:&quot;&quot;,&quot;caption&quot;:&quot;&quot;,&quot;created_timestamp&quot;:&quot;0&quot;,&quot;copyright&quot;:&quot;&quot;,&quot;focal_length&quot;:&quot;0&quot;,&quot;iso&quot;:&quot;0&quot;,&quot;shutter_speed&quot;:&quot;0&quot;,&quot;title&quot;:&quot;&quot;}\" data-image-title=\"Olof 2 P8152688\" data-image-description=\"\" data-image-caption=\"\" data-large-file=\"https:\/\/i0.wp.com\/olofarmini.com\/wp-content\/uploads\/2013\/08\/Olof-2-P8152688.jpg?fit=1024%2C1011&amp;ssl=1\" class=\"alignnone size-medium wp-image-2027\" title=\"Olof 2 P8152688\" src=\"https:\/\/i0.wp.com\/olofarmini.com\/wp-content\/uploads\/2013\/08\/Olof-2-P8152688-300x296.jpg?resize=300%2C296\" alt=\"\" width=\"300\" height=\"296\" srcset=\"https:\/\/i0.wp.com\/olofarmini.com\/wp-content\/uploads\/2013\/08\/Olof-2-P8152688.jpg?resize=300%2C296&amp;ssl=1 300w, https:\/\/i0.wp.com\/olofarmini.com\/wp-content\/uploads\/2013\/08\/Olof-2-P8152688.jpg?resize=1024%2C1011&amp;ssl=1 1024w, https:\/\/i0.wp.com\/olofarmini.com\/wp-content\/uploads\/2013\/08\/Olof-2-P8152688.jpg?w=1645&amp;ssl=1 1645w\" sizes=\"auto, (max-width: 300px) 100vw, 300px\" \/><\/a><a href=\"http:\/\/olofarmini.com\/?attachment_id=2028\" rel=\"attachment wp-att-2028\"><img data-recalc-dims=\"1\" loading=\"lazy\" decoding=\"async\" data-attachment-id=\"2028\" data-permalink=\"https:\/\/olofarmini.com\/?attachment_id=2028\" data-orig-file=\"https:\/\/i0.wp.com\/olofarmini.com\/wp-content\/uploads\/2013\/08\/Olof-4-P8152690.jpg?fit=1200%2C944&amp;ssl=1\" data-orig-size=\"1200,944\" data-comments-opened=\"1\" data-image-meta=\"{&quot;aperture&quot;:&quot;0&quot;,&quot;credit&quot;:&quot;&quot;,&quot;camera&quot;:&quot;&quot;,&quot;caption&quot;:&quot;&quot;,&quot;created_timestamp&quot;:&quot;0&quot;,&quot;copyright&quot;:&quot;&quot;,&quot;focal_length&quot;:&quot;0&quot;,&quot;iso&quot;:&quot;0&quot;,&quot;shutter_speed&quot;:&quot;0&quot;,&quot;title&quot;:&quot;&quot;}\" data-image-title=\"Olof 4 P8152690\" data-image-description=\"\" data-image-caption=\"\" data-large-file=\"https:\/\/i0.wp.com\/olofarmini.com\/wp-content\/uploads\/2013\/08\/Olof-4-P8152690.jpg?fit=1024%2C805&amp;ssl=1\" class=\"alignnone size-medium wp-image-2028\" title=\"Olof 4 P8152690\" src=\"https:\/\/i0.wp.com\/olofarmini.com\/wp-content\/uploads\/2013\/08\/Olof-4-P8152690-300x236.jpg?resize=300%2C236\" alt=\"\" width=\"300\" height=\"236\" srcset=\"https:\/\/i0.wp.com\/olofarmini.com\/wp-content\/uploads\/2013\/08\/Olof-4-P8152690.jpg?resize=300%2C236&amp;ssl=1 300w, https:\/\/i0.wp.com\/olofarmini.com\/wp-content\/uploads\/2013\/08\/Olof-4-P8152690.jpg?resize=1024%2C805&amp;ssl=1 1024w, https:\/\/i0.wp.com\/olofarmini.com\/wp-content\/uploads\/2013\/08\/Olof-4-P8152690.jpg?w=1200&amp;ssl=1 1200w\" sizes=\"auto, (max-width: 300px) 100vw, 300px\" \/><\/a><\/p>\n<p>&nbsp;<\/p>\n<p>Poseidon fr\u00e5n Johanneberg tackar er alla varmt.<\/p>\n","protected":false},"excerpt":{"rendered":"<p>Med yrs hj\u00e4lp lyckades NaturStig pricka &#8211; mellan \u00e5sk-och regndagar, the day. Laber bris fr\u00e5n W, sol och v\u00e4rme. P\u00e5 bron ut mot \u00f6n kunde jag v\u00e4lkomna en 20-manna (eller heter det henna om man \u00e4r politiskt korrekt??) skara av f\u00f6rv\u00e4ntansfulla sk\u00e5dare. En del gamla bekanta andra nya ansikten. Yr av v\u00e4rmen efter cykelturen och [&hellip;]<\/p>\n","protected":false},"author":1,"featured_media":0,"comment_status":"open","ping_status":"open","sticky":false,"template":"","format":"standard","meta":{"jetpack_post_was_ever_published":false,"_jetpack_newsletter_access":"","_jetpack_dont_email_post_to_subs":false,"_jetpack_newsletter_tier_id":0,"_jetpack_memberships_contains_paywalled_content":false,"_jetpack_memberships_contains_paid_content":false,"footnotes":"","jetpack_publicize_message":"","jetpack_publicize_feature_enabled":true,"jetpack_social_post_already_shared":false,"jetpack_social_options":{"image_generator_settings":{"template":"highway","default_image_id":0,"font":"","enabled":false},"version":2}},"categories":[14],"tags":[],"class_list":["post-2026","post","type-post","status-publish","format-standard","hentry","category-goteborg"],"jetpack_publicize_connections":[],"jetpack_featured_media_url":"","jetpack_sharing_enabled":true,"jetpack_shortlink":"https:\/\/wp.me\/p7kiwE-wG","jetpack-related-posts":[],"_links":{"self":[{"href":"https:\/\/olofarmini.com\/index.php?rest_route=\/wp\/v2\/posts\/2026","targetHints":{"allow":["GET"]}}],"collection":[{"href":"https:\/\/olofarmini.com\/index.php?rest_route=\/wp\/v2\/posts"}],"about":[{"href":"https:\/\/olofarmini.com\/index.php?rest_route=\/wp\/v2\/types\/post"}],"author":[{"embeddable":true,"href":"https:\/\/olofarmini.com\/index.php?rest_route=\/wp\/v2\/users\/1"}],"replies":[{"embeddable":true,"href":"https:\/\/olofarmini.com\/index.php?rest_route=%2Fwp%2Fv2%2Fcomments&post=2026"}],"version-history":[{"count":2,"href":"https:\/\/olofarmini.com\/index.php?rest_route=\/wp\/v2\/posts\/2026\/revisions"}],"predecessor-version":[{"id":2030,"href":"https:\/\/olofarmini.com\/index.php?rest_route=\/wp\/v2\/posts\/2026\/revisions\/2030"}],"wp:attachment":[{"href":"https:\/\/olofarmini.com\/index.php?rest_route=%2Fwp%2Fv2%2Fmedia&parent=2026"}],"wp:term":[{"taxonomy":"category","embeddable":true,"href":"https:\/\/olofarmini.com\/index.php?rest_route=%2Fwp%2Fv2%2Fcategories&post=2026"},{"taxonomy":"post_tag","embeddable":true,"href":"https:\/\/olofarmini.com\/index.php?rest_route=%2Fwp%2Fv2%2Ftags&post=2026"}],"curies":[{"name":"wp","href":"https:\/\/api.w.org\/{rel}","templated":true}]}}