{"id":2207,"date":"2013-11-28T10:46:13","date_gmt":"2013-11-28T08:46:13","guid":{"rendered":"http:\/\/olofarmini.com\/?p=2207"},"modified":"2013-11-28T10:46:13","modified_gmt":"2013-11-28T08:46:13","slug":"expeditioner-pa-lake-victoria-1","status":"publish","type":"post","link":"https:\/\/olofarmini.com\/?p=2207","title":{"rendered":"Expeditioner p\u00e5 Lake Victoria 1"},"content":{"rendered":"<p>F\u00f6rsta expeditionen l\u00f6rdagen 23 november.<\/p>\n<p>Paradise Island<\/p>\n<p><a href=\"http:\/\/olofarmini.com\/?attachment_id=2213\" rel=\"attachment wp-att-2213\"><img data-recalc-dims=\"1\" loading=\"lazy\" decoding=\"async\" data-attachment-id=\"2213\" data-permalink=\"https:\/\/olofarmini.com\/?attachment_id=2213\" data-orig-file=\"https:\/\/i0.wp.com\/olofarmini.com\/wp-content\/uploads\/2013\/11\/unnamed-1.jpg?fit=480%2C320&amp;ssl=1\" data-orig-size=\"480,320\" data-comments-opened=\"1\" data-image-meta=\"{&quot;aperture&quot;:&quot;0&quot;,&quot;credit&quot;:&quot;Picasa&quot;,&quot;camera&quot;:&quot;&quot;,&quot;caption&quot;:&quot;&quot;,&quot;created_timestamp&quot;:&quot;0&quot;,&quot;copyright&quot;:&quot;&quot;,&quot;focal_length&quot;:&quot;0&quot;,&quot;iso&quot;:&quot;0&quot;,&quot;shutter_speed&quot;:&quot;0&quot;,&quot;title&quot;:&quot;&quot;}\" data-image-title=\"unnamed-1\" data-image-description=\"\" data-image-caption=\"\" data-large-file=\"https:\/\/i0.wp.com\/olofarmini.com\/wp-content\/uploads\/2013\/11\/unnamed-1.jpg?fit=480%2C320&amp;ssl=1\" class=\"alignnone size-medium wp-image-2213\" title=\"unnamed-1\" src=\"https:\/\/i0.wp.com\/olofarmini.com\/wp-content\/uploads\/2013\/11\/unnamed-1-300x200.jpg?resize=300%2C200\" alt=\"\" width=\"300\" height=\"200\" srcset=\"https:\/\/i0.wp.com\/olofarmini.com\/wp-content\/uploads\/2013\/11\/unnamed-1.jpg?resize=300%2C200&amp;ssl=1 300w, https:\/\/i0.wp.com\/olofarmini.com\/wp-content\/uploads\/2013\/11\/unnamed-1.jpg?w=480&amp;ssl=1 480w\" sizes=\"auto, (max-width: 300px) 100vw, 300px\" \/><\/a><\/p>\n<p>Kaj hade rundat \u00f6n f\u00f6r n\u00e5gra veckor sedan och s\u00e5g genast potentialen, ett nytt IBA, International Bird Area. Tr\u00e4den var fullsp\u00e4ckade av bon, silkesh\u00e4grar, koh\u00e4grar, skarvar.<\/p>\n<p>Faktiskt \u00e4r inte s\u00e5 m\u00e5nga s\u00e5 stora kolonier av h\u00e4ckande Afrikanska Storskarvar och Silkesh\u00e4grar i Norra Victoriasj\u00f6n s\u00e4krade. Kaj har varit med f\u00f6rr och s\u00e4krade f\u00f6r n\u00e5gra \u00e5r sedan ett IBA i samma omr\u00e5de, Semuka Island.<\/p>\n<p>Vad Kaj inte visste var att Paradise Island tidigare var k\u00e4nd som Schimpansernas \u00f6. Idi Amin hade d\u00e4r ett av sina n\u00e4sten och satte bla ut Schimpanser. Efter hans fr\u00e5nf\u00e4lle f\u00f6rsvann de, f\u00f6rgiftade av fiskarna som var r\u00e4dda f\u00f6r dem eller s\u00e5 dog de av \u00e5lder. Idag bor d\u00e4r en vakt med ett gev\u00e4r fr\u00e5n den tiden och en dam som ser ut som en av Idis h\u00e5lldamer, fast\u00e4n m\u00e5nga generationer yngre. I en f\u00f6rfallen cementbunker med n\u00e5gra grisar under all f\u00e5geltr\u00e4cken!<\/p>\n<p>V\u00e5r expedition avgick fr\u00e5n Lutembes s\u00f6dra strand. Kaj hade engagerat Tage, gammal skolkamrat fr\u00e5n Hj\u00f6rring (v\u00e4rlden \u00e4r liten) och nu f\u00f6rest\u00e5ndare f\u00f6r en Primary School. Tage hade koll p\u00e5 en skuta av traditionell utformning, n\u00e4stan en minivikingab\u00e5t som man kunde k\u00f6ra upp p\u00e5 land. Att komma i ber\u00f6ring med strandvatten i Victoriasj\u00f6n \u00e4r inte riskfritt &#8211; Bilharzia!!!<\/p>\n<p><a href=\"http:\/\/olofarmini.com\/?attachment_id=2214\" rel=\"attachment wp-att-2214\"><img data-recalc-dims=\"1\" loading=\"lazy\" decoding=\"async\" data-attachment-id=\"2214\" data-permalink=\"https:\/\/olofarmini.com\/?attachment_id=2214\" data-orig-file=\"https:\/\/i0.wp.com\/olofarmini.com\/wp-content\/uploads\/2013\/11\/unnamed-2.jpg?fit=480%2C320&amp;ssl=1\" data-orig-size=\"480,320\" data-comments-opened=\"1\" data-image-meta=\"{&quot;aperture&quot;:&quot;0&quot;,&quot;credit&quot;:&quot;Picasa&quot;,&quot;camera&quot;:&quot;&quot;,&quot;caption&quot;:&quot;&quot;,&quot;created_timestamp&quot;:&quot;0&quot;,&quot;copyright&quot;:&quot;&quot;,&quot;focal_length&quot;:&quot;0&quot;,&quot;iso&quot;:&quot;0&quot;,&quot;shutter_speed&quot;:&quot;0&quot;,&quot;title&quot;:&quot;&quot;}\" data-image-title=\"unnamed-2\" data-image-description=\"\" data-image-caption=\"\" data-large-file=\"https:\/\/i0.wp.com\/olofarmini.com\/wp-content\/uploads\/2013\/11\/unnamed-2.jpg?fit=480%2C320&amp;ssl=1\" class=\"alignnone size-medium wp-image-2214\" title=\"unnamed-2\" src=\"https:\/\/i0.wp.com\/olofarmini.com\/wp-content\/uploads\/2013\/11\/unnamed-2-300x200.jpg?resize=300%2C200\" alt=\"\" width=\"300\" height=\"200\" srcset=\"https:\/\/i0.wp.com\/olofarmini.com\/wp-content\/uploads\/2013\/11\/unnamed-2.jpg?resize=300%2C200&amp;ssl=1 300w, https:\/\/i0.wp.com\/olofarmini.com\/wp-content\/uploads\/2013\/11\/unnamed-2.jpg?w=480&amp;ssl=1 480w\" sizes=\"auto, (max-width: 300px) 100vw, 300px\" \/><\/a><\/p>\n<p>Skippern hade en gedigen utombordare och tre mans bes\u00e4ttning, beh\u00f6vdes vid avg\u00e5ng, landg\u00e5ng och \u00f6sning av den l\u00e4ckande skorven.<\/p>\n<p>Expeditionsdeltagare var Kaj, Tage, Lovisa, tysk volont\u00e4r och fyra utvalda elever i 10-\u00e5rs\u00e5ldern samt undertecknad.<\/p>\n<p>En dryg skv\u00e4ttig halvtimme senare, med tusentals vitvingade t\u00e4rnor och sandt\u00e4rnor var vi framme och m\u00f6ttes av en pr\u00e4ktig Nilvaran. jag tyckte mig minnas historier om Amin och krokodiler.<\/p>\n<p><a href=\"http:\/\/olofarmini.com\/?attachment_id=2215\" rel=\"attachment wp-att-2215\"><img data-recalc-dims=\"1\" loading=\"lazy\" decoding=\"async\" data-attachment-id=\"2215\" data-permalink=\"https:\/\/olofarmini.com\/?attachment_id=2215\" data-orig-file=\"https:\/\/i0.wp.com\/olofarmini.com\/wp-content\/uploads\/2013\/11\/unnamed.jpg?fit=480%2C320&amp;ssl=1\" data-orig-size=\"480,320\" data-comments-opened=\"1\" data-image-meta=\"{&quot;aperture&quot;:&quot;0&quot;,&quot;credit&quot;:&quot;Picasa&quot;,&quot;camera&quot;:&quot;&quot;,&quot;caption&quot;:&quot;&quot;,&quot;created_timestamp&quot;:&quot;0&quot;,&quot;copyright&quot;:&quot;&quot;,&quot;focal_length&quot;:&quot;0&quot;,&quot;iso&quot;:&quot;0&quot;,&quot;shutter_speed&quot;:&quot;0&quot;,&quot;title&quot;:&quot;&quot;}\" data-image-title=\"unnamed\" data-image-description=\"\" data-image-caption=\"\" data-large-file=\"https:\/\/i0.wp.com\/olofarmini.com\/wp-content\/uploads\/2013\/11\/unnamed.jpg?fit=480%2C320&amp;ssl=1\" class=\"alignnone size-medium wp-image-2215\" title=\"unnamed\" src=\"https:\/\/i0.wp.com\/olofarmini.com\/wp-content\/uploads\/2013\/11\/unnamed-300x200.jpg?resize=300%2C200\" alt=\"\" width=\"300\" height=\"200\" srcset=\"https:\/\/i0.wp.com\/olofarmini.com\/wp-content\/uploads\/2013\/11\/unnamed.jpg?resize=300%2C200&amp;ssl=1 300w, https:\/\/i0.wp.com\/olofarmini.com\/wp-content\/uploads\/2013\/11\/unnamed.jpg?w=480&amp;ssl=1 480w\" sizes=\"auto, (max-width: 300px) 100vw, 300px\" \/><\/a><\/p>\n<p>\u00d6n \u00f6versv\u00e4mmade av f\u00e5glar, Afrikanska Dv\u00e4rgskarvar och Afrikanska Storskarvar, Koh\u00e4grar och Silkesh\u00e4grar dominerade men det fanns ocks\u00e5 Heliga Ibisar, Rosaryggade Pelikaner och annat sm\u00e5tt och gott. Brunglador och n\u00e5gon Wahlbergs\u00f6rn raidade oavbrutet. L\u00e4ckert med f\u00e5glar men i \u00f6vrigt ganska ol\u00e4ckert. Vi hittade till slut en strandremsa med Gr\u00f6nh\u00e4grar, Pied Kingfishers och plats f\u00f6r v\u00e5r tilltagna mats\u00e4ck p\u00e5 kex, kaffe och vatten!<\/p>\n<p><a href=\"http:\/\/olofarmini.com\/?attachment_id=2216\" rel=\"attachment wp-att-2216\"><img data-recalc-dims=\"1\" loading=\"lazy\" decoding=\"async\" data-attachment-id=\"2216\" data-permalink=\"https:\/\/olofarmini.com\/?attachment_id=2216\" data-orig-file=\"https:\/\/i0.wp.com\/olofarmini.com\/wp-content\/uploads\/2013\/11\/unnamed-3.jpg?fit=480%2C320&amp;ssl=1\" data-orig-size=\"480,320\" data-comments-opened=\"1\" data-image-meta=\"{&quot;aperture&quot;:&quot;0&quot;,&quot;credit&quot;:&quot;Picasa&quot;,&quot;camera&quot;:&quot;&quot;,&quot;caption&quot;:&quot;&quot;,&quot;created_timestamp&quot;:&quot;0&quot;,&quot;copyright&quot;:&quot;&quot;,&quot;focal_length&quot;:&quot;0&quot;,&quot;iso&quot;:&quot;0&quot;,&quot;shutter_speed&quot;:&quot;0&quot;,&quot;title&quot;:&quot;&quot;}\" data-image-title=\"unnamed-3\" data-image-description=\"\" data-image-caption=\"\" data-large-file=\"https:\/\/i0.wp.com\/olofarmini.com\/wp-content\/uploads\/2013\/11\/unnamed-3.jpg?fit=480%2C320&amp;ssl=1\" class=\"alignnone size-medium wp-image-2216\" title=\"unnamed-3\" src=\"https:\/\/i0.wp.com\/olofarmini.com\/wp-content\/uploads\/2013\/11\/unnamed-3-300x200.jpg?resize=300%2C200\" alt=\"\" width=\"300\" height=\"200\" srcset=\"https:\/\/i0.wp.com\/olofarmini.com\/wp-content\/uploads\/2013\/11\/unnamed-3.jpg?resize=300%2C200&amp;ssl=1 300w, https:\/\/i0.wp.com\/olofarmini.com\/wp-content\/uploads\/2013\/11\/unnamed-3.jpg?w=480&amp;ssl=1 480w\" sizes=\"auto, (max-width: 300px) 100vw, 300px\" \/><\/a><\/p>\n<p>Pl\u00f6tsligt drog vikingaskeppet iv\u00e4g och Kaj var sp\u00e5rl\u00f6st f\u00f6rsvunnen. T\u00e4nkte igen p\u00e5 alla historier fr\u00e5n f\u00f6rr! Men en halvtimme senare var b\u00e5ten p\u00e5 plats och ytterligare en halvtimme senare var vi i hamn. Och snart satt vi p\u00e5 Tage och Dorthes veranda med en h\u00e4rlig middag och kalla \u00f6l.<\/p>\n<p>Den Afrikanska natten s\u00e4nkte sig till musiken fr\u00e5n Dark-winged Nightjar och Spotted Eagle-owl.<\/p>\n<p>&nbsp;<\/p>\n<p>&nbsp;<\/p>\n","protected":false},"excerpt":{"rendered":"<p>F\u00f6rsta expeditionen l\u00f6rdagen 23 november. Paradise Island Kaj hade rundat \u00f6n f\u00f6r n\u00e5gra veckor sedan och s\u00e5g genast potentialen, ett nytt IBA, International Bird Area. Tr\u00e4den var fullsp\u00e4ckade av bon, silkesh\u00e4grar, koh\u00e4grar, skarvar. Faktiskt \u00e4r inte s\u00e5 m\u00e5nga s\u00e5 stora kolonier av h\u00e4ckande Afrikanska Storskarvar och Silkesh\u00e4grar i Norra Victoriasj\u00f6n s\u00e4krade. Kaj har varit med [&hellip;]<\/p>\n","protected":false},"author":1,"featured_media":0,"comment_status":"open","ping_status":"open","sticky":false,"template":"","format":"standard","meta":{"jetpack_post_was_ever_published":false,"_jetpack_newsletter_access":"","_jetpack_dont_email_post_to_subs":false,"_jetpack_newsletter_tier_id":0,"_jetpack_memberships_contains_paywalled_content":false,"_jetpack_memberships_contains_paid_content":false,"footnotes":"","jetpack_publicize_message":"","jetpack_publicize_feature_enabled":true,"jetpack_social_post_already_shared":false,"jetpack_social_options":{"image_generator_settings":{"template":"highway","default_image_id":0,"font":"","enabled":false},"version":2}},"categories":[1],"tags":[],"class_list":["post-2207","post","type-post","status-publish","format-standard","hentry","category-uncategorized"],"jetpack_publicize_connections":[],"jetpack_featured_media_url":"","jetpack_sharing_enabled":true,"jetpack_shortlink":"https:\/\/wp.me\/p7kiwE-zB","jetpack-related-posts":[],"_links":{"self":[{"href":"https:\/\/olofarmini.com\/index.php?rest_route=\/wp\/v2\/posts\/2207","targetHints":{"allow":["GET"]}}],"collection":[{"href":"https:\/\/olofarmini.com\/index.php?rest_route=\/wp\/v2\/posts"}],"about":[{"href":"https:\/\/olofarmini.com\/index.php?rest_route=\/wp\/v2\/types\/post"}],"author":[{"embeddable":true,"href":"https:\/\/olofarmini.com\/index.php?rest_route=\/wp\/v2\/users\/1"}],"replies":[{"embeddable":true,"href":"https:\/\/olofarmini.com\/index.php?rest_route=%2Fwp%2Fv2%2Fcomments&post=2207"}],"version-history":[{"count":8,"href":"https:\/\/olofarmini.com\/index.php?rest_route=\/wp\/v2\/posts\/2207\/revisions"}],"predecessor-version":[{"id":2220,"href":"https:\/\/olofarmini.com\/index.php?rest_route=\/wp\/v2\/posts\/2207\/revisions\/2220"}],"wp:attachment":[{"href":"https:\/\/olofarmini.com\/index.php?rest_route=%2Fwp%2Fv2%2Fmedia&parent=2207"}],"wp:term":[{"taxonomy":"category","embeddable":true,"href":"https:\/\/olofarmini.com\/index.php?rest_route=%2Fwp%2Fv2%2Fcategories&post=2207"},{"taxonomy":"post_tag","embeddable":true,"href":"https:\/\/olofarmini.com\/index.php?rest_route=%2Fwp%2Fv2%2Ftags&post=2207"}],"curies":[{"name":"wp","href":"https:\/\/api.w.org\/{rel}","templated":true}]}}