{"id":245,"date":"2009-03-02T10:50:48","date_gmt":"2009-03-02T08:50:48","guid":{"rendered":"http:\/\/olofarmini.com\/?p=245"},"modified":"2009-03-02T10:50:48","modified_gmt":"2009-03-02T08:50:48","slug":"varvinter","status":"publish","type":"post","link":"https:\/\/olofarmini.com\/?p=245","title":{"rendered":"V\u00e5rvinter"},"content":{"rendered":"<p>27 februari. I v\u00e4ntan p\u00e5 en lunchf\u00f6rest\u00e4llning av &#8220;I v\u00e4ntan p\u00e5 Godot&#8221; med klassikerna Sven Wollter och Iwar Wiklander tog jag efter att ha &#8220;vallat&#8221; Eva p\u00e5 going en halvtimme p\u00e5 Joberg-plattan. Inte i klass med<\/p>\n<p><a href=\"https:\/\/i0.wp.com\/olofarmini.com\/wp-content\/uploads\/2009\/03\/img_2339.jpg\"><img data-recalc-dims=\"1\" loading=\"lazy\" decoding=\"async\" data-attachment-id=\"246\" data-permalink=\"https:\/\/olofarmini.com\/?attachment_id=246\" data-orig-file=\"https:\/\/i0.wp.com\/olofarmini.com\/wp-content\/uploads\/2009\/03\/img_2339.jpg?fit=800%2C600&amp;ssl=1\" data-orig-size=\"800,600\" data-comments-opened=\"1\" data-image-meta=\"{&quot;aperture&quot;:&quot;2.8&quot;,&quot;credit&quot;:&quot;&quot;,&quot;camera&quot;:&quot;Canon DIGITAL IXUS 70&quot;,&quot;caption&quot;:&quot;&quot;,&quot;created_timestamp&quot;:&quot;1231411072&quot;,&quot;copyright&quot;:&quot;&quot;,&quot;focal_length&quot;:&quot;5.8&quot;,&quot;iso&quot;:&quot;80&quot;,&quot;shutter_speed&quot;:&quot;0.003125&quot;,&quot;title&quot;:&quot;&quot;}\" data-image-title=\"img_2339\" data-image-description=\"\" data-image-caption=\"\" data-large-file=\"https:\/\/i0.wp.com\/olofarmini.com\/wp-content\/uploads\/2009\/03\/img_2339.jpg?fit=800%2C600&amp;ssl=1\" class=\"alignnone size-medium wp-image-246\" title=\"img_2339\" src=\"https:\/\/i0.wp.com\/olofarmini.com\/wp-content\/uploads\/2009\/03\/img_2339-300x225.jpg?resize=300%2C225\" alt=\"\" width=\"300\" height=\"225\" srcset=\"https:\/\/i0.wp.com\/olofarmini.com\/wp-content\/uploads\/2009\/03\/img_2339.jpg?resize=300%2C225&amp;ssl=1 300w, https:\/\/i0.wp.com\/olofarmini.com\/wp-content\/uploads\/2009\/03\/img_2339.jpg?w=800&amp;ssl=1 800w\" sizes=\"auto, (max-width: 300px) 100vw, 300px\" \/><\/a><\/p>\n<p>V\u00e4stergarns sansl\u00f6sa tomtlista &#8211; men vad s\u00e4gs om tv\u00e5 berguvar som siktas under Ullevis tak och fina flockar med s\u00e5ngsvanar och g\u00e4ss mot norr. Ett tiotal s\u00e4dg\u00e4ss inte s\u00e5 dumt i G\u00f6tet. Teatern k\u00e4ndes fin efter detta, men oj, vad Sven, Sveriges sexigaste liknade Bettan. Bettans dotter \u00e4r sk\u00e5dis p\u00e5 Folkan s\u00e5&#8230;<\/p>\n<p>28 februari och sista vinterdagen ett icke-skott\u00e5r! Tar nu &#8220;vanliga&#8221; turen. F\u00f6rst Ullevi och uvarna, som liksom i g\u00e5r sitter vid och under NO-taket. I n\u00e4stan stilla med l\u00e4tt drag fr\u00e5n norr och en fl\u00f6dande sol m\u00e5ste det vara perfekta platsen. S\u00e5 till Fiskhamnen f\u00f6r att flukta vitvingade truten. Sega backar upp till och genom Slottskogen och s\u00e5 in i Botaniska, d\u00e4r kattugglan sitter s\u00e5 fint. En ekorre \u00e4r precis p\u00e5 v\u00e4g att kl\u00e4ttra upp p\u00e5 ugglan, men f\u00e5r en vis och tillr\u00e4ttavisande blick s\u00e5 att den raskt byter fil. N\u00e5gra n\u00f6tskrikor uppm\u00e4rksammar palavern och skr\u00e4nar vilt. Ugglan vrider litet s\u00f6mndrucket p\u00e5 huvudet innan den fallar till ro. Avslutar vid Bergsbo, d\u00e4r ingen h\u00f6r mina knackningar.<\/p>\n<p>Senare p\u00e5 dagen f\u00e5r jag en ny chans &#8211; att g\u00f6ra Lydia s\u00e4llskap till party i Bifrost. Verkade kul uppe i charmigt penthouse p\u00e5 Havrekornsgatan. P\u00e5 \u00e5terv\u00e4gen genom Safj\u00e4llet 7 str\u00e4ckande s\u00e4dg\u00e4ss och en sjungande mindre korsn\u00e4bb.<\/p>\n<p>1 mars och nu skall det vara v\u00e5r. Mer plusgrader och sydlig vind, men fuktigare och ruggigare. Blir en timme p\u00e5 plattan. Idag har uvarna s\u00f6kt skydd s\u00e5 jag inte kan se dem fr\u00e5n min utsiktsplats, men spridda s\u00e5ngsvanar, gr\u00e5g\u00e4ss, kanadag\u00e4ss samt f\u00f6r tredje dagen i rad s\u00e4dg\u00e4ss, tre stycken mot norr.<\/p>\n","protected":false},"excerpt":{"rendered":"<p>27 februari. I v\u00e4ntan p\u00e5 en lunchf\u00f6rest\u00e4llning av &#8220;I v\u00e4ntan p\u00e5 Godot&#8221; med klassikerna Sven Wollter och Iwar Wiklander tog jag efter att ha &#8220;vallat&#8221; Eva p\u00e5 going en halvtimme p\u00e5 Joberg-plattan. Inte i klass med V\u00e4stergarns sansl\u00f6sa tomtlista &#8211; men vad s\u00e4gs om tv\u00e5 berguvar som siktas under Ullevis tak och fina flockar med [&hellip;]<\/p>\n","protected":false},"author":2,"featured_media":0,"comment_status":"open","ping_status":"open","sticky":false,"template":"","format":"standard","meta":{"jetpack_post_was_ever_published":false,"_jetpack_newsletter_access":"","_jetpack_dont_email_post_to_subs":false,"_jetpack_newsletter_tier_id":0,"_jetpack_memberships_contains_paywalled_content":false,"_jetpack_memberships_contains_paid_content":false,"footnotes":"","jetpack_publicize_message":"","jetpack_publicize_feature_enabled":true,"jetpack_social_post_already_shared":false,"jetpack_social_options":{"image_generator_settings":{"template":"highway","default_image_id":0,"font":"","enabled":false},"version":2}},"categories":[14],"tags":[],"class_list":["post-245","post","type-post","status-publish","format-standard","hentry","category-goteborg"],"jetpack_publicize_connections":[],"jetpack_featured_media_url":"","jetpack_sharing_enabled":true,"jetpack_shortlink":"https:\/\/wp.me\/p7kiwE-3X","jetpack-related-posts":[],"_links":{"self":[{"href":"https:\/\/olofarmini.com\/index.php?rest_route=\/wp\/v2\/posts\/245","targetHints":{"allow":["GET"]}}],"collection":[{"href":"https:\/\/olofarmini.com\/index.php?rest_route=\/wp\/v2\/posts"}],"about":[{"href":"https:\/\/olofarmini.com\/index.php?rest_route=\/wp\/v2\/types\/post"}],"author":[{"embeddable":true,"href":"https:\/\/olofarmini.com\/index.php?rest_route=\/wp\/v2\/users\/2"}],"replies":[{"embeddable":true,"href":"https:\/\/olofarmini.com\/index.php?rest_route=%2Fwp%2Fv2%2Fcomments&post=245"}],"version-history":[{"count":1,"href":"https:\/\/olofarmini.com\/index.php?rest_route=\/wp\/v2\/posts\/245\/revisions"}],"predecessor-version":[{"id":247,"href":"https:\/\/olofarmini.com\/index.php?rest_route=\/wp\/v2\/posts\/245\/revisions\/247"}],"wp:attachment":[{"href":"https:\/\/olofarmini.com\/index.php?rest_route=%2Fwp%2Fv2%2Fmedia&parent=245"}],"wp:term":[{"taxonomy":"category","embeddable":true,"href":"https:\/\/olofarmini.com\/index.php?rest_route=%2Fwp%2Fv2%2Fcategories&post=245"},{"taxonomy":"post_tag","embeddable":true,"href":"https:\/\/olofarmini.com\/index.php?rest_route=%2Fwp%2Fv2%2Ftags&post=245"}],"curies":[{"name":"wp","href":"https:\/\/api.w.org\/{rel}","templated":true}]}}