{"id":2746,"date":"2015-02-01T10:45:09","date_gmt":"2015-02-01T08:45:09","guid":{"rendered":"http:\/\/olofarmini.com\/?p=2746"},"modified":"2015-02-01T10:45:09","modified_gmt":"2015-02-01T08:45:09","slug":"sno-pa-marken","status":"publish","type":"post","link":"https:\/\/olofarmini.com\/?p=2746","title":{"rendered":"Sn\u00f6 p\u00e5 marken"},"content":{"rendered":"<p>Vad var det jag sa\u00b4, SN\u00d6 p\u00e5 marken! Litet vinter lagom till sportloven i februari 2015!?<\/p>\n<p><a href=\"https:\/\/i0.wp.com\/olofarmini.com\/wp-content\/uploads\/2015\/02\/FullSizeRender.jpg\"><img data-recalc-dims=\"1\" loading=\"lazy\" decoding=\"async\" data-attachment-id=\"2747\" data-permalink=\"https:\/\/olofarmini.com\/?attachment_id=2747\" data-orig-file=\"https:\/\/i0.wp.com\/olofarmini.com\/wp-content\/uploads\/2015\/02\/FullSizeRender.jpg?fit=1095%2C1320&amp;ssl=1\" data-orig-size=\"1095,1320\" data-comments-opened=\"1\" data-image-meta=\"{&quot;aperture&quot;:&quot;0&quot;,&quot;credit&quot;:&quot;&quot;,&quot;camera&quot;:&quot;&quot;,&quot;caption&quot;:&quot;&quot;,&quot;created_timestamp&quot;:&quot;0&quot;,&quot;copyright&quot;:&quot;&quot;,&quot;focal_length&quot;:&quot;0&quot;,&quot;iso&quot;:&quot;0&quot;,&quot;shutter_speed&quot;:&quot;0&quot;,&quot;title&quot;:&quot;&quot;,&quot;orientation&quot;:&quot;1&quot;}\" data-image-title=\"FullSizeRender\" data-image-description=\"\" data-image-caption=\"\" data-large-file=\"https:\/\/i0.wp.com\/olofarmini.com\/wp-content\/uploads\/2015\/02\/FullSizeRender.jpg?fit=849%2C1024&amp;ssl=1\" class=\"alignnone size-medium wp-image-2747\" src=\"https:\/\/i0.wp.com\/olofarmini.com\/wp-content\/uploads\/2015\/02\/FullSizeRender-248x300.jpg?resize=248%2C300\" alt=\"FullSizeRender\" width=\"248\" height=\"300\" srcset=\"https:\/\/i0.wp.com\/olofarmini.com\/wp-content\/uploads\/2015\/02\/FullSizeRender.jpg?resize=248%2C300&amp;ssl=1 248w, https:\/\/i0.wp.com\/olofarmini.com\/wp-content\/uploads\/2015\/02\/FullSizeRender.jpg?resize=849%2C1024&amp;ssl=1 849w, https:\/\/i0.wp.com\/olofarmini.com\/wp-content\/uploads\/2015\/02\/FullSizeRender.jpg?w=1095&amp;ssl=1 1095w\" sizes=\"auto, (max-width: 248px) 100vw, 248px\" \/><\/a><\/p>\n<p>&nbsp;<\/p>\n<p>Mudderdammen i Torslandaviken 30 januari. Med b\u00e4ttre kamera hade man kunnat uppt\u00e4cka de tv<strong>\u00e5 BERGL\u00c4RKORNA<\/strong>, som ivrigt letade fr\u00f6n framf\u00f6r mina f\u00f6tter. Mellan sn\u00f6byarna var det en h\u00e4rlig sk\u00e5dning, <strong>S\u00e4vsparv, \u00c4ngspip, S\u00e5ngl\u00e4rka, R\u00f6dvingetrast, en patrullerande Bl\u00e5h\u00f6k och Sk\u00e4ggmesar<\/strong> i vassen. I dammen en <strong>R\u00d6RDROM, mycket Salskrakar<\/strong> och i strandkanten en <strong>Varf\u00e5gel.<\/strong><\/p>\n<p>Fortfarande v\u00e4rmegrader och mer minnande om en annalkande v\u00e5r \u00e4n vinter.<\/p>\n<p>Men, &#8220;aldrig f\u00f6rsent!&#8221;, f\u00f6rste februari<\/p>\n<p><a href=\"https:\/\/i0.wp.com\/olofarmini.com\/wp-content\/uploads\/2015\/02\/FullSizeRender-2.jpg\"><img data-recalc-dims=\"1\" loading=\"lazy\" decoding=\"async\" data-attachment-id=\"2748\" data-permalink=\"https:\/\/olofarmini.com\/?attachment_id=2748\" data-orig-file=\"https:\/\/i0.wp.com\/olofarmini.com\/wp-content\/uploads\/2015\/02\/FullSizeRender-2.jpg?fit=480%2C640&amp;ssl=1\" data-orig-size=\"480,640\" data-comments-opened=\"1\" data-image-meta=\"{&quot;aperture&quot;:&quot;0&quot;,&quot;credit&quot;:&quot;&quot;,&quot;camera&quot;:&quot;&quot;,&quot;caption&quot;:&quot;&quot;,&quot;created_timestamp&quot;:&quot;0&quot;,&quot;copyright&quot;:&quot;&quot;,&quot;focal_length&quot;:&quot;0&quot;,&quot;iso&quot;:&quot;0&quot;,&quot;shutter_speed&quot;:&quot;0&quot;,&quot;title&quot;:&quot;&quot;,&quot;orientation&quot;:&quot;1&quot;}\" data-image-title=\"FullSizeRender-2\" data-image-description=\"\" data-image-caption=\"\" data-large-file=\"https:\/\/i0.wp.com\/olofarmini.com\/wp-content\/uploads\/2015\/02\/FullSizeRender-2.jpg?fit=480%2C640&amp;ssl=1\" class=\"alignnone size-medium wp-image-2748\" src=\"https:\/\/i0.wp.com\/olofarmini.com\/wp-content\/uploads\/2015\/02\/FullSizeRender-2-225x300.jpg?resize=225%2C300\" alt=\"FullSizeRender-2\" width=\"225\" height=\"300\" srcset=\"https:\/\/i0.wp.com\/olofarmini.com\/wp-content\/uploads\/2015\/02\/FullSizeRender-2.jpg?resize=225%2C300&amp;ssl=1 225w, https:\/\/i0.wp.com\/olofarmini.com\/wp-content\/uploads\/2015\/02\/FullSizeRender-2.jpg?w=480&amp;ssl=1 480w\" sizes=\"auto, (max-width: 225px) 100vw, 225px\" \/><\/a><\/p>\n<p>Minusgrader och vit sn\u00f6 p\u00e5 Joberg!<\/p>\n<p>&nbsp;<\/p>\n","protected":false},"excerpt":{"rendered":"<p>Vad var det jag sa\u00b4, SN\u00d6 p\u00e5 marken! Litet vinter lagom till sportloven i februari 2015!? &nbsp; Mudderdammen i Torslandaviken 30 januari. Med b\u00e4ttre kamera hade man kunnat uppt\u00e4cka de tv\u00e5 BERGL\u00c4RKORNA, som ivrigt letade fr\u00f6n framf\u00f6r mina f\u00f6tter. Mellan sn\u00f6byarna var det en h\u00e4rlig sk\u00e5dning, S\u00e4vsparv, \u00c4ngspip, S\u00e5ngl\u00e4rka, R\u00f6dvingetrast, en patrullerande Bl\u00e5h\u00f6k och Sk\u00e4ggmesar [&hellip;]<\/p>\n","protected":false},"author":1,"featured_media":0,"comment_status":"open","ping_status":"open","sticky":false,"template":"","format":"standard","meta":{"jetpack_post_was_ever_published":false,"_jetpack_newsletter_access":"","_jetpack_dont_email_post_to_subs":false,"_jetpack_newsletter_tier_id":0,"_jetpack_memberships_contains_paywalled_content":false,"_jetpack_memberships_contains_paid_content":false,"footnotes":"","jetpack_publicize_message":"","jetpack_publicize_feature_enabled":true,"jetpack_social_post_already_shared":false,"jetpack_social_options":{"image_generator_settings":{"template":"highway","default_image_id":0,"font":"","enabled":false},"version":2}},"categories":[1],"tags":[],"class_list":["post-2746","post","type-post","status-publish","format-standard","hentry","category-uncategorized"],"jetpack_publicize_connections":[],"jetpack_featured_media_url":"","jetpack_sharing_enabled":true,"jetpack_shortlink":"https:\/\/wp.me\/p7kiwE-Ii","jetpack-related-posts":[],"_links":{"self":[{"href":"https:\/\/olofarmini.com\/index.php?rest_route=\/wp\/v2\/posts\/2746","targetHints":{"allow":["GET"]}}],"collection":[{"href":"https:\/\/olofarmini.com\/index.php?rest_route=\/wp\/v2\/posts"}],"about":[{"href":"https:\/\/olofarmini.com\/index.php?rest_route=\/wp\/v2\/types\/post"}],"author":[{"embeddable":true,"href":"https:\/\/olofarmini.com\/index.php?rest_route=\/wp\/v2\/users\/1"}],"replies":[{"embeddable":true,"href":"https:\/\/olofarmini.com\/index.php?rest_route=%2Fwp%2Fv2%2Fcomments&post=2746"}],"version-history":[{"count":1,"href":"https:\/\/olofarmini.com\/index.php?rest_route=\/wp\/v2\/posts\/2746\/revisions"}],"predecessor-version":[{"id":2749,"href":"https:\/\/olofarmini.com\/index.php?rest_route=\/wp\/v2\/posts\/2746\/revisions\/2749"}],"wp:attachment":[{"href":"https:\/\/olofarmini.com\/index.php?rest_route=%2Fwp%2Fv2%2Fmedia&parent=2746"}],"wp:term":[{"taxonomy":"category","embeddable":true,"href":"https:\/\/olofarmini.com\/index.php?rest_route=%2Fwp%2Fv2%2Fcategories&post=2746"},{"taxonomy":"post_tag","embeddable":true,"href":"https:\/\/olofarmini.com\/index.php?rest_route=%2Fwp%2Fv2%2Ftags&post=2746"}],"curies":[{"name":"wp","href":"https:\/\/api.w.org\/{rel}","templated":true}]}}