{"id":2765,"date":"2015-02-20T20:42:14","date_gmt":"2015-02-20T18:42:14","guid":{"rendered":"http:\/\/olofarmini.com\/?p=2765"},"modified":"2015-02-20T20:42:14","modified_gmt":"2015-02-20T18:42:14","slug":"grymt-20-vabruari","status":"publish","type":"post","link":"https:\/\/olofarmini.com\/?p=2765","title":{"rendered":"Grymt 20 vabruari"},"content":{"rendered":"<p>Medan stora delar av Sveriges alerta vabbar, k\u00f6rde David mig till Landvetter &#8211; i dis, bl\u00e5st och m\u00f6rker.<\/p>\n<p>Jag klagade att<strong> Mellanspetten<\/strong> varit sv\u00e5r och inte setts p\u00e5 tv\u00e5 dagar. Han beklagade och tr\u00f6stade n\u00e4r jag lastade ur.<\/p>\n<p>N\u00e4r jag landade p\u00e5 Visbyplattan och satte p\u00e5 mobilen ringde hans meddelande &#8221; <strong>Den \u00e4r kvar<\/strong>!!!&#8221;<\/p>\n<p>Anders m\u00f6tte med stora smajlet och en makal\u00f6s mats\u00e4ck p\u00e5 capoccini och senapskyckling p\u00e5 grovt br\u00f6d &#8211; och eoner av tid.<\/p>\n<p>Beh\u00f6vdes!!! &#8211; den hade flugit sin kos, n\u00e5gra h\u00e4rn\u00f6sandare \u00a0beklagade deltagande.<\/p>\n<p>Dipvisaren p\u00e5 max. Inga &#8220;suktade&#8221; i sikte, hade varit m\u00e4ngder tidigare helger. Men skam och efter en timme. L\u00e5ter favoritfotografen TGP visualisera min &#8220;kick&#8221;<\/p>\n<p><a href=\"https:\/\/i0.wp.com\/olofarmini.com\/wp-content\/uploads\/2015\/02\/ImageHandler.ashx_.jpeg\"><img data-recalc-dims=\"1\" loading=\"lazy\" decoding=\"async\" data-attachment-id=\"2766\" data-permalink=\"https:\/\/olofarmini.com\/?attachment_id=2766\" data-orig-file=\"https:\/\/i0.wp.com\/olofarmini.com\/wp-content\/uploads\/2015\/02\/ImageHandler.ashx_.jpeg?fit=580%2C349&amp;ssl=1\" data-orig-size=\"580,349\" data-comments-opened=\"1\" data-image-meta=\"{&quot;aperture&quot;:&quot;0&quot;,&quot;credit&quot;:&quot;&quot;,&quot;camera&quot;:&quot;&quot;,&quot;caption&quot;:&quot;&quot;,&quot;created_timestamp&quot;:&quot;0&quot;,&quot;copyright&quot;:&quot;&quot;,&quot;focal_length&quot;:&quot;0&quot;,&quot;iso&quot;:&quot;0&quot;,&quot;shutter_speed&quot;:&quot;0&quot;,&quot;title&quot;:&quot;&quot;,&quot;orientation&quot;:&quot;0&quot;}\" data-image-title=\"ImageHandler.ashx\" data-image-description=\"\" data-image-caption=\"\" data-large-file=\"https:\/\/i0.wp.com\/olofarmini.com\/wp-content\/uploads\/2015\/02\/ImageHandler.ashx_.jpeg?fit=580%2C349&amp;ssl=1\" class=\"alignnone size-medium wp-image-2766\" src=\"https:\/\/i0.wp.com\/olofarmini.com\/wp-content\/uploads\/2015\/02\/ImageHandler.ashx_-300x180.jpeg?resize=300%2C180\" alt=\"ImageHandler.ashx\" width=\"300\" height=\"180\" srcset=\"https:\/\/i0.wp.com\/olofarmini.com\/wp-content\/uploads\/2015\/02\/ImageHandler.ashx_.jpeg?resize=300%2C180&amp;ssl=1 300w, https:\/\/i0.wp.com\/olofarmini.com\/wp-content\/uploads\/2015\/02\/ImageHandler.ashx_.jpeg?w=580&amp;ssl=1 580w\" sizes=\"auto, (max-width: 300px) 100vw, 300px\" \/><\/a><\/p>\n<p>Tack Torsten i skuggan av murgr\u00f6nan kr\u00f6p den fram och tillbaka. Jag fipplade med mobilen och ringde hem till Janne innan jag fick tag i Anders. Underbart \u00e4r kort &#8211; sic.<\/p>\n<p>Efter detta jobbade vi oss upp till Lickershamn och det bidde b\u00e5d\u00b4 <strong>Fossekalle och Alf\u00f6rr\u00e4dare<\/strong> &#8211; och s\u00f6derut och hem till V\u00e4stergarn med <strong>Trana, S\u00e4dg\u00e5s och Bl\u00e4sg\u00e5s.<\/strong><\/p>\n<p>S\u00e5 i stugan med <strong>Sidensvansar<\/strong> \u00a0som kalasar p\u00e5 de sista nyponen. Och jag h\u00f6rde deras ringande l\u00e4ta, det f\u00f6rsta l\u00e4te jag f\u00f6rlorade med min nedsatta h\u00f6rsel &#8211; <strong>JAG M\u00c5R FINT!!!!!<\/strong><\/p>\n","protected":false},"excerpt":{"rendered":"<p>Medan stora delar av Sveriges alerta vabbar, k\u00f6rde David mig till Landvetter &#8211; i dis, bl\u00e5st och m\u00f6rker. Jag klagade att Mellanspetten varit sv\u00e5r och inte setts p\u00e5 tv\u00e5 dagar. Han beklagade och tr\u00f6stade n\u00e4r jag lastade ur. N\u00e4r jag landade p\u00e5 Visbyplattan och satte p\u00e5 mobilen ringde hans meddelande &#8221; Den \u00e4r kvar!!!&#8221; Anders [&hellip;]<\/p>\n","protected":false},"author":1,"featured_media":0,"comment_status":"open","ping_status":"open","sticky":false,"template":"","format":"standard","meta":{"jetpack_post_was_ever_published":false,"_jetpack_newsletter_access":"","_jetpack_dont_email_post_to_subs":false,"_jetpack_newsletter_tier_id":0,"_jetpack_memberships_contains_paywalled_content":false,"_jetpack_memberships_contains_paid_content":false,"footnotes":"","jetpack_publicize_message":"","jetpack_publicize_feature_enabled":true,"jetpack_social_post_already_shared":false,"jetpack_social_options":{"image_generator_settings":{"template":"highway","default_image_id":0,"font":"","enabled":false},"version":2}},"categories":[15,3],"tags":[],"class_list":["post-2765","post","type-post","status-publish","format-standard","hentry","category-resor","category-vastergarn"],"jetpack_publicize_connections":[],"jetpack_featured_media_url":"","jetpack_sharing_enabled":true,"jetpack_shortlink":"https:\/\/wp.me\/p7kiwE-IB","jetpack-related-posts":[],"_links":{"self":[{"href":"https:\/\/olofarmini.com\/index.php?rest_route=\/wp\/v2\/posts\/2765","targetHints":{"allow":["GET"]}}],"collection":[{"href":"https:\/\/olofarmini.com\/index.php?rest_route=\/wp\/v2\/posts"}],"about":[{"href":"https:\/\/olofarmini.com\/index.php?rest_route=\/wp\/v2\/types\/post"}],"author":[{"embeddable":true,"href":"https:\/\/olofarmini.com\/index.php?rest_route=\/wp\/v2\/users\/1"}],"replies":[{"embeddable":true,"href":"https:\/\/olofarmini.com\/index.php?rest_route=%2Fwp%2Fv2%2Fcomments&post=2765"}],"version-history":[{"count":1,"href":"https:\/\/olofarmini.com\/index.php?rest_route=\/wp\/v2\/posts\/2765\/revisions"}],"predecessor-version":[{"id":2767,"href":"https:\/\/olofarmini.com\/index.php?rest_route=\/wp\/v2\/posts\/2765\/revisions\/2767"}],"wp:attachment":[{"href":"https:\/\/olofarmini.com\/index.php?rest_route=%2Fwp%2Fv2%2Fmedia&parent=2765"}],"wp:term":[{"taxonomy":"category","embeddable":true,"href":"https:\/\/olofarmini.com\/index.php?rest_route=%2Fwp%2Fv2%2Fcategories&post=2765"},{"taxonomy":"post_tag","embeddable":true,"href":"https:\/\/olofarmini.com\/index.php?rest_route=%2Fwp%2Fv2%2Ftags&post=2765"}],"curies":[{"name":"wp","href":"https:\/\/api.w.org\/{rel}","templated":true}]}}