{"id":2770,"date":"2015-02-27T22:59:23","date_gmt":"2015-02-27T20:59:23","guid":{"rendered":"http:\/\/olofarmini.com\/?p=2770"},"modified":"2015-02-28T07:00:17","modified_gmt":"2015-02-28T05:00:17","slug":"melissa-ii","status":"publish","type":"post","link":"https:\/\/olofarmini.com\/?p=2770","title":{"rendered":"Melissa II"},"content":{"rendered":"<p>I dessa VM-tider g\u00f6r \u00a0jag j\u00e4mf\u00f6relser mellan idrott och sk\u00e5dande.<\/p>\n<p>En del \u00e4r glada att f\u00e5 vara med i en korpmatch eller att vara b\u00e4st i klassen i kast med liten boll. Patrick Sj\u00f6berg ans\u00e5g att det ultimata var att sl\u00e5 v\u00e4rldsrekord i h\u00f6jdhopp.<\/p>\n<p>En sk\u00e5dare kan vara glad att deltaga i ett drag till en raritet. Att som Josef hitta den extinkta arten, som alla Sveriges sk\u00e5dare drar p\u00e5, \u00e4r som f\u00f6rstaplatsen i ett stort m\u00e4sterskap.<\/p>\n<p>S\u00e5lunda v\u00e4rderade jag &#8220;draget&#8221; p\u00e5 <strong>Melissa<\/strong> f\u00f6r en vecka sedan h\u00f6gt. Direkt fr\u00e5n flyget, alla medtittare borta med vinden, \u00a0jag \u00e5terfann den. Men obsen var flyktig. Som Marcus Hellner eller Maria Rydqvist, fj\u00e4rdeplats och f\u00f6rargligt att missa pallen! &#8211; Pretto, en smula kr\u00e4sen?<\/p>\n<p>Allts\u00e5 \u00f6vertalade jag Anders onsdagen 25:e. V\u00e4gen var f\u00f6rr\u00e4diskt hal trots +4\u00b0c. Framme solsken och bara en bil p\u00e5 parkeringen. Jag sl\u00e4pptes vid vita bruksbyggnaden, med noggranna instruktioner om mobilkontakt, och vandrade \u00e5kerv\u00e4gen mot Bruna huset med matningen.<\/p>\n<p>D\u00e4r hade man privatiserat \u00a0kraftfullt och tomtgr\u00e4nsen hade utvidgats med ett bl\u00e5tt sn\u00f6re. Bara genom att forcera detta och skyltar som varnade &#8220;hit men inte l\u00e4ngre&#8221; kunde man ana matningen.<\/p>\n<p>\u00c4garna till bilen, tv\u00e5 k\u00e4cka grabbar fr\u00e5n T\u00e4by, Rikard och Bosse irrade liksom jag sj\u00e4lv i branten vid Bruna huset. Vi gjorde en misslyckad attack mot Bruna husets talgdank och besl\u00f6t att jag blev kvar medan grabbarna ansl\u00f6t till Anders i parken.<\/p>\n<p>Hade jag missat vallningen, k\u00e4ndes som bakhalt?! Kavade en timme utefter v\u00e4gen, upp-och ned i branten. Kanske l\u00e4ge att jag ocks\u00e5\u2026? S\u00e5 h\u00f6rdes<\/p>\n<p><strong>http:\/\/www.xeno-canto.org\/species\/Dendrocopos-medius?&amp;view=3<\/strong><\/p>\n<p>P\u00e5 denna sida vimlar det av mellanspettars olika l\u00e4ten. &#8220;Irritationsl\u00e4tet&#8221; p\u00e5 xc 173861 kryddat med s\u00e5ng och lock fr\u00e5n xc 173857 och xc 170646, s\u00e5 satt det sm\u00e4ck bakom tinnitusen. Jag tror <strong>Mellanspetten<\/strong> gruffade med n\u00e5gra <strong>Koltrastar\u00a0<\/strong>och jag k\u00e4nde jaktinstinkten och vinnarskallen kalla som hos Charlotte Kalla!<\/p>\n<p>Efter en del fipplande med I-phonen och xeno-canto kom n\u00e5got flygande och satte sig i tr\u00e4det utanf\u00f6r grinden till Bruna huset. Sekundkort fick jag se <strong>Melissa<\/strong> innan hen drog ned mot den avsp\u00e4rrade talgen!!!<\/p>\n<p>Dax att ringa Anders. Margaretha svarade. &#8220;Han har gl\u00f6mt mobilen hemma p\u00e5 laddning&#8221;. Ringde Rikard och bad honom ta tag i Anders.<\/p>\n<p>Samtidigt kom <strong>Melissa<\/strong> flygande fr\u00e5n Bruna huset. Och d\u00e4r kom T\u00e4bygrabbarna l\u00f6pande med en ok\u00e4nd person som de tagit f\u00f6r Anders. Alla tre fr\u00f6s pl\u00f6tsligt och kamerorna gick varma.<\/p>\n<p><a href=\"https:\/\/i0.wp.com\/olofarmini.com\/wp-content\/uploads\/2015\/02\/2015-02-25-Mellanspett-041.jpg\"><img data-recalc-dims=\"1\" loading=\"lazy\" decoding=\"async\" data-attachment-id=\"2771\" data-permalink=\"https:\/\/olofarmini.com\/?attachment_id=2771\" data-orig-file=\"https:\/\/i0.wp.com\/olofarmini.com\/wp-content\/uploads\/2015\/02\/2015-02-25-Mellanspett-041.jpg?fit=3029%2C2019&amp;ssl=1\" data-orig-size=\"3029,2019\" data-comments-opened=\"1\" data-image-meta=\"{&quot;aperture&quot;:&quot;8&quot;,&quot;credit&quot;:&quot;&quot;,&quot;camera&quot;:&quot;Canon EOS 7D&quot;,&quot;caption&quot;:&quot;&quot;,&quot;created_timestamp&quot;:&quot;1424862267&quot;,&quot;copyright&quot;:&quot;&quot;,&quot;focal_length&quot;:&quot;600&quot;,&quot;iso&quot;:&quot;800&quot;,&quot;shutter_speed&quot;:&quot;0.005&quot;,&quot;title&quot;:&quot;&quot;,&quot;orientation&quot;:&quot;1&quot;}\" data-image-title=\"2015-02-25 Mellanspett 041\" data-image-description=\"\" data-image-caption=\"\" data-large-file=\"https:\/\/i0.wp.com\/olofarmini.com\/wp-content\/uploads\/2015\/02\/2015-02-25-Mellanspett-041.jpg?fit=1024%2C682&amp;ssl=1\" class=\"alignnone size-medium wp-image-2771\" src=\"https:\/\/i0.wp.com\/olofarmini.com\/wp-content\/uploads\/2015\/02\/2015-02-25-Mellanspett-041-300x199.jpg?resize=300%2C199\" alt=\"2015-02-25 Mellanspett 041\" width=\"300\" height=\"199\" srcset=\"https:\/\/i0.wp.com\/olofarmini.com\/wp-content\/uploads\/2015\/02\/2015-02-25-Mellanspett-041.jpg?resize=300%2C199&amp;ssl=1 300w, https:\/\/i0.wp.com\/olofarmini.com\/wp-content\/uploads\/2015\/02\/2015-02-25-Mellanspett-041.jpg?resize=1024%2C682&amp;ssl=1 1024w, https:\/\/i0.wp.com\/olofarmini.com\/wp-content\/uploads\/2015\/02\/2015-02-25-Mellanspett-041.jpg?w=2000&amp;ssl=1 2000w, https:\/\/i0.wp.com\/olofarmini.com\/wp-content\/uploads\/2015\/02\/2015-02-25-Mellanspett-041.jpg?w=3000&amp;ssl=1 3000w\" sizes=\"auto, (max-width: 300px) 100vw, 300px\" \/><\/a><a href=\"https:\/\/i0.wp.com\/olofarmini.com\/wp-content\/uploads\/2015\/02\/2015-02-25-05380.jpg\"><img data-recalc-dims=\"1\" loading=\"lazy\" decoding=\"async\" data-attachment-id=\"2772\" data-permalink=\"https:\/\/olofarmini.com\/?attachment_id=2772\" data-orig-file=\"https:\/\/i0.wp.com\/olofarmini.com\/wp-content\/uploads\/2015\/02\/2015-02-25-05380.jpg?fit=500%2C500&amp;ssl=1\" data-orig-size=\"500,500\" data-comments-opened=\"1\" data-image-meta=\"{&quot;aperture&quot;:&quot;5.6&quot;,&quot;credit&quot;:&quot;Bo Johansson&quot;,&quot;camera&quot;:&quot;Canon EOS 7D Mark II&quot;,&quot;caption&quot;:&quot;&quot;,&quot;created_timestamp&quot;:&quot;1424858502&quot;,&quot;copyright&quot;:&quot;Bo Johansson&quot;,&quot;focal_length&quot;:&quot;400&quot;,&quot;iso&quot;:&quot;1600&quot;,&quot;shutter_speed&quot;:&quot;0.001&quot;,&quot;title&quot;:&quot;&quot;,&quot;orientation&quot;:&quot;1&quot;}\" data-image-title=\"2015-02-25-05380\" data-image-description=\"\" data-image-caption=\"\" data-large-file=\"https:\/\/i0.wp.com\/olofarmini.com\/wp-content\/uploads\/2015\/02\/2015-02-25-05380.jpg?fit=500%2C500&amp;ssl=1\" class=\"alignnone size-medium wp-image-2772\" src=\"https:\/\/i0.wp.com\/olofarmini.com\/wp-content\/uploads\/2015\/02\/2015-02-25-05380-300x300.jpg?resize=300%2C300\" alt=\"2015-02-25-05380\" width=\"300\" height=\"300\" srcset=\"https:\/\/i0.wp.com\/olofarmini.com\/wp-content\/uploads\/2015\/02\/2015-02-25-05380.jpg?resize=300%2C300&amp;ssl=1 300w, https:\/\/i0.wp.com\/olofarmini.com\/wp-content\/uploads\/2015\/02\/2015-02-25-05380.jpg?resize=150%2C150&amp;ssl=1 150w, https:\/\/i0.wp.com\/olofarmini.com\/wp-content\/uploads\/2015\/02\/2015-02-25-05380.jpg?w=500&amp;ssl=1 500w\" sizes=\"auto, (max-width: 300px) 100vw, 300px\" \/><\/a><\/p>\n<p>&nbsp;<\/p>\n<p>H\u00e4rliga bilder, Rikard och Bosse, och vi nj\u00f6t alla i fulla drag och jag kunde \u00e4ntligen<\/p>\n<p style=\"text-align: center;\"><strong>kliva upp p\u00e5 pallen.<\/strong><\/p>\n<p>Argumentet f\u00f6r att hen \u00e4r en hon \u00e4r framf\u00f6rallt den begr\u00e4nsade utbredningen av r\u00f6tt p\u00e5 hj\u00e4ssan. P\u00e5 v\u00e4nstra bilden kan det svarta tyckas krypa upp p\u00e5 bakhj\u00e4ssan och p\u00e5 den den h\u00f6gra syns samma omr\u00e5de som gyllenbrunt. Reservation f\u00f6r ung hane med klen utf\u00e4rgning kanske f\u00f6rst\u00e4rkt av ovan diet och solitude???<\/p>\n<p><a href=\"https:\/\/i0.wp.com\/olofarmini.com\/wp-content\/uploads\/2015\/02\/lummelunda-3.jpg\"><img data-recalc-dims=\"1\" loading=\"lazy\" decoding=\"async\" data-attachment-id=\"2773\" data-permalink=\"https:\/\/olofarmini.com\/?attachment_id=2773\" data-orig-file=\"https:\/\/i0.wp.com\/olofarmini.com\/wp-content\/uploads\/2015\/02\/lummelunda-3.jpg?fit=1045%2C972&amp;ssl=1\" data-orig-size=\"1045,972\" data-comments-opened=\"1\" data-image-meta=\"{&quot;aperture&quot;:&quot;0&quot;,&quot;credit&quot;:&quot;&quot;,&quot;camera&quot;:&quot;&quot;,&quot;caption&quot;:&quot;&quot;,&quot;created_timestamp&quot;:&quot;0&quot;,&quot;copyright&quot;:&quot;&quot;,&quot;focal_length&quot;:&quot;0&quot;,&quot;iso&quot;:&quot;0&quot;,&quot;shutter_speed&quot;:&quot;0&quot;,&quot;title&quot;:&quot;&quot;,&quot;orientation&quot;:&quot;0&quot;}\" data-image-title=\"lummelunda-3\" data-image-description=\"\" data-image-caption=\"\" data-large-file=\"https:\/\/i0.wp.com\/olofarmini.com\/wp-content\/uploads\/2015\/02\/lummelunda-3.jpg?fit=1024%2C952&amp;ssl=1\" class=\"alignnone size-medium wp-image-2773\" src=\"https:\/\/i0.wp.com\/olofarmini.com\/wp-content\/uploads\/2015\/02\/lummelunda-3-300x279.jpg?resize=300%2C279\" alt=\"lummelunda-3\" width=\"300\" height=\"279\" srcset=\"https:\/\/i0.wp.com\/olofarmini.com\/wp-content\/uploads\/2015\/02\/lummelunda-3.jpg?resize=300%2C279&amp;ssl=1 300w, https:\/\/i0.wp.com\/olofarmini.com\/wp-content\/uploads\/2015\/02\/lummelunda-3.jpg?resize=1024%2C952&amp;ssl=1 1024w, https:\/\/i0.wp.com\/olofarmini.com\/wp-content\/uploads\/2015\/02\/lummelunda-3.jpg?w=1045&amp;ssl=1 1045w\" sizes=\"auto, (max-width: 300px) 100vw, 300px\" \/><\/a>R<\/p>\n<p>Rikard skickade den h\u00e4r k\u00e4cka flygbilden av slagf\u00e4ltet. Foto taget sommartid! L\u00e4ngst upp i bild vita P-platsen och vita bruket. Ovanf\u00f6r dem breder Lummelundaparken, den egentliga mellanspettbiotopen ut sig<\/p>\n<p>Anders n\u00f6jde sig med tr\u00e4ff med legendaren Tr\u00e4ff p\u00e5 P-platsen. Anders s\u00e5g spetten redan andra dagen och har sedan \u00e5tersett den.<\/p>\n<p>Dock fann jag f\u00f6r gott att muta honom med M\u00e4rtas kaf\u00e9.<\/p>\n<p style=\"text-align: center;\">Ett stort tack till er alla!<\/p>\n<p>&nbsp;<\/p>\n<p>&nbsp;<\/p>\n","protected":false},"excerpt":{"rendered":"<p>I dessa VM-tider g\u00f6r \u00a0jag j\u00e4mf\u00f6relser mellan idrott och sk\u00e5dande. En del \u00e4r glada att f\u00e5 vara med i en korpmatch eller att vara b\u00e4st i klassen i kast med liten boll. Patrick Sj\u00f6berg ans\u00e5g att det ultimata var att sl\u00e5 v\u00e4rldsrekord i h\u00f6jdhopp. En sk\u00e5dare kan vara glad att deltaga i ett drag till [&hellip;]<\/p>\n","protected":false},"author":1,"featured_media":0,"comment_status":"open","ping_status":"open","sticky":false,"template":"","format":"standard","meta":{"jetpack_post_was_ever_published":false,"_jetpack_newsletter_access":"","_jetpack_dont_email_post_to_subs":false,"_jetpack_newsletter_tier_id":0,"_jetpack_memberships_contains_paywalled_content":false,"_jetpack_memberships_contains_paid_content":false,"footnotes":"","jetpack_publicize_message":"","jetpack_publicize_feature_enabled":true,"jetpack_social_post_already_shared":false,"jetpack_social_options":{"image_generator_settings":{"template":"highway","default_image_id":0,"font":"","enabled":false},"version":2}},"categories":[4,3],"tags":[],"class_list":["post-2770","post","type-post","status-publish","format-standard","hentry","category-faltbestamning","category-vastergarn"],"jetpack_publicize_connections":[],"jetpack_featured_media_url":"","jetpack_sharing_enabled":true,"jetpack_shortlink":"https:\/\/wp.me\/p7kiwE-IG","jetpack-related-posts":[],"_links":{"self":[{"href":"https:\/\/olofarmini.com\/index.php?rest_route=\/wp\/v2\/posts\/2770","targetHints":{"allow":["GET"]}}],"collection":[{"href":"https:\/\/olofarmini.com\/index.php?rest_route=\/wp\/v2\/posts"}],"about":[{"href":"https:\/\/olofarmini.com\/index.php?rest_route=\/wp\/v2\/types\/post"}],"author":[{"embeddable":true,"href":"https:\/\/olofarmini.com\/index.php?rest_route=\/wp\/v2\/users\/1"}],"replies":[{"embeddable":true,"href":"https:\/\/olofarmini.com\/index.php?rest_route=%2Fwp%2Fv2%2Fcomments&post=2770"}],"version-history":[{"count":4,"href":"https:\/\/olofarmini.com\/index.php?rest_route=\/wp\/v2\/posts\/2770\/revisions"}],"predecessor-version":[{"id":2777,"href":"https:\/\/olofarmini.com\/index.php?rest_route=\/wp\/v2\/posts\/2770\/revisions\/2777"}],"wp:attachment":[{"href":"https:\/\/olofarmini.com\/index.php?rest_route=%2Fwp%2Fv2%2Fmedia&parent=2770"}],"wp:term":[{"taxonomy":"category","embeddable":true,"href":"https:\/\/olofarmini.com\/index.php?rest_route=%2Fwp%2Fv2%2Fcategories&post=2770"},{"taxonomy":"post_tag","embeddable":true,"href":"https:\/\/olofarmini.com\/index.php?rest_route=%2Fwp%2Fv2%2Ftags&post=2770"}],"curies":[{"name":"wp","href":"https:\/\/api.w.org\/{rel}","templated":true}]}}