{"id":2801,"date":"2015-04-03T20:59:52","date_gmt":"2015-04-03T18:59:52","guid":{"rendered":"http:\/\/olofarmini.com\/?p=2801"},"modified":"2015-04-03T20:59:52","modified_gmt":"2015-04-03T18:59:52","slug":"koka-soppa-pa-en-spik-2-april","status":"publish","type":"post","link":"https:\/\/olofarmini.com\/?p=2801","title":{"rendered":"Koka soppa p\u00e5 en spik 2 april"},"content":{"rendered":"<p>Det spikar rej\u00e4lt april anno 2015.<\/p>\n<p>Anders ruskar p\u00e5 sig me<strong>d \u00c4gretth\u00e4ger<\/strong> p\u00e5 Gotland och \u00e4r snart ifatt i Artligan p\u00e5 Gotland! &#8211; Vi f\u00e5r ett g\u00f6tt k\u00f6r n\u00e4r jag dimper ned p\u00e5 \u00f6n den 23:e!<\/p>\n<p>David spr\u00e4nger \u00e4ntligen 5:e vik komplexet med denna suver\u00e4na <strong>Vattenpipl\u00e4rka<\/strong> i begynnande sommardr\u00e4kt<\/p>\n<p><a href=\"https:\/\/i0.wp.com\/olofarmini.com\/wp-content\/uploads\/2015\/04\/IMG_0631.png\"><img data-recalc-dims=\"1\" loading=\"lazy\" decoding=\"async\" data-attachment-id=\"2802\" data-permalink=\"https:\/\/olofarmini.com\/?attachment_id=2802\" data-orig-file=\"https:\/\/i0.wp.com\/olofarmini.com\/wp-content\/uploads\/2015\/04\/IMG_0631.png?fit=360%2C640&amp;ssl=1\" data-orig-size=\"360,640\" data-comments-opened=\"1\" data-image-meta=\"{&quot;aperture&quot;:&quot;0&quot;,&quot;credit&quot;:&quot;&quot;,&quot;camera&quot;:&quot;&quot;,&quot;caption&quot;:&quot;&quot;,&quot;created_timestamp&quot;:&quot;0&quot;,&quot;copyright&quot;:&quot;&quot;,&quot;focal_length&quot;:&quot;0&quot;,&quot;iso&quot;:&quot;0&quot;,&quot;shutter_speed&quot;:&quot;0&quot;,&quot;title&quot;:&quot;&quot;,&quot;orientation&quot;:&quot;0&quot;}\" data-image-title=\"IMG_0631\" data-image-description=\"\" data-image-caption=\"\" data-large-file=\"https:\/\/i0.wp.com\/olofarmini.com\/wp-content\/uploads\/2015\/04\/IMG_0631.png?fit=360%2C640&amp;ssl=1\" class=\"alignnone size-medium wp-image-2802\" src=\"https:\/\/i0.wp.com\/olofarmini.com\/wp-content\/uploads\/2015\/04\/IMG_0631-168x300.png?resize=168%2C300\" alt=\"IMG_0631\" width=\"168\" height=\"300\" srcset=\"https:\/\/i0.wp.com\/olofarmini.com\/wp-content\/uploads\/2015\/04\/IMG_0631.png?resize=168%2C300&amp;ssl=1 168w, https:\/\/i0.wp.com\/olofarmini.com\/wp-content\/uploads\/2015\/04\/IMG_0631.png?w=360&amp;ssl=1 360w\" sizes=\"auto, (max-width: 168px) 100vw, 168px\" \/><\/a><\/p>\n<p>Jag? I Joberg p\u00e5 plattorna utanf\u00f6r entr\u00e9en till v\u00e5rt chateau, denna sorgliga rest<\/p>\n<p><a href=\"https:\/\/i0.wp.com\/olofarmini.com\/wp-content\/uploads\/2015\/04\/IMG_0421-e1428081423842.jpg\"><img data-recalc-dims=\"1\" loading=\"lazy\" decoding=\"async\" data-attachment-id=\"2803\" data-permalink=\"https:\/\/olofarmini.com\/?attachment_id=2803\" data-orig-file=\"https:\/\/i0.wp.com\/olofarmini.com\/wp-content\/uploads\/2015\/04\/IMG_0421-e1428081423842.jpg?fit=480%2C640&amp;ssl=1\" data-orig-size=\"480,640\" data-comments-opened=\"1\" data-image-meta=\"{&quot;aperture&quot;:&quot;2.4&quot;,&quot;credit&quot;:&quot;&quot;,&quot;camera&quot;:&quot;iPhone 5c&quot;,&quot;caption&quot;:&quot;&quot;,&quot;created_timestamp&quot;:&quot;1428086616&quot;,&quot;copyright&quot;:&quot;&quot;,&quot;focal_length&quot;:&quot;4.12&quot;,&quot;iso&quot;:&quot;64&quot;,&quot;shutter_speed&quot;:&quot;0.0166666666667&quot;,&quot;title&quot;:&quot;&quot;,&quot;orientation&quot;:&quot;6&quot;}\" data-image-title=\"IMG_0421\" data-image-description=\"\" data-image-caption=\"\" data-large-file=\"https:\/\/i0.wp.com\/olofarmini.com\/wp-content\/uploads\/2015\/04\/IMG_0421-e1428081423842.jpg?fit=480%2C640&amp;ssl=1\" class=\"alignnone size-medium wp-image-2803\" src=\"https:\/\/i0.wp.com\/olofarmini.com\/wp-content\/uploads\/2015\/04\/IMG_0421-e1428081423842-225x300.jpg?resize=225%2C300\" alt=\"IMG_0421\" width=\"225\" height=\"300\" srcset=\"https:\/\/i0.wp.com\/olofarmini.com\/wp-content\/uploads\/2015\/04\/IMG_0421-e1428081423842.jpg?resize=225%2C300&amp;ssl=1 225w, https:\/\/i0.wp.com\/olofarmini.com\/wp-content\/uploads\/2015\/04\/IMG_0421-e1428081423842.jpg?w=480&amp;ssl=1 480w\" sizes=\"auto, (max-width: 225px) 100vw, 225px\" \/><\/a><\/p>\n<p>Tala om att koka soppa p\u00e5 en spik &#8211; N\u00e5ja en <strong>Morkullevinge<\/strong>!<\/p>\n<p>Trots allt glad \u00f6ver att &#8220;lyckas&#8221; best\u00e4mma vingen, gjorde jag ett ryck p\u00e5 \u00c4ngg\u00e5rdspromenaden idag, 3 april. Spottade tre <strong>R\u00e5djur<\/strong> och fick h\u00f6ra en ilsken<strong> SPARVUGGLA<\/strong>, en <strong>Korp<\/strong> oroade. Inte fy skam precis.<\/p>\n<p>Men nu till den verkliga spiksoppan. Davids granna foto v\u00e4ckte minnen till liv, och minsann<\/p>\n<p><a href=\"https:\/\/i0.wp.com\/olofarmini.com\/wp-content\/uploads\/2015\/04\/IMG_0419.jpg\"><img data-recalc-dims=\"1\" loading=\"lazy\" decoding=\"async\" data-attachment-id=\"2805\" data-permalink=\"https:\/\/olofarmini.com\/?attachment_id=2805\" data-orig-file=\"https:\/\/i0.wp.com\/olofarmini.com\/wp-content\/uploads\/2015\/04\/IMG_0419.jpg?fit=640%2C480&amp;ssl=1\" data-orig-size=\"640,480\" data-comments-opened=\"1\" data-image-meta=\"{&quot;aperture&quot;:&quot;2.4&quot;,&quot;credit&quot;:&quot;&quot;,&quot;camera&quot;:&quot;iPhone 5c&quot;,&quot;caption&quot;:&quot;&quot;,&quot;created_timestamp&quot;:&quot;1428054531&quot;,&quot;copyright&quot;:&quot;&quot;,&quot;focal_length&quot;:&quot;4.12&quot;,&quot;iso&quot;:&quot;64&quot;,&quot;shutter_speed&quot;:&quot;0.05&quot;,&quot;title&quot;:&quot;&quot;,&quot;orientation&quot;:&quot;6&quot;}\" data-image-title=\"IMG_0419\" data-image-description=\"\" data-image-caption=\"\" data-large-file=\"https:\/\/i0.wp.com\/olofarmini.com\/wp-content\/uploads\/2015\/04\/IMG_0419.jpg?fit=640%2C480&amp;ssl=1\" class=\"alignnone size-medium wp-image-2805\" src=\"https:\/\/i0.wp.com\/olofarmini.com\/wp-content\/uploads\/2015\/04\/IMG_0419-300x225.jpg?resize=300%2C225\" alt=\"IMG_0419\" width=\"300\" height=\"225\" srcset=\"https:\/\/i0.wp.com\/olofarmini.com\/wp-content\/uploads\/2015\/04\/IMG_0419.jpg?resize=300%2C225&amp;ssl=1 300w, https:\/\/i0.wp.com\/olofarmini.com\/wp-content\/uploads\/2015\/04\/IMG_0419.jpg?w=640&amp;ssl=1 640w\" sizes=\"auto, (max-width: 300px) 100vw, 300px\" \/><\/a><\/p>\n<p>klockrent en<strong> VATTENPIPL\u00c4RKA<\/strong> i V\u00e4stergarn 2 april 1983. Problemet \u00e4r att det dr\u00f6jde till 1987 innan man kunde se vattenpipl\u00e4rkor i Sverige. Innan dess gjorde Rk rent hus med alla som f\u00f6rs\u00f6kte n\u00e5got annat! Skall erk\u00e4nnas att best\u00e4mningsproblematiken var d\u00e5ligt k\u00e4nd och Vattenpipl\u00e4rkan som d\u00e5 bara var en ras till Sk\u00e4rpipl\u00e4rkan var kanske inte s\u00e5 intressant. Men jag har f\u00f6rutom sk\u00e4r ton p\u00e5 undersidan och vita yttre stj\u00e4rtpennor ocks\u00e5 noterat tydligt vitt \u00f6gonbrynsband, tydliga vita vingband och kontrast gr\u00e5 hj\u00e4ssa och brun mantel\/rygg. Den s\u00e5gs i tre dagar, var l\u00e4tt att hitta och s\u00e5gs f\u00f6rutom av David och mig av ytterligare tv\u00e5 erfarna f\u00e5gelsk\u00e5dare. Det d\u00f6g inte 1983, men idag!? Svalan ljuger att det skulle kunna vara f\u00f6rsta i Sverige, men troligen \u00e4r det den f\u00f6rsta p\u00e5 Gotland!<\/p>\n<p>Uppebl\u00e5st av denna retroaktiva varseblivning stormade jag vidare till Svalanfotona fr\u00e5n 1 april av<strong> Fl\u00e4ckdrillsn\u00e4ppan<\/strong> i Sk\u00e5ne. Inga aprilsk\u00e4mt h\u00e4r, flyktbilderna bekr\u00e4ftar min tes att det m\u00f6rka p\u00e5 armpennorna g\u00e5r brett in till kroppen b\u00e5de p\u00e5 undersida och \u00f6versida. Liksom p\u00e5 Thomas Ms och Fredrik Ss bilder p\u00e5 Fl\u00e4ckdrillsn\u00e4ppa i oktober 2012 p\u00e5 Gotland (L\u00e4s bloggar h\u00e4r, fr\u00e5n d\u00e5!). Sitter som sm\u00e4ck!<\/p>\n<p>Men all varseblivning \u00e4r gissningar. All information passerar oundvikligen ett av m\u00e4nniskans smartaste men mest op\u00e5litliga organ, hj\u00e4rnan innan de blir en varseblivning. S\u00e5 t\u00e4nk p\u00e5 det innan ni utn\u00e4mner ovanst\u00e5ende spiksoppa till en kulinarisk l\u00e4ckerhet!<\/p>\n","protected":false},"excerpt":{"rendered":"<p>Det spikar rej\u00e4lt april anno 2015. Anders ruskar p\u00e5 sig med \u00c4gretth\u00e4ger p\u00e5 Gotland och \u00e4r snart ifatt i Artligan p\u00e5 Gotland! &#8211; Vi f\u00e5r ett g\u00f6tt k\u00f6r n\u00e4r jag dimper ned p\u00e5 \u00f6n den 23:e! David spr\u00e4nger \u00e4ntligen 5:e vik komplexet med denna suver\u00e4na Vattenpipl\u00e4rka i begynnande sommardr\u00e4kt Jag? I Joberg p\u00e5 plattorna utanf\u00f6r [&hellip;]<\/p>\n","protected":false},"author":1,"featured_media":0,"comment_status":"open","ping_status":"open","sticky":false,"template":"","format":"standard","meta":{"jetpack_post_was_ever_published":false,"_jetpack_newsletter_access":"","_jetpack_dont_email_post_to_subs":false,"_jetpack_newsletter_tier_id":0,"_jetpack_memberships_contains_paywalled_content":false,"_jetpack_memberships_contains_paid_content":false,"footnotes":"","jetpack_publicize_message":"","jetpack_publicize_feature_enabled":true,"jetpack_social_post_already_shared":false,"jetpack_social_options":{"image_generator_settings":{"template":"highway","default_image_id":0,"font":"","enabled":false},"version":2}},"categories":[14,3],"tags":[],"class_list":["post-2801","post","type-post","status-publish","format-standard","hentry","category-goteborg","category-vastergarn"],"jetpack_publicize_connections":[],"jetpack_featured_media_url":"","jetpack_sharing_enabled":true,"jetpack_shortlink":"https:\/\/wp.me\/p7kiwE-Jb","jetpack-related-posts":[],"_links":{"self":[{"href":"https:\/\/olofarmini.com\/index.php?rest_route=\/wp\/v2\/posts\/2801","targetHints":{"allow":["GET"]}}],"collection":[{"href":"https:\/\/olofarmini.com\/index.php?rest_route=\/wp\/v2\/posts"}],"about":[{"href":"https:\/\/olofarmini.com\/index.php?rest_route=\/wp\/v2\/types\/post"}],"author":[{"embeddable":true,"href":"https:\/\/olofarmini.com\/index.php?rest_route=\/wp\/v2\/users\/1"}],"replies":[{"embeddable":true,"href":"https:\/\/olofarmini.com\/index.php?rest_route=%2Fwp%2Fv2%2Fcomments&post=2801"}],"version-history":[{"count":2,"href":"https:\/\/olofarmini.com\/index.php?rest_route=\/wp\/v2\/posts\/2801\/revisions"}],"predecessor-version":[{"id":2806,"href":"https:\/\/olofarmini.com\/index.php?rest_route=\/wp\/v2\/posts\/2801\/revisions\/2806"}],"wp:attachment":[{"href":"https:\/\/olofarmini.com\/index.php?rest_route=%2Fwp%2Fv2%2Fmedia&parent=2801"}],"wp:term":[{"taxonomy":"category","embeddable":true,"href":"https:\/\/olofarmini.com\/index.php?rest_route=%2Fwp%2Fv2%2Fcategories&post=2801"},{"taxonomy":"post_tag","embeddable":true,"href":"https:\/\/olofarmini.com\/index.php?rest_route=%2Fwp%2Fv2%2Ftags&post=2801"}],"curies":[{"name":"wp","href":"https:\/\/api.w.org\/{rel}","templated":true}]}}