{"id":2972,"date":"2015-10-12T12:12:10","date_gmt":"2015-10-12T10:12:10","guid":{"rendered":"http:\/\/olofarmini.com\/?p=2972"},"modified":"2015-10-12T12:12:10","modified_gmt":"2015-10-12T10:12:10","slug":"dagning-12-okt-gerdi","status":"publish","type":"post","link":"https:\/\/olofarmini.com\/?p=2972","title":{"rendered":"Dagning 12 okt Gerdi"},"content":{"rendered":"<p>Redan i f\u00f6rsta ljusningen ljuder det av <strong>trasts\u00e5ng<\/strong> och m\u00e4ngder av <strong>r\u00f6dvingar<\/strong> i alla tr\u00e4dg\u00e5rdar.<\/p>\n<p>Ett foto genom de saltst\u00e4nkta rutorna, som inte ens det idoga regnandet r\u00e5r p\u00e5.<\/p>\n<p><a href=\"https:\/\/i0.wp.com\/olofarmini.com\/wp-content\/uploads\/2015\/10\/FullSizeRender-14.jpg\"><img data-recalc-dims=\"1\" loading=\"lazy\" decoding=\"async\" data-attachment-id=\"2973\" data-permalink=\"https:\/\/olofarmini.com\/?attachment_id=2973\" data-orig-file=\"https:\/\/i0.wp.com\/olofarmini.com\/wp-content\/uploads\/2015\/10\/FullSizeRender-14.jpg?fit=440%2C586&amp;ssl=1\" data-orig-size=\"440,586\" data-comments-opened=\"1\" data-image-meta=\"{&quot;aperture&quot;:&quot;2.4&quot;,&quot;credit&quot;:&quot;&quot;,&quot;camera&quot;:&quot;iPhone 5c&quot;,&quot;caption&quot;:&quot;&quot;,&quot;created_timestamp&quot;:&quot;1444638958&quot;,&quot;copyright&quot;:&quot;&quot;,&quot;focal_length&quot;:&quot;4.12&quot;,&quot;iso&quot;:&quot;400&quot;,&quot;shutter_speed&quot;:&quot;0.05&quot;,&quot;title&quot;:&quot;&quot;,&quot;orientation&quot;:&quot;0&quot;}\" data-image-title=\"FullSizeRender-14\" data-image-description=\"\" data-image-caption=\"\" data-large-file=\"https:\/\/i0.wp.com\/olofarmini.com\/wp-content\/uploads\/2015\/10\/FullSizeRender-14.jpg?fit=440%2C586&amp;ssl=1\" class=\"alignnone size-medium wp-image-2973\" src=\"https:\/\/i0.wp.com\/olofarmini.com\/wp-content\/uploads\/2015\/10\/FullSizeRender-14-225x300.jpg?resize=225%2C300\" alt=\"FullSizeRender-14\" width=\"225\" height=\"300\" srcset=\"https:\/\/i0.wp.com\/olofarmini.com\/wp-content\/uploads\/2015\/10\/FullSizeRender-14.jpg?resize=225%2C300&amp;ssl=1 225w, https:\/\/i0.wp.com\/olofarmini.com\/wp-content\/uploads\/2015\/10\/FullSizeRender-14.jpg?w=440&amp;ssl=1 440w\" sizes=\"auto, (max-width: 225px) 100vw, 225px\" \/><\/a><\/p>\n<p>Som jag tidigare skrivit k\u00e4nns de igen, fast\u00e4n inte karbonkopier av v\u00e5ra. Varierar ju inte minst s\u00e5ngen ocks\u00e5 hemmavid.<\/p>\n<p>Ig\u00e5r blev en liten mellandag. Kanske &#8220;Jet-lagen&#8221; om -2h hunnit ikapp oss? N\u00e5v\u00e4l vi kraltade oss upp och ut vid 1100 och tog oss i regnbyar ned till Laugardalslaug, &#8220;Baddalsbadet&#8221;, d\u00e4r Eva simmade, hotpottade och bastade medan jag tog 14 ut p\u00e5 Grandi.<\/p>\n<p>Och minsann skyarna sl\u00e4ppte fram litet solstr\u00e5lar och pl\u00f6tsligt blev det 5\u00b0 varmare. Sk\u00f6nt men inte s\u00e5 mycket f\u00e5gel. L\u00e4st att det skett en v\u00e5ldsam nedg\u00e5ng av<strong> vittrut<\/strong> i Arktis, men h\u00e4r patrullerade de i en aldrig sinande str\u00f6m den flera km l\u00e5nga v\u00e5gbrytaren. Bara avbrutna av en och annan med hybridk\u00e4nning.<\/p>\n<p>Undrar om det \u00e4r de SO vindarna o\/e f\u00f6dotillg\u00e5ngen, som g\u00f6r att man ser s\u00e5 f\u00e5 <strong>Stormf\u00e5glar<\/strong>? Och jag har sett en <strong>Spetsbergsgrissla<\/strong> men \u00e4nnu varken <strong>Tordmule<\/strong> eller <strong>Sillgrissla<\/strong>. Valsk\u00e5darfartygen, som ligger i horisontlinjen n\u00e5gon landmil ut i Faxafloi har sett mycket av dessa plus <strong>stormsvalor och liror.<\/strong><\/p>\n<p>Beh\u00f6vs ett litet k\u00f6r fr\u00e5n v\u00e4stsektorn och det kommer s\u00e4kert. Till dess blir det nog litet flogg kring Tj\u00f6rninn och H\u00f6gskolan efter \u00f6stliga rariteter, som YBW och WW, gissa vilka? Vimlar av dessa p\u00e5 \u00f6stkanten!<\/p>\n<p>Ig\u00e5r blev det en &#8220;ny&#8221; art, <strong>Stenfalk<\/strong>, som jagade runt p\u00e5 Akurey utanf\u00f6r Grandi. Dessutom <strong>Gr\u00e5s\u00e4l<\/strong>, som \u00e4r Islands andra &#8220;h\u00e4cknings&#8221;s\u00e4lart. 56 i artligan \u00e4r mer \u00e4n godk\u00e4nt efter en vecka.<\/p>\n","protected":false},"excerpt":{"rendered":"<p>Redan i f\u00f6rsta ljusningen ljuder det av trasts\u00e5ng och m\u00e4ngder av r\u00f6dvingar i alla tr\u00e4dg\u00e5rdar. Ett foto genom de saltst\u00e4nkta rutorna, som inte ens det idoga regnandet r\u00e5r p\u00e5. Som jag tidigare skrivit k\u00e4nns de igen, fast\u00e4n inte karbonkopier av v\u00e5ra. Varierar ju inte minst s\u00e5ngen ocks\u00e5 hemmavid. Ig\u00e5r blev en liten mellandag. Kanske &#8220;Jet-lagen&#8221; [&hellip;]<\/p>\n","protected":false},"author":1,"featured_media":0,"comment_status":"open","ping_status":"open","sticky":false,"template":"","format":"standard","meta":{"jetpack_post_was_ever_published":false,"_jetpack_newsletter_access":"","_jetpack_dont_email_post_to_subs":false,"_jetpack_newsletter_tier_id":0,"_jetpack_memberships_contains_paywalled_content":false,"_jetpack_memberships_contains_paid_content":false,"footnotes":"","jetpack_publicize_message":"","jetpack_publicize_feature_enabled":true,"jetpack_social_post_already_shared":false,"jetpack_social_options":{"image_generator_settings":{"template":"highway","default_image_id":0,"font":"","enabled":false},"version":2}},"categories":[4,15],"tags":[],"class_list":["post-2972","post","type-post","status-publish","format-standard","hentry","category-faltbestamning","category-resor"],"jetpack_publicize_connections":[],"jetpack_featured_media_url":"","jetpack_sharing_enabled":true,"jetpack_shortlink":"https:\/\/wp.me\/p7kiwE-LW","jetpack-related-posts":[],"_links":{"self":[{"href":"https:\/\/olofarmini.com\/index.php?rest_route=\/wp\/v2\/posts\/2972","targetHints":{"allow":["GET"]}}],"collection":[{"href":"https:\/\/olofarmini.com\/index.php?rest_route=\/wp\/v2\/posts"}],"about":[{"href":"https:\/\/olofarmini.com\/index.php?rest_route=\/wp\/v2\/types\/post"}],"author":[{"embeddable":true,"href":"https:\/\/olofarmini.com\/index.php?rest_route=\/wp\/v2\/users\/1"}],"replies":[{"embeddable":true,"href":"https:\/\/olofarmini.com\/index.php?rest_route=%2Fwp%2Fv2%2Fcomments&post=2972"}],"version-history":[{"count":1,"href":"https:\/\/olofarmini.com\/index.php?rest_route=\/wp\/v2\/posts\/2972\/revisions"}],"predecessor-version":[{"id":2974,"href":"https:\/\/olofarmini.com\/index.php?rest_route=\/wp\/v2\/posts\/2972\/revisions\/2974"}],"wp:attachment":[{"href":"https:\/\/olofarmini.com\/index.php?rest_route=%2Fwp%2Fv2%2Fmedia&parent=2972"}],"wp:term":[{"taxonomy":"category","embeddable":true,"href":"https:\/\/olofarmini.com\/index.php?rest_route=%2Fwp%2Fv2%2Fcategories&post=2972"},{"taxonomy":"post_tag","embeddable":true,"href":"https:\/\/olofarmini.com\/index.php?rest_route=%2Fwp%2Fv2%2Ftags&post=2972"}],"curies":[{"name":"wp","href":"https:\/\/api.w.org\/{rel}","templated":true}]}}