{"id":3418,"date":"2016-10-06T15:18:38","date_gmt":"2016-10-06T13:18:38","guid":{"rendered":"http:\/\/olofarmini.com\/?p=3418"},"modified":"2016-10-06T15:18:38","modified_gmt":"2016-10-06T13:18:38","slug":"double-sep-2016","status":"publish","type":"post","link":"https:\/\/olofarmini.com\/?p=3418","title":{"rendered":"Doubl\u00e9 sep 2016"},"content":{"rendered":"<p>Fr\u00e5n alla h\u00e5ll en grym press. Alla p\u00e5 t\u00e5rna! Men jag, borta med vinden &#8211; och det skall b\u00f6rja bl\u00e5sa!<\/p>\n<p>D\u00e5 f\u00f6rbarmar sig Bernt, 75-\u00e5ringen vill bist\u00e5 &#8220;junior&#8221; och f\u00f6resl\u00e5r en flogg av den produktiva Torslandaviken.<\/p>\n<p>Densamme bestiger samtidigt i arla morronv\u00e4kten sin balkong p\u00e5 OR-25 och lyssnar till ett v\u00e4lk\u00e4nt, intensivt &#8220;tsiiiv&#8221; bland <strong>svarth\u00e4ttor, grans\u00e5ngare och mesar<\/strong>. Han fuskar med playback &#8211; och minsann d\u00e4r skuttar en <strong>TAJGAS\u00c5NGARE<\/strong> rastl\u00f6st i den kvarvarande gr\u00f6nskan.<\/p>\n<p>M\u00e5ste tyv\u00e4rr avst\u00e5 Bernts locktoner &#8211; \u00e4ven pansjonister har plikter. Efter att ha kollat <strong>T-s\u00e5ngaren<\/strong> igen \u00a0kring lunch med n\u00e5gra suktare inlockade av BMS playback, kallar dessa plikter mig till sta\u00b4n. En liten avstickare till Kronhusparken och <strong>TAJGA N.o 2<\/strong> !!! \u00c4ven h\u00e4r i s\u00e4llskap av <strong>Grans\u00e5ngare<\/strong> och inlockade suktare. D\u00e4r ocks\u00e5 Bernt som tidigare kryzzat<strong> TAJGA N:o 3<\/strong> i Torslandaviken.\u00a0F\u00f6r mig en h\u00e4ftig doubl\u00e9, den f\u00f6rsta i GOFs historia!?<\/p>\n<p>Fattas bara att David pinglar och f\u00f6resl\u00e5r tre dagars dammsugning av H\u00f6n\u00f6. Vi avst\u00e5r morrondagen, onsdagen 28 sep, men torsdag och fredag!<\/p>\n<p>Kunde startat med en<strong> generaldip<\/strong>. Den Svartbrynade albatrossen drog runt i Skagerack och filuren Fredrik S kl\u00e4mde n\u00e5gra foton p\u00e5 H\u00f6n\u00f6 som kunde &#8211; och ett tag var &#8211; men till slut bidde en subad silltrut!!??<\/p>\n<p>S\u00e5, 29 sep 0300 som vanligt gympa, hockygr\u00f6t och sista finslip av rustningen inf\u00f6r 10h p\u00e5 Kr\u00e5kudden. 0530 med Toyotahybrilen till f\u00e4rjan 0605. 20+ bilar p\u00e5 parkeringen, 70-\u00e5ringen i full fart p\u00e5 hala klippor, skuttande p\u00e5 stenar \u00f6ver vadet &#8211; i m\u00f6rker &#8211; imponerande drumdristigt! Fullt p\u00e5 alla st\u00e4llen, utom i v\u00e5r favoritnisch mellan de tv\u00e5 vindskydden. Bra med tanke p\u00e5 den litet f\u00f6r sydliga vinden. G\u00f6r ocks\u00e5 att vi klarar mindre skyfall, som hotar hela tiden.<\/p>\n<p>Det \u00e4r ganska disigt, regnskurar och SSV, s\u00e5 inte optimalt. N\u00e4stan bara<\/p>\n<p><img data-recalc-dims=\"1\" loading=\"lazy\" decoding=\"async\" data-attachment-id=\"3420\" data-permalink=\"https:\/\/olofarmini.com\/?attachment_id=3420\" data-orig-file=\"https:\/\/i0.wp.com\/olofarmini.com\/wp-content\/uploads\/2016\/10\/unnamed-6.jpg?fit=1024%2C768&amp;ssl=1\" data-orig-size=\"1024,768\" data-comments-opened=\"1\" data-image-meta=\"{&quot;aperture&quot;:&quot;0&quot;,&quot;credit&quot;:&quot;&quot;,&quot;camera&quot;:&quot;&quot;,&quot;caption&quot;:&quot;&quot;,&quot;created_timestamp&quot;:&quot;0&quot;,&quot;copyright&quot;:&quot;&quot;,&quot;focal_length&quot;:&quot;0&quot;,&quot;iso&quot;:&quot;0&quot;,&quot;shutter_speed&quot;:&quot;0&quot;,&quot;title&quot;:&quot;&quot;,&quot;orientation&quot;:&quot;0&quot;}\" data-image-title=\"unnamed-6\" data-image-description=\"\" data-image-caption=\"\" data-large-file=\"https:\/\/i0.wp.com\/olofarmini.com\/wp-content\/uploads\/2016\/10\/unnamed-6.jpg?fit=1024%2C768&amp;ssl=1\" class=\"alignnone size-medium wp-image-3420\" src=\"https:\/\/i0.wp.com\/olofarmini.com\/wp-content\/uploads\/2016\/10\/unnamed-6-300x225.jpg?resize=300%2C225\" alt=\"unnamed-6\" width=\"300\" height=\"225\" srcset=\"https:\/\/i0.wp.com\/olofarmini.com\/wp-content\/uploads\/2016\/10\/unnamed-6.jpg?resize=300%2C225&amp;ssl=1 300w, https:\/\/i0.wp.com\/olofarmini.com\/wp-content\/uploads\/2016\/10\/unnamed-6.jpg?resize=768%2C576&amp;ssl=1 768w, https:\/\/i0.wp.com\/olofarmini.com\/wp-content\/uploads\/2016\/10\/unnamed-6.jpg?w=1024&amp;ssl=1 1024w\" sizes=\"auto, (max-width: 300px) 100vw, 300px\" \/><\/p>\n<p><strong>Havssulor<\/strong> i alla sorters dr\u00e4kter fr\u00e5n helm\u00f6rka \u00e5rsungar till rena gamla f\u00e5glar och f\u00f6rst\u00e5s en brokig skara som denna p\u00e5 bild. N\u00e5gon som r\u00e4knade f\u00f6rbiflygande kom n\u00e4stan upp i 1000, men d\u00e5 blir det s\u00e4kert en del dubbelr\u00e4knande.<\/p>\n<p>Vi kunde i lugn och ro r\u00e4kna in n\u00e5gra goa gutar, som David kunde bekanta sig med, Carl och Michael Tholin, Mikael Nils och nyss n\u00e4mnde Fredrik Str\u00f6m, ocks\u00e5 ett g\u00e4ng notabiliteter med Bertil Breife, Sj\u00f6f\u00e5gelguidens f\u00f6rfattare, i spetsen. Riktigt tr\u00e5ngt blev det i v\u00e5r nisch n\u00e4r stora delar av torsdagsvandrarna genomv\u00e5ta s\u00f6kte regnskydd. Min guidevana f\u00f6r gruppen kom v\u00e4l till pass.<\/p>\n<p>S\u00e5 fram\u00e5t lunchtid, \u00e4ntligen vred vinden upp p\u00e5 SV och sikten blev b\u00e4ttre<\/p>\n<p><img data-recalc-dims=\"1\" loading=\"lazy\" decoding=\"async\" data-attachment-id=\"3419\" data-permalink=\"https:\/\/olofarmini.com\/?attachment_id=3419\" data-orig-file=\"https:\/\/i0.wp.com\/olofarmini.com\/wp-content\/uploads\/2016\/10\/unnamed-5.jpg?fit=1024%2C768&amp;ssl=1\" data-orig-size=\"1024,768\" data-comments-opened=\"1\" data-image-meta=\"{&quot;aperture&quot;:&quot;0&quot;,&quot;credit&quot;:&quot;&quot;,&quot;camera&quot;:&quot;&quot;,&quot;caption&quot;:&quot;&quot;,&quot;created_timestamp&quot;:&quot;0&quot;,&quot;copyright&quot;:&quot;&quot;,&quot;focal_length&quot;:&quot;0&quot;,&quot;iso&quot;:&quot;0&quot;,&quot;shutter_speed&quot;:&quot;0&quot;,&quot;title&quot;:&quot;&quot;,&quot;orientation&quot;:&quot;0&quot;}\" data-image-title=\"unnamed-5\" data-image-description=\"\" data-image-caption=\"\" data-large-file=\"https:\/\/i0.wp.com\/olofarmini.com\/wp-content\/uploads\/2016\/10\/unnamed-5.jpg?fit=1024%2C768&amp;ssl=1\" class=\"alignnone size-medium wp-image-3419\" src=\"https:\/\/i0.wp.com\/olofarmini.com\/wp-content\/uploads\/2016\/10\/unnamed-5-300x225.jpg?resize=300%2C225\" alt=\"unnamed-5\" width=\"300\" height=\"225\" srcset=\"https:\/\/i0.wp.com\/olofarmini.com\/wp-content\/uploads\/2016\/10\/unnamed-5.jpg?resize=300%2C225&amp;ssl=1 300w, https:\/\/i0.wp.com\/olofarmini.com\/wp-content\/uploads\/2016\/10\/unnamed-5.jpg?resize=768%2C576&amp;ssl=1 768w, https:\/\/i0.wp.com\/olofarmini.com\/wp-content\/uploads\/2016\/10\/unnamed-5.jpg?w=1024&amp;ssl=1 1024w\" sizes=\"auto, (max-width: 300px) 100vw, 300px\" \/><\/p>\n<p>Och <strong>GR\u00c5LIROR, BREDSTJ\u00c4RTADE LABBAR, STORLABBAR, FJ\u00c4LLABB, Dv\u00e4rgm\u00e5sar och avl\u00e4gset Stormf\u00e5glar och Tret\u00e5m\u00e5sar<\/strong> gled f\u00f6rbi i j\u00e4mn takt tills vi l\u00e4mnade vid ca 1630. Den g\u00e4ckande Albatrossen kom inte l\u00e4ngre s\u00f6derut \u00e4n Grosshamn, ganska l\u00e5ngt norrut i Bohusl\u00e4n. Jag fick kompensera med att uppt\u00e4cka en <strong>1K SVARTHUVAD M\u00c5S,<\/strong> n\u00e4stan lika ovanlig vid H\u00f6n\u00f6.<\/p>\n<p>Allt manade till repris p\u00e5 fredagen. Litet f\u00e4rre sk\u00e5dare s\u00e5 vi fick fina platser i b\u00e4sta skyddet. V\u00e4deromst\u00e4ndigheterna var de omv\u00e4nda mot torsdagen, rent V vind, bra sikt, inget regn och fr\u00e5n lunch s\u00e4mre. D\u00e4rf\u00f6r tryck direkt, inga liror eller torsdagsvandrare, men i \u00f6vrigt ungef\u00e4r samma uppst\u00e4llning som ig\u00e5r och fin st\u00e4mning i skyddet. David var ordentligt p\u00e5 hugget och hittade bla den <strong>SVARTHUVADE M\u00c5SEN<\/strong>, som sedan \u00e4ven s\u00e5gs p\u00e5 l\u00f6rdagen. Nygammalt var ocks\u00e5 en <strong>BREDN\u00c4BBAD SIMSN\u00c4PPA<\/strong>. Den hade setts b\u00e5de p\u00e5 onsdagen och torsdagen (vi missade!) och s\u00e5gs \u00e4ven p\u00e5 l\u00f6rdagen.<\/p>\n<p>Detta med kvarvarande f\u00e5glar, som vid observationen verkade dra s\u00f6derut, bidrog s\u00e4kert till alltf\u00f6r h\u00f6ga &#8220;str\u00e4ck&#8221;siffror, fa p\u00e5 <strong>Gr\u00e5liror, Storlabbar och Havssulor<\/strong>. Observationer s\u00f6der\u00f6ver talar ocks\u00e5 f\u00f6r denna tolkning. Ibland kan man pricka av f\u00e5glarna fr\u00e5n mellersta Bohusl\u00e4n s\u00f6derut \u00e4nda ned till Laholmsbukten. Vid en normal l\u00e5gtryckspassage startar det oftast med VSV som trycker in f\u00e5glarna fr\u00e5n Nordsj\u00f6n mot Norra Bohusl\u00e4n. Vinden vrider sedan V-&gt;NV och f\u00e5glarna kanar ned utefter v\u00e4stkusten.<\/p>\n<p>Den h\u00e4r g\u00e5ngen startade vinden alltf\u00f6r mycket fr\u00e5n S och den var f\u00f6r oj\u00e4mn f\u00f6r det d\u00e4r optimala fl\u00f6det.<\/p>\n<p>Men var vi n\u00f6jda? &#8211; OJ-OJ<\/p>\n","protected":false},"excerpt":{"rendered":"<p>Fr\u00e5n alla h\u00e5ll en grym press. Alla p\u00e5 t\u00e5rna! Men jag, borta med vinden &#8211; och det skall b\u00f6rja bl\u00e5sa! D\u00e5 f\u00f6rbarmar sig Bernt, 75-\u00e5ringen vill bist\u00e5 &#8220;junior&#8221; och f\u00f6resl\u00e5r en flogg av den produktiva Torslandaviken. Densamme bestiger samtidigt i arla morronv\u00e4kten sin balkong p\u00e5 OR-25 och lyssnar till ett v\u00e4lk\u00e4nt, intensivt &#8220;tsiiiv&#8221; bland svarth\u00e4ttor, [&hellip;]<\/p>\n","protected":false},"author":1,"featured_media":0,"comment_status":"open","ping_status":"open","sticky":false,"template":"","format":"standard","meta":{"jetpack_post_was_ever_published":false,"_jetpack_newsletter_access":"","_jetpack_dont_email_post_to_subs":false,"_jetpack_newsletter_tier_id":0,"_jetpack_memberships_contains_paywalled_content":false,"_jetpack_memberships_contains_paid_content":false,"footnotes":"","jetpack_publicize_message":"","jetpack_publicize_feature_enabled":true,"jetpack_social_post_already_shared":true,"jetpack_social_options":{"image_generator_settings":{"template":"highway","default_image_id":0,"font":"","enabled":false},"version":2}},"categories":[4,14],"tags":[],"class_list":["post-3418","post","type-post","status-publish","format-standard","hentry","category-faltbestamning","category-goteborg"],"jetpack_publicize_connections":[],"jetpack_featured_media_url":"","jetpack_sharing_enabled":true,"jetpack_shortlink":"https:\/\/wp.me\/p7kiwE-T8","jetpack-related-posts":[],"_links":{"self":[{"href":"https:\/\/olofarmini.com\/index.php?rest_route=\/wp\/v2\/posts\/3418","targetHints":{"allow":["GET"]}}],"collection":[{"href":"https:\/\/olofarmini.com\/index.php?rest_route=\/wp\/v2\/posts"}],"about":[{"href":"https:\/\/olofarmini.com\/index.php?rest_route=\/wp\/v2\/types\/post"}],"author":[{"embeddable":true,"href":"https:\/\/olofarmini.com\/index.php?rest_route=\/wp\/v2\/users\/1"}],"replies":[{"embeddable":true,"href":"https:\/\/olofarmini.com\/index.php?rest_route=%2Fwp%2Fv2%2Fcomments&post=3418"}],"version-history":[{"count":3,"href":"https:\/\/olofarmini.com\/index.php?rest_route=\/wp\/v2\/posts\/3418\/revisions"}],"predecessor-version":[{"id":3423,"href":"https:\/\/olofarmini.com\/index.php?rest_route=\/wp\/v2\/posts\/3418\/revisions\/3423"}],"wp:attachment":[{"href":"https:\/\/olofarmini.com\/index.php?rest_route=%2Fwp%2Fv2%2Fmedia&parent=3418"}],"wp:term":[{"taxonomy":"category","embeddable":true,"href":"https:\/\/olofarmini.com\/index.php?rest_route=%2Fwp%2Fv2%2Fcategories&post=3418"},{"taxonomy":"post_tag","embeddable":true,"href":"https:\/\/olofarmini.com\/index.php?rest_route=%2Fwp%2Fv2%2Ftags&post=3418"}],"curies":[{"name":"wp","href":"https:\/\/api.w.org\/{rel}","templated":true}]}}