{"id":342,"date":"2009-05-21T10:22:29","date_gmt":"2009-05-21T08:22:29","guid":{"rendered":"http:\/\/olofarmini.com\/?p=342"},"modified":"2009-05-21T10:22:29","modified_gmt":"2009-05-21T08:22:29","slug":"flygare","status":"publish","type":"post","link":"https:\/\/olofarmini.com\/?p=342","title":{"rendered":"Flygare"},"content":{"rendered":"<p>Kristi Flygare, helgernas helg f\u00f6r en sk\u00e5dare. Och i \u00e5r med ett v\u00e4derl\u00e4ge f\u00f6r Gotland som minsann inte \u00e4r \u00e5rligt. Fullt \u00f6s upp\u00e5t fr\u00e5n Svarta Havet och de ryska st\u00e4pperna med totalstopp \u00f6ver \u00d6stersj\u00f6n i h\u00f6jd med \u00d6land-Gotland! Allt kan dyka upp!<\/p>\n<p>Rapporterna fr\u00e5n Janne har redan varit svidande och Eva rapporterar str\u00e5lande v\u00e4der och flockar med g\u00e4ss och annat bara hon tittar ut genom f\u00f6nstret. Och h\u00e4r sitter jag i G\u00f6tet och stirrar ut p\u00e5 grannhusv\u00e4ggen. Mellan solglimtarna h\u00e4ftiga regnskurar, som n\u00e4stan vaktar p\u00e5 att jag sticker ut n\u00e4san. G\u00e5r tr\u00f6gt med pansjolistan.<\/p>\n<p>Men \u00e4nd\u00e5 jag blir rikligt kompenserad. T\u00e4nk f\u00f6rra helgen n\u00e4r alla barnbarnen och sonen sprang Varvet. S\u00e4rskilt Claudia blev stor publikfavorit. \u00c5ngrade att jag inte fixat med foto, men dagen d\u00e4rp\u00e5 d\u00f6k hon upp mitt i bild &#8211; f\u00f6rst\u00e5s. Tyv\u00e4rr klarar jag inte av att \u00f6verf\u00f6ra den hit.<\/p>\n<p>Sedan har jag haft tv\u00e5 h\u00e4rliga n\u00e4sta heldagar med Zachi. Han visar goda anlag som spotter. Han hittar snabbt b\u00e5de sj\u00e4lv och vad som visas och artningen \u00e4r det inget fel p\u00e5! Annars \u00e4r han i pistol\u00e5ldern och rusar ut p\u00e5 balkongen med pikadolerna i skjutl\u00e4ge. Precis som David gjorde p\u00e5 balkongen p\u00e5 Torpav\u00e4gen 1978 &#8211; exakt lika gammal! \u00c4r det urgenerna &#8211; eller?<\/p>\n<p>En annan kul grej har varit att tr\u00e4ffa gamle kumpanen Ingvar, 20 30 \u00e5r sedan!? Som den oslipade seglare jag var fick han med sin B22 Bruzaholm, vassast p\u00e5 V\u00e4stkusten fram om inte en diamant s\u00e5 i alla fall. Nu styr han ett nytt fullblod p\u00e5 p\u00e5 de bohusl\u00e4nska fjordarna en Tiger-22 Bruzaholm2<\/p>\n<p><a href=\"https:\/\/i0.wp.com\/olofarmini.com\/wp-content\/uploads\/2009\/05\/pater-noster-race-tiger-007.jpg\"><img data-recalc-dims=\"1\" loading=\"lazy\" decoding=\"async\" data-attachment-id=\"343\" data-permalink=\"https:\/\/olofarmini.com\/?attachment_id=343\" data-orig-file=\"https:\/\/i0.wp.com\/olofarmini.com\/wp-content\/uploads\/2009\/05\/pater-noster-race-tiger-007.jpg?fit=1200%2C900&amp;ssl=1\" data-orig-size=\"1200,900\" data-comments-opened=\"1\" data-image-meta=\"{&quot;aperture&quot;:&quot;0&quot;,&quot;credit&quot;:&quot;&quot;,&quot;camera&quot;:&quot;&quot;,&quot;caption&quot;:&quot;&quot;,&quot;created_timestamp&quot;:&quot;0&quot;,&quot;copyright&quot;:&quot;&quot;,&quot;focal_length&quot;:&quot;0&quot;,&quot;iso&quot;:&quot;0&quot;,&quot;shutter_speed&quot;:&quot;0&quot;,&quot;title&quot;:&quot;&quot;}\" data-image-title=\"pater-noster-race-tiger-007\" data-image-description=\"\" data-image-caption=\"\" data-large-file=\"https:\/\/i0.wp.com\/olofarmini.com\/wp-content\/uploads\/2009\/05\/pater-noster-race-tiger-007.jpg?fit=1024%2C768&amp;ssl=1\" class=\"alignnone size-medium wp-image-343\" title=\"pater-noster-race-tiger-007\" src=\"https:\/\/i0.wp.com\/olofarmini.com\/wp-content\/uploads\/2009\/05\/pater-noster-race-tiger-007-300x225.jpg?resize=300%2C225\" alt=\"\" width=\"300\" height=\"225\" srcset=\"https:\/\/i0.wp.com\/olofarmini.com\/wp-content\/uploads\/2009\/05\/pater-noster-race-tiger-007.jpg?resize=300%2C225&amp;ssl=1 300w, https:\/\/i0.wp.com\/olofarmini.com\/wp-content\/uploads\/2009\/05\/pater-noster-race-tiger-007.jpg?w=1200&amp;ssl=1 1200w\" sizes=\"auto, (max-width: 300px) 100vw, 300px\" \/><\/a><\/p>\n<p>H\u00e4r som etta, f\u00f6rst\u00e5s, i anrika Pater Noster Race! Ett h\u00e4rligt \u00e5terseende. S\u00e4llan har jag tr\u00e4ffat en mer fokuserad och dedicated person \u00e4n Ingvar. Fr\u00e5n ingenting seglade han upp i topp p\u00e5 V\u00e4stkusten s\u00e5v\u00e4l inom seglingteori som i praktik. Och d\u00e4r fick man h\u00e4nga med.<\/p>\n<p>Fr\u00e5n att aldrig ha sett en pedal blev han p\u00e5 n\u00e5gra \u00e5r en aktad cyklist och hade f\u00e5 om ens n\u00e5gon \u00f6verman i nedf\u00f6rsbackar och i spurten.<\/p>\n<p>Skall bli kul att tr\u00e4ffas i Olofstorp p\u00e5 l\u00f6rdag och kanske kan det bli n\u00e5got p\u00e5 pansjolistan vid nattcyklingen hem.<\/p>\n<p>Till slut \u00e5ter till f\u00e5glar p\u00e5 Gotland. Fick ju litet feed-back p\u00e5 fjol\u00e5rets observation av svatbent strandpipare i V\u00e4stergarn och mina spekulationer kring den (finns p\u00e5 bloggen) n\u00e4r det d\u00f6k upp ett exemplar i Brissund. Kan ju associera till gulh\u00e4mplingen som Janne spottade h\u00e4romdagen.<\/p>\n<p>B\u00e5da dessa arter g\u00f6r framst\u00f6tar l\u00e4ngs med \u00d6stersj\u00f6n mad j\u00e4mna mellanrum. Och i \u00e5r har det varit gott om rapporter i omr\u00e5det. S\u00e5 varf\u00f6r inte f\u00f6rsta h\u00e4ckningen. Keep alert!<\/p>\n","protected":false},"excerpt":{"rendered":"<p>Kristi Flygare, helgernas helg f\u00f6r en sk\u00e5dare. Och i \u00e5r med ett v\u00e4derl\u00e4ge f\u00f6r Gotland som minsann inte \u00e4r \u00e5rligt. Fullt \u00f6s upp\u00e5t fr\u00e5n Svarta Havet och de ryska st\u00e4pperna med totalstopp \u00f6ver \u00d6stersj\u00f6n i h\u00f6jd med \u00d6land-Gotland! Allt kan dyka upp! Rapporterna fr\u00e5n Janne har redan varit svidande och Eva rapporterar str\u00e5lande v\u00e4der och [&hellip;]<\/p>\n","protected":false},"author":2,"featured_media":0,"comment_status":"open","ping_status":"open","sticky":false,"template":"","format":"standard","meta":{"jetpack_post_was_ever_published":false,"_jetpack_newsletter_access":"","_jetpack_dont_email_post_to_subs":false,"_jetpack_newsletter_tier_id":0,"_jetpack_memberships_contains_paywalled_content":false,"_jetpack_memberships_contains_paid_content":false,"footnotes":"","jetpack_publicize_message":"","jetpack_publicize_feature_enabled":true,"jetpack_social_post_already_shared":false,"jetpack_social_options":{"image_generator_settings":{"template":"highway","default_image_id":0,"font":"","enabled":false},"version":2}},"categories":[14,13,3],"tags":[],"class_list":["post-342","post","type-post","status-publish","format-standard","hentry","category-goteborg","category-old-times","category-vastergarn"],"jetpack_publicize_connections":[],"jetpack_featured_media_url":"","jetpack_sharing_enabled":true,"jetpack_shortlink":"https:\/\/wp.me\/s7kiwE-flygare","jetpack-related-posts":[],"_links":{"self":[{"href":"https:\/\/olofarmini.com\/index.php?rest_route=\/wp\/v2\/posts\/342","targetHints":{"allow":["GET"]}}],"collection":[{"href":"https:\/\/olofarmini.com\/index.php?rest_route=\/wp\/v2\/posts"}],"about":[{"href":"https:\/\/olofarmini.com\/index.php?rest_route=\/wp\/v2\/types\/post"}],"author":[{"embeddable":true,"href":"https:\/\/olofarmini.com\/index.php?rest_route=\/wp\/v2\/users\/2"}],"replies":[{"embeddable":true,"href":"https:\/\/olofarmini.com\/index.php?rest_route=%2Fwp%2Fv2%2Fcomments&post=342"}],"version-history":[{"count":1,"href":"https:\/\/olofarmini.com\/index.php?rest_route=\/wp\/v2\/posts\/342\/revisions"}],"predecessor-version":[{"id":344,"href":"https:\/\/olofarmini.com\/index.php?rest_route=\/wp\/v2\/posts\/342\/revisions\/344"}],"wp:attachment":[{"href":"https:\/\/olofarmini.com\/index.php?rest_route=%2Fwp%2Fv2%2Fmedia&parent=342"}],"wp:term":[{"taxonomy":"category","embeddable":true,"href":"https:\/\/olofarmini.com\/index.php?rest_route=%2Fwp%2Fv2%2Fcategories&post=342"},{"taxonomy":"post_tag","embeddable":true,"href":"https:\/\/olofarmini.com\/index.php?rest_route=%2Fwp%2Fv2%2Ftags&post=342"}],"curies":[{"name":"wp","href":"https:\/\/api.w.org\/{rel}","templated":true}]}}