{"id":3954,"date":"2017-10-14T17:04:42","date_gmt":"2017-10-14T15:04:42","guid":{"rendered":"http:\/\/olofarmini.com\/?p=3954"},"modified":"2017-10-14T17:04:42","modified_gmt":"2017-10-14T15:04:42","slug":"stormens-oga-2","status":"publish","type":"post","link":"https:\/\/olofarmini.com\/?p=3954","title":{"rendered":"Stormens \u00f6ga"},"content":{"rendered":"<p>4 oktober medelvind VSV 15 m\/s och stormbyar. En och annan regnby och varning f\u00f6r h\u00f6gvatten.<\/p>\n<p>\u00c4ventyrligt v\u00e4rre, n\u00e4r Bernt m\u00f6tte upp 0600 utanf\u00f6r OR. Bemannad, men fick \u00e4nd\u00e5 reprisera de fyra trapporna f\u00f6r mobilen p\u00e5 toaletten.<\/p>\n<p>Kontakt med David som \u00f6vernattat i bilen p\u00e5 Kr\u00e5kudden. Kunde rapportera faran \u00f6ver f\u00f6r h\u00f6gvattnet och plats i &#8220;skyddet&#8221; &#8211; bara det &#8211; och s\u00e5 att Albin Trossen inte passerat.<\/p>\n<p>Med raska steg forcerade vi vindbyar och regnst\u00e4nk. Fick hj\u00e4rtat i halsgropen n\u00e4r Bernt st\u00f6rtade ned i ett sl\u00e5nb\u00e4rsris. Ingen fara och inte heller vadet beredde n\u00e5got problem.<\/p>\n<p>Fina platser bredvid en r\u00e4cka prominenser som Niklas A, Bertil B, Lars A, Jan-\u00c5ke N m fl. Hann ocks\u00e5 lagom till en <strong>Svartn\u00e4bbad Islom<\/strong>.\u00a0Gott tryck p\u00e5 b\u00e5de vind och f\u00e5glar. <strong>Havssulor<\/strong> f\u00f6rst\u00e5s, och r\u00e4tt s\u00e4song f\u00f6r<strong> Storlabbar<\/strong>. Inte Davids presumtiva <strong>Sydpolslabb<\/strong> fr\u00e5n g\u00e5rdagen dock.<\/p>\n<p><img data-recalc-dims=\"1\" loading=\"lazy\" decoding=\"async\" data-attachment-id=\"3955\" data-permalink=\"https:\/\/olofarmini.com\/?attachment_id=3955\" data-orig-file=\"https:\/\/i0.wp.com\/olofarmini.com\/wp-content\/uploads\/2017\/10\/fullsizeoutput_15b.jpeg?fit=379%2C213&amp;ssl=1\" data-orig-size=\"379,213\" data-comments-opened=\"1\" data-image-meta=\"{&quot;aperture&quot;:&quot;0&quot;,&quot;credit&quot;:&quot;&quot;,&quot;camera&quot;:&quot;&quot;,&quot;caption&quot;:&quot;&quot;,&quot;created_timestamp&quot;:&quot;1507056417&quot;,&quot;copyright&quot;:&quot;&quot;,&quot;focal_length&quot;:&quot;0&quot;,&quot;iso&quot;:&quot;0&quot;,&quot;shutter_speed&quot;:&quot;0&quot;,&quot;title&quot;:&quot;&quot;,&quot;orientation&quot;:&quot;1&quot;}\" data-image-title=\"fullsizeoutput_15b\" data-image-description=\"\" data-image-caption=\"\" data-large-file=\"https:\/\/i0.wp.com\/olofarmini.com\/wp-content\/uploads\/2017\/10\/fullsizeoutput_15b.jpeg?fit=379%2C213&amp;ssl=1\" class=\"alignnone size-medium wp-image-3955\" src=\"https:\/\/i0.wp.com\/olofarmini.com\/wp-content\/uploads\/2017\/10\/fullsizeoutput_15b-300x169.jpeg?resize=300%2C169\" alt=\"\" width=\"300\" height=\"169\" srcset=\"https:\/\/i0.wp.com\/olofarmini.com\/wp-content\/uploads\/2017\/10\/fullsizeoutput_15b.jpeg?resize=300%2C169&amp;ssl=1 300w, https:\/\/i0.wp.com\/olofarmini.com\/wp-content\/uploads\/2017\/10\/fullsizeoutput_15b.jpeg?w=379&amp;ssl=1 379w\" sizes=\"auto, (max-width: 300px) 100vw, 300px\" \/><\/p>\n<p>Ser bra ut med kontrasterande ljus kropp och tydligt vitt diagonalband p\u00e5 undervinge men, men&#8230; Kanske \u00e4nd\u00e5 inom ramen f\u00f6r en gammal sliten <strong>Storlabb<\/strong>???<\/p>\n<p>Faktum \u00e4r att David och jag hade en<strong> Sydpolare<\/strong> i Hua Hins hamn julen-87. Den omn\u00e4mns i &#8220;Birds of Thailand&#8221; och n\u00e4rmaste misstagsrisken var ett g\u00e4ng <strong>Brellar<\/strong>.<\/p>\n<p>En<strong> Bredstj\u00e4rtad labb<\/strong> passerade ocks\u00e5 H\u00f6n\u00f6, liksom<strong> 2 Fj\u00e4llabbar<\/strong>, alla ungf\u00e5glar. Brellen jagade f\u00f6rst sm\u00e5f\u00e5glar men \u00f6vergick sedan till Havstrutar!<\/p>\n<p><strong>T\u00e4rnm\u00e5sen<\/strong> fr\u00e5n ig\u00e5r inte idag, men <strong>Dv\u00e4rgm\u00e5sar och Tret\u00e5m\u00e5sar<\/strong>. Litet dystert n\u00e4r Albin rapporterades fr\u00e5n Sk\u00e5ne. M\u00e5ste ha passerat l\u00e5ngt ut. S\u00e5gs ju ig\u00e5r i Grosshamn.<\/p>\n<p>Kompenserade med <strong>Gr\u00e5lira, 2 Bredn\u00e4bbade Simsn\u00e4ppor,<\/strong> \u00e5tminstone nr 2 s\u00e5gs mycket bra, en <strong>Lunnef\u00e5gel<\/strong> och gott om <strong>Toppskarvar<\/strong>.<\/p>\n<p>Bernt avvek litet tidigare och fick kraftiga f\u00f6rh\u00e5llningsorder att h\u00e5lla mobilen redo. Ist\u00e4llet h\u00f6ll alla vi i &#8220;hajdet&#8221; p\u00e5 att bl\u00e5sa v\u00e4ck, en orkanby med knytn\u00e4vsstora hagel vr\u00e4kte r\u00e4tt in. David och jag klarade oss hyfsat, med utrustning tryckte vi oss mot bakv\u00e4ggen. Andra kr\u00f6p ihop p\u00e5 golvet och l\u00e4mnade kikare och kameror \u00e5t sitt \u00f6de.<\/p>\n<p>Alla red vi dock ut attacken fr\u00e5n v\u00e4drets makter och kunde summera en str\u00e5lande sk\u00e5dardag trots Trossens svek!<\/p>\n","protected":false},"excerpt":{"rendered":"<p>4 oktober medelvind VSV 15 m\/s och stormbyar. En och annan regnby och varning f\u00f6r h\u00f6gvatten. \u00c4ventyrligt v\u00e4rre, n\u00e4r Bernt m\u00f6tte upp 0600 utanf\u00f6r OR. Bemannad, men fick \u00e4nd\u00e5 reprisera de fyra trapporna f\u00f6r mobilen p\u00e5 toaletten. Kontakt med David som \u00f6vernattat i bilen p\u00e5 Kr\u00e5kudden. Kunde rapportera faran \u00f6ver f\u00f6r h\u00f6gvattnet och plats i [&hellip;]<\/p>\n","protected":false},"author":1,"featured_media":0,"comment_status":"open","ping_status":"open","sticky":false,"template":"","format":"standard","meta":{"jetpack_post_was_ever_published":false,"_jetpack_newsletter_access":"","_jetpack_dont_email_post_to_subs":false,"_jetpack_newsletter_tier_id":0,"_jetpack_memberships_contains_paywalled_content":false,"_jetpack_memberships_contains_paid_content":false,"footnotes":"","jetpack_publicize_message":"","jetpack_publicize_feature_enabled":true,"jetpack_social_post_already_shared":true,"jetpack_social_options":{"image_generator_settings":{"template":"highway","default_image_id":0,"font":"","enabled":false},"version":2}},"categories":[14,1],"tags":[],"class_list":["post-3954","post","type-post","status-publish","format-standard","hentry","category-goteborg","category-uncategorized"],"jetpack_publicize_connections":[],"jetpack_featured_media_url":"","jetpack_sharing_enabled":true,"jetpack_shortlink":"https:\/\/wp.me\/p7kiwE-11M","jetpack-related-posts":[],"_links":{"self":[{"href":"https:\/\/olofarmini.com\/index.php?rest_route=\/wp\/v2\/posts\/3954","targetHints":{"allow":["GET"]}}],"collection":[{"href":"https:\/\/olofarmini.com\/index.php?rest_route=\/wp\/v2\/posts"}],"about":[{"href":"https:\/\/olofarmini.com\/index.php?rest_route=\/wp\/v2\/types\/post"}],"author":[{"embeddable":true,"href":"https:\/\/olofarmini.com\/index.php?rest_route=\/wp\/v2\/users\/1"}],"replies":[{"embeddable":true,"href":"https:\/\/olofarmini.com\/index.php?rest_route=%2Fwp%2Fv2%2Fcomments&post=3954"}],"version-history":[{"count":2,"href":"https:\/\/olofarmini.com\/index.php?rest_route=\/wp\/v2\/posts\/3954\/revisions"}],"predecessor-version":[{"id":3957,"href":"https:\/\/olofarmini.com\/index.php?rest_route=\/wp\/v2\/posts\/3954\/revisions\/3957"}],"wp:attachment":[{"href":"https:\/\/olofarmini.com\/index.php?rest_route=%2Fwp%2Fv2%2Fmedia&parent=3954"}],"wp:term":[{"taxonomy":"category","embeddable":true,"href":"https:\/\/olofarmini.com\/index.php?rest_route=%2Fwp%2Fv2%2Fcategories&post=3954"},{"taxonomy":"post_tag","embeddable":true,"href":"https:\/\/olofarmini.com\/index.php?rest_route=%2Fwp%2Fv2%2Ftags&post=3954"}],"curies":[{"name":"wp","href":"https:\/\/api.w.org\/{rel}","templated":true}]}}