{"id":4593,"date":"2019-10-07T17:59:29","date_gmt":"2019-10-07T15:59:29","guid":{"rendered":"http:\/\/olofarmini.com\/?p=4593"},"modified":"2019-10-07T17:59:29","modified_gmt":"2019-10-07T15:59:29","slug":"den-som-vantar-v42-19","status":"publish","type":"post","link":"https:\/\/olofarmini.com\/?p=4593","title":{"rendered":"Den som v\u00e4ntar&#8230; v42 -19"},"content":{"rendered":"<p>v41<\/p>\n<p>och vi n\u00e4rmar oss den ofta hysteriska raritetsveckan 42. Ostkusten peppras av \u00f6stliga superrariteter, v\u00e4stkusten \u00f6versk\u00f6ljs av fj\u00e4rran oceaniter och p\u00e5 sydkusten (l\u00e4s Falsterbo) flockas \u00f6rnarna och resterna fr\u00e5n de \u00f6vriga kusterna.<\/p>\n<p>Redan fr\u00e5n slutet av augusti har man kunnat k\u00e4nna av och uppleva f\u00f6rspelet med influx av subrarrisar som <strong>Aftonfalk, Fj\u00e4llabb, St\u00e4pph\u00f6k, Tajgas\u00e5ngare<\/strong> mm kryddat med en och annan superrarris. Gotland och Hoburgen har toppat med triss i sparvar, <strong>Gulgr\u00e5, Svarthuvad och Alpj\u00e4rnsparv.<\/strong> Och nu redan en vecka i f\u00f6rv\u00e4g b\u00f6rjar de tunga bomberna falla, <strong>R\u00f6dhuvad t\u00f6rnskata<\/strong> p\u00e5 Soten\u00e4set, <strong>Brun t\u00f6rnskata<\/strong> p\u00e5 Landsort och s\u00e5 Gotland igen, denna g\u00e5ng F\u00e5r\u00f6 med <strong>\u00d6kens\u00e5ngare<\/strong>.<\/p>\n<p>Detta kan tyckas vara ett himmelrike f\u00f6r f\u00e5gelsk\u00e5daren, Twitchern &#8211; bara att gotta sig i! Men, men det \u00e4r ocks\u00e5 frustrerande och ibland rent av deprimerande. Hur ofta upplever man inte twitchern som st\u00e5r mitt i malstr\u00f6mmen utgjuta sig \u00f6ver hur mycket som ses just d\u00e4r hen inte st\u00e5r &#8211; ibland rent av aggressivt.<\/p>\n<p>Det g\u00e4ller att ha tid, vara p\u00e5 r\u00e4tt plats, ha kommunikation alarm\/bil. Men framf\u00f6rallt vara mentalt tr\u00e4nad. Att hela tiden f\u00e5 ett lagom stressp\u00e5slag f\u00f6r sina f\u00f6ruts\u00e4ttningar.<\/p>\n<p>Kan f\u00f6r egen del sammanfatta tv\u00e5m\u00e5nadersperioden fram till superveckan.<\/p>\n<p>Betecknar mig som en utpr\u00e4glad twitcher. Med inriktning p\u00e5 att hitta och best\u00e4mma f\u00e5glarna sj\u00e4lv. Kan f\u00f6rst\u00e5s vara tillsammans med andra och kan g\u00e4lla redan hittade och f\u00f6rutsagda f\u00e5glar. Vissa sv\u00e5righeter, som s\u00e4llsynthet och best\u00e4mning kan f\u00f6rh\u00f6ja v\u00e4rdet.<\/p>\n<p>Kalasl\u00e4ge p\u00e5 Gotland och tomt 510 med n\u00e4romr\u00e5de Paviken, Sv\u00e4ltholmen. Fram till slutet av augusti. God men knapp inh\u00e4mtning av normala subrarrisar som <strong>Citron\u00e4rla, Dubbelbeckasin, Aftonfalk, Brunglada och en juv Fj\u00e4llabb<\/strong> som slickade tomtgr\u00e4nsen. Frustrationskittlingar fa orsakade av min brist p\u00e5 bilkommunikation (sparvar och rovisar p\u00e5 Sudret) fick jag bem\u00e4stra mentalt med, &#8220;jag har sett dom &#8220;b\u00e4ttre&#8221; p\u00e5 mina resor i v\u00e4rlden &#8211; HA!&#8221;<\/p>\n<p>S\u00e5 G\u00f6teborg och inte samma kanonl\u00e4ge som p\u00e5 Gotland. Men \u00e4nd\u00e5 hyfsat, OR25 med milsvid utsikt fr\u00e5n k\u00f6ket \u00f6sterut \u00f6ver mynningen av gamla isranden vid sista istiden! Fr\u00e5n balkongen en skogbekl\u00e4dd \u00f6 i storstaden och en oas f\u00f6r f\u00e5glar &#8211; ox\u00e5 vilsekomna. Dagar med n\u00e4stan inga f\u00e5glar (frustrerande) men s\u00e5! &#8211; har jag skrapat ihop n\u00e5gra &#8220;m\u00e5sten&#8221;,<\/p>\n<p><strong>St\u00e4pph\u00f6k,<\/strong> Det plingade p\u00e5 Band och Per B p\u00e5 Hisingen hade en juv mot Lisebergstornet. Raskt till k\u00f6ksf\u00f6nstret, m\u00e5nga vr\u00e5kar i luften och d\u00e4r en liten k\u00e4rrh\u00f6k som gjorde n\u00e5gra krets, sedan raskt \u00f6ver Brudarebacken och fullt OK f\u00f6r mig men v\u00e4rdel\u00f6st som &#8220;hard proof&#8221;<\/p>\n<p><strong>Tajgas\u00e5ngare<\/strong>, f\u00f6r femtioelfte ggn satte jag in h\u00f6rapparaten. Satte mitt hopp till tv\u00e5 <strong>Grans\u00e5ngare,<\/strong> men dom var tysta. S\u00e5 satte <strong>Tajgan<\/strong> ig\u00e5ng, tom antydan till s\u00e5ng, men som vanligt for den runt avl\u00e4gset i en tr\u00e4dtopp. Jag f\u00f6rs\u00f6kte playbacka den, men det gick bara sis\u00e5d\u00e4r.<\/p>\n<p><strong>B\u00e4ndelkorsn\u00e4bb, Aftonfalk, Spetsbergsg\u00e5s<\/strong> inte d\u00e5ligt. S\u00e4rskilt <strong>B\u00e4ndel<\/strong> d\u00e4r jag kan skryta med att ligga i frontlinjen efter n\u00e5gra magra \u00e5r.<\/p>\n<p>Valde i l\u00f6rdags i str\u00e5lande brittsommar, frostmorgon, litet slumpm\u00e4ssigt 5:an p\u00e5 Korsv\u00e4gen och sedan K\u00e4rralund och vidare mot Brudarebacken. K\u00e4ndes ganska tamt. Men vid bj\u00f6rkk\u00e4rret strax innan backen satte en <strong>&#8220;tristis&#8221;<\/strong> ig\u00e5ng &#8211; h\u00e4rligt efter alla tysta <strong>Grans\u00e5ngare<\/strong> vid OR25!<\/p>\n<p>F\u00f6ljde upp med <strong>Svarthakad buskskv\u00e4tta, Fors\u00e4rla<\/strong> vid Backen och Ingemar Larsson, som visste att ber\u00e4tta om hur man jobbat med en &#8220;tristis&#8221; vid k\u00e4rret &#8211; hup!<\/p>\n<p>Men mentalt v\u00e4ger\u00a0<strong>Dv\u00e4rgspoven<\/strong> p\u00e5 H\u00f6n\u00f6 med David mfl tyngst &#8211; \u00e4ven om RK l\u00e5ter bilan falla!<\/p>\n<p><img data-recalc-dims=\"1\" loading=\"lazy\" decoding=\"async\" data-attachment-id=\"4570\" data-permalink=\"https:\/\/olofarmini.com\/?attachment_id=4570\" data-orig-file=\"https:\/\/i0.wp.com\/olofarmini.com\/wp-content\/uploads\/2019\/09\/Sk%C3%A4rmavbild-2019-09-05-kl.-08.19.25.jpeg?fit=940%2C744&amp;ssl=1\" data-orig-size=\"940,744\" data-comments-opened=\"1\" data-image-meta=\"{&quot;aperture&quot;:&quot;0&quot;,&quot;credit&quot;:&quot;&quot;,&quot;camera&quot;:&quot;&quot;,&quot;caption&quot;:&quot;&quot;,&quot;created_timestamp&quot;:&quot;0&quot;,&quot;copyright&quot;:&quot;&quot;,&quot;focal_length&quot;:&quot;0&quot;,&quot;iso&quot;:&quot;0&quot;,&quot;shutter_speed&quot;:&quot;0&quot;,&quot;title&quot;:&quot;&quot;,&quot;orientation&quot;:&quot;0&quot;}\" data-image-title=\"Sk\u00e4rmavbild 2019-09-05 kl. 08.19.25\" data-image-description=\"\" data-image-caption=\"\" data-large-file=\"https:\/\/i0.wp.com\/olofarmini.com\/wp-content\/uploads\/2019\/09\/Sk%C3%A4rmavbild-2019-09-05-kl.-08.19.25.jpeg?fit=940%2C744&amp;ssl=1\" class=\"alignnone size-medium wp-image-4570\" src=\"https:\/\/i0.wp.com\/olofarmini.com\/wp-content\/uploads\/2019\/09\/Sk%C3%A4rmavbild-2019-09-05-kl.-08.19.25-300x237.jpeg?resize=300%2C237\" alt=\"\" width=\"300\" height=\"237\" srcset=\"https:\/\/i0.wp.com\/olofarmini.com\/wp-content\/uploads\/2019\/09\/Sk%C3%A4rmavbild-2019-09-05-kl.-08.19.25.jpeg?resize=300%2C237&amp;ssl=1 300w, https:\/\/i0.wp.com\/olofarmini.com\/wp-content\/uploads\/2019\/09\/Sk%C3%A4rmavbild-2019-09-05-kl.-08.19.25.jpeg?resize=768%2C608&amp;ssl=1 768w, https:\/\/i0.wp.com\/olofarmini.com\/wp-content\/uploads\/2019\/09\/Sk%C3%A4rmavbild-2019-09-05-kl.-08.19.25.jpeg?w=940&amp;ssl=1 940w\" sizes=\"auto, (max-width: 300px) 100vw, 300px\" \/><\/p>\n","protected":false},"excerpt":{"rendered":"<p>v41 och vi n\u00e4rmar oss den ofta hysteriska raritetsveckan 42. Ostkusten peppras av \u00f6stliga superrariteter, v\u00e4stkusten \u00f6versk\u00f6ljs av fj\u00e4rran oceaniter och p\u00e5 sydkusten (l\u00e4s Falsterbo) flockas \u00f6rnarna och resterna fr\u00e5n de \u00f6vriga kusterna. Redan fr\u00e5n slutet av augusti har man kunnat k\u00e4nna av och uppleva f\u00f6rspelet med influx av subrarrisar som Aftonfalk, Fj\u00e4llabb, St\u00e4pph\u00f6k, Tajgas\u00e5ngare [&hellip;]<\/p>\n","protected":false},"author":1,"featured_media":0,"comment_status":"open","ping_status":"open","sticky":false,"template":"","format":"standard","meta":{"jetpack_post_was_ever_published":false,"_jetpack_newsletter_access":"","_jetpack_dont_email_post_to_subs":false,"_jetpack_newsletter_tier_id":0,"_jetpack_memberships_contains_paywalled_content":false,"_jetpack_memberships_contains_paid_content":false,"footnotes":"","jetpack_publicize_message":"","jetpack_publicize_feature_enabled":true,"jetpack_social_post_already_shared":true,"jetpack_social_options":{"image_generator_settings":{"template":"highway","default_image_id":0,"font":"","enabled":false},"version":2}},"categories":[4,14,13,3],"tags":[],"class_list":["post-4593","post","type-post","status-publish","format-standard","hentry","category-faltbestamning","category-goteborg","category-old-times","category-vastergarn"],"jetpack_publicize_connections":[],"jetpack_featured_media_url":"","jetpack_sharing_enabled":true,"jetpack_shortlink":"https:\/\/wp.me\/p7kiwE-1c5","jetpack-related-posts":[],"_links":{"self":[{"href":"https:\/\/olofarmini.com\/index.php?rest_route=\/wp\/v2\/posts\/4593","targetHints":{"allow":["GET"]}}],"collection":[{"href":"https:\/\/olofarmini.com\/index.php?rest_route=\/wp\/v2\/posts"}],"about":[{"href":"https:\/\/olofarmini.com\/index.php?rest_route=\/wp\/v2\/types\/post"}],"author":[{"embeddable":true,"href":"https:\/\/olofarmini.com\/index.php?rest_route=\/wp\/v2\/users\/1"}],"replies":[{"embeddable":true,"href":"https:\/\/olofarmini.com\/index.php?rest_route=%2Fwp%2Fv2%2Fcomments&post=4593"}],"version-history":[{"count":1,"href":"https:\/\/olofarmini.com\/index.php?rest_route=\/wp\/v2\/posts\/4593\/revisions"}],"predecessor-version":[{"id":4594,"href":"https:\/\/olofarmini.com\/index.php?rest_route=\/wp\/v2\/posts\/4593\/revisions\/4594"}],"wp:attachment":[{"href":"https:\/\/olofarmini.com\/index.php?rest_route=%2Fwp%2Fv2%2Fmedia&parent=4593"}],"wp:term":[{"taxonomy":"category","embeddable":true,"href":"https:\/\/olofarmini.com\/index.php?rest_route=%2Fwp%2Fv2%2Fcategories&post=4593"},{"taxonomy":"post_tag","embeddable":true,"href":"https:\/\/olofarmini.com\/index.php?rest_route=%2Fwp%2Fv2%2Ftags&post=4593"}],"curies":[{"name":"wp","href":"https:\/\/api.w.org\/{rel}","templated":true}]}}