{"id":4842,"date":"2020-12-07T12:04:50","date_gmt":"2020-12-07T10:04:50","guid":{"rendered":"https:\/\/olofarmini.com\/?p=4842"},"modified":"2020-12-07T12:04:50","modified_gmt":"2020-12-07T10:04:50","slug":"lervik-deja-vu","status":"publish","type":"post","link":"https:\/\/olofarmini.com\/?p=4842","title":{"rendered":"Lervik, deja vu!"},"content":{"rendered":"\n<p>8 december 2004, Lerviks hamn med David och en h\u00e4rlig<strong> ISM\u00c5S<\/strong>. En hel del sk\u00e5dare och vill minnas att Mikael Nord chummade med ett laxkadaver.<\/p>\n\n\n\n<p>Blev tv\u00e5 bes\u00f6k till, ett med cykel och ett med Magnus och Ivar. H\u00e4rlig sk\u00e5dning, inte bara p\u00e5 Ism\u00e5s, och jag tog Lerkil till mitt hj\u00e4rta.<\/p>\n\n\n\n<p>Har senare varit d\u00e4r med Berndt n\u00e5gra g\u00e5nger. Ett v\u00e4lbalanserat havssk\u00e5daralternativ. \u00d6verg\u00e5ngen mellan den bohusl\u00e4nska arkipelagen och den mer flacka Hallandskusten. Med bil tidsm\u00e4ssigt n\u00e4ra OR, l\u00e4ttillg\u00e4ngligt och bekv\u00e4mt.<\/p>\n\n\n\n<p>Gett en hel del fint, om \u00e4n ingen mer ism\u00e5s, s\u00e5 tex <strong>Bredn\u00e4bbad simsn\u00e4ppa och Vitn\u00e4bbad Islom<\/strong> vid ett tillf\u00e4lle.<\/p>\n\n\n\n<p>Allts\u00e5 kl\u00e4mtade minnena n\u00e4r Eva, Yaris och jag, 20 november turade Lervik med fin mats\u00e4ck. Eva blev f\u00f6rtjust och jag gottade mig. En <strong>Svartn\u00e4bbad Islom<\/strong> drog f\u00f6rbi n\u00e5gra g\u00e5nger, en<strong> Alkekung<\/strong> likas\u00e5, mkt <strong>Toppskarv och Tret\u00e5m\u00e5s, n\u00e5gra Mindre s\u00e5ngsvanar <\/strong>mot S. <\/p>\n\n\n\n<p>S\u00e5 blixtrade det till. Men som blixten lika skarpt som snabbt. En <strong>Sv\u00e4rthane <\/strong>l\u00e5g och guppade en bit ut. Jag reagerade som stungen av en kobra. Brett vitt upp\u00e5triktat komma bakom \u00f6gat. N\u00e4bben med kn\u00f6l som t\u00e4ckte del av n\u00e4bbf\u00e4rgen, gul med r\u00f6dstick. Trodde mig ana brunton (amerikansk) men helsvart n\u00e4r den (med blixtens hastighet) fl\u00f6g iv\u00e4g (sibirisk). <strong>SIBIRISK KN\u00d6LSV\u00c4RTA<\/strong>; hanen som siktats i s\u00f6dra Halland de tv\u00e5 senaste vintrarna??? &#8211; deja vu!? Tja, litet h\u00e5ll och kort, kanske en sk stringare i str\u00e4ngares glas\u00f6gon.<\/p>\n\n\n\n<p>22 november nytt f\u00f6rs\u00f6k och nu i styv kuling med smattrande rapporter fr\u00e5n H\u00f6n\u00f6 (David mfl p\u00e5 hugget) och andra hotspots l\u00e4ngs V\u00e4stkusten. Litet \u00f6verraskande var \u00e4ven Lervik v\u00e4lbesatt (Bla Erik Landgren Davids gamle sk\u00e5darkompis) och jag lite senf\u00e4rdig hade missat s\u00e5v\u00e4l <strong>Klyksvala som Svartn\u00e4s<\/strong>a &#8211; sic! <\/p>\n\n\n\n<p>P\u00e5 beh\u00f6rigt Covid &#8211; avst\u00e5nd, kunde jag dock replikera med <strong>Bredstj\u00e4rtad labb, Storlabb och Lunnef\u00e5gel<\/strong> och sl\u00e4ckte den sura dippk\u00e4nslan till bara syrlig. Blev ocks\u00e5 ensam om 2-3 <strong>Kaspiska trutar<\/strong>, klockrena 1K-f\u00e5glar, om \u00e4n p\u00e5 litet h\u00e5ll. Klykor, Svartn\u00e4sor och Kaspiska var dagens arter p\u00e5 V\u00e4stkusten &#8211; i antal!<\/p>\n\n\n\n<p>23 november blev dagens art, en f\u00e5gel som blev fotad helt underbart av Erik L &#8211; i Lervik!!! &#8211; en <strong>1K ROSENM\u00c5S. <\/strong>Den dansade s\u00f6derut n\u00e5gon timme innan jag tuffade in f\u00f6r tredje g\u00e5ngen gillt efter att ha satt av Eva i Kungsbacka. Sur-sur drypande dip fick lindras med fin sk\u00e5dning i splendid isolation.<\/p>\n\n\n\n<p>S\u00e5 b\u00f6rjade det droppa in n\u00e5gra sk\u00e5dare, m\u00e5ndag men lunchtid &#8211; och dagens twitchare skyr inte tid eller avst\u00e5nd!!!  Fr\u00e5gade litet f\u00f6rsiktigt p\u00e5 beh\u00f6rigt avst\u00e5nd. &#8220;M\u00e5sen hade v\u00e4nt nere vid Fj\u00e4rhals och dragit norrut &#8211; mot Lerkil&#8221;.<\/p>\n\n\n\n<p>Sk\u00e4rpte mig och mycket riktigt hittade jag en liten m\u00e5s, t\u00e4rnlik, som jag minns min hittills enda Rosenm\u00e5s, en juldag p\u00e5 H\u00f6n\u00f6\/\u00d6cker\u00f6. En liten bit ut \u00f6ver det m\u00f6rka havet f\u00f6rst\u00e4rktes intrycket av l\u00e5nga, vita vingar &#8211; det svarta w-tecknet f\u00f6rsvann mot havet ibland!<\/p>\n\n\n\n<p>Tv\u00e5 sk\u00e5dare utmanade lunchrasten och stod mumlande och &#8220;humrade&#8221; \u00f6ver tuberna n\u00e4r jag utmanade Covidavst\u00e5ndet. Dom hade redan uppt\u00e4ckt m\u00e5sen &#8211; Deja vu. Dippen \u00f6vergick fr\u00e5n bittersur till s\u00f6tsur. Trots allt ingen \u00e4delobs!<\/p>\n\n\n\n<p>Approp\u00e5 string, str\u00e4ng, dip, dop, spontan, rymling&#8230;<\/p>\n\n\n\n<p>Rapporterade 16 oktober i V\u00e4stergarn en Halsbandsparakit p\u00e5 v\u00e4g mot \u00d6land.   <\/p>\n\n\n\n<figure class=\"wp-block-image size-large is-resized\"><img loading=\"lazy\" decoding=\"async\" data-attachment-id=\"4847\" data-permalink=\"https:\/\/olofarmini.com\/?attachment_id=4847\" data-orig-file=\"https:\/\/i0.wp.com\/olofarmini.com\/wp-content\/uploads\/2020\/12\/D9718D3C-F349-42D1-A7E9-7A5308D9F7AE_1_102_o.jpeg?fit=750%2C1334&amp;ssl=1\" data-orig-size=\"750,1334\" data-comments-opened=\"1\" data-image-meta=\"{&quot;aperture&quot;:&quot;0&quot;,&quot;credit&quot;:&quot;&quot;,&quot;camera&quot;:&quot;&quot;,&quot;caption&quot;:&quot;&quot;,&quot;created_timestamp&quot;:&quot;0&quot;,&quot;copyright&quot;:&quot;&quot;,&quot;focal_length&quot;:&quot;0&quot;,&quot;iso&quot;:&quot;0&quot;,&quot;shutter_speed&quot;:&quot;0&quot;,&quot;title&quot;:&quot;&quot;,&quot;orientation&quot;:&quot;1&quot;}\" data-image-title=\"D9718D3C-F349-42D1-A7E9-7A5308D9F7AE_1_102_o\" data-image-description=\"\" data-image-caption=\"\" data-large-file=\"https:\/\/i0.wp.com\/olofarmini.com\/wp-content\/uploads\/2020\/12\/D9718D3C-F349-42D1-A7E9-7A5308D9F7AE_1_102_o.jpeg?fit=576%2C1024&amp;ssl=1\" src=\"https:\/\/i2.wp.com\/olofarmini.com\/wp-content\/uploads\/2020\/12\/D9718D3C-F349-42D1-A7E9-7A5308D9F7AE_1_102_o.jpeg?fit=576%2C1024&amp;ssl=1\" alt=\"\" class=\"wp-image-4847\" width=\"166\" height=\"296\" srcset=\"https:\/\/i0.wp.com\/olofarmini.com\/wp-content\/uploads\/2020\/12\/D9718D3C-F349-42D1-A7E9-7A5308D9F7AE_1_102_o.jpeg?w=750&amp;ssl=1 750w, https:\/\/i0.wp.com\/olofarmini.com\/wp-content\/uploads\/2020\/12\/D9718D3C-F349-42D1-A7E9-7A5308D9F7AE_1_102_o.jpeg?resize=169%2C300&amp;ssl=1 169w, https:\/\/i0.wp.com\/olofarmini.com\/wp-content\/uploads\/2020\/12\/D9718D3C-F349-42D1-A7E9-7A5308D9F7AE_1_102_o.jpeg?resize=576%2C1024&amp;ssl=1 576w\" sizes=\"auto, (max-width: 166px) 100vw, 166px\" \/><\/figure>\n\n\n\n<figure class=\"wp-block-image size-large is-resized\"><img loading=\"lazy\" decoding=\"async\" data-attachment-id=\"4849\" data-permalink=\"https:\/\/olofarmini.com\/?attachment_id=4849\" data-orig-file=\"https:\/\/i0.wp.com\/olofarmini.com\/wp-content\/uploads\/2020\/12\/2C67149F-645A-48EF-8AC6-A2FBA8FB364C_1_102_o-1.jpeg?fit=750%2C1334&amp;ssl=1\" data-orig-size=\"750,1334\" data-comments-opened=\"1\" data-image-meta=\"{&quot;aperture&quot;:&quot;0&quot;,&quot;credit&quot;:&quot;&quot;,&quot;camera&quot;:&quot;&quot;,&quot;caption&quot;:&quot;&quot;,&quot;created_timestamp&quot;:&quot;0&quot;,&quot;copyright&quot;:&quot;&quot;,&quot;focal_length&quot;:&quot;0&quot;,&quot;iso&quot;:&quot;0&quot;,&quot;shutter_speed&quot;:&quot;0&quot;,&quot;title&quot;:&quot;&quot;,&quot;orientation&quot;:&quot;1&quot;}\" data-image-title=\"2C67149F-645A-48EF-8AC6-A2FBA8FB364C_1_102_o-1\" data-image-description=\"\" data-image-caption=\"\" data-large-file=\"https:\/\/i0.wp.com\/olofarmini.com\/wp-content\/uploads\/2020\/12\/2C67149F-645A-48EF-8AC6-A2FBA8FB364C_1_102_o-1.jpeg?fit=576%2C1024&amp;ssl=1\" src=\"https:\/\/i2.wp.com\/olofarmini.com\/wp-content\/uploads\/2020\/12\/2C67149F-645A-48EF-8AC6-A2FBA8FB364C_1_102_o-1.jpeg?fit=576%2C1024&amp;ssl=1\" alt=\"\" class=\"wp-image-4849\" width=\"168\" height=\"299\" srcset=\"https:\/\/i0.wp.com\/olofarmini.com\/wp-content\/uploads\/2020\/12\/2C67149F-645A-48EF-8AC6-A2FBA8FB364C_1_102_o-1.jpeg?w=750&amp;ssl=1 750w, https:\/\/i0.wp.com\/olofarmini.com\/wp-content\/uploads\/2020\/12\/2C67149F-645A-48EF-8AC6-A2FBA8FB364C_1_102_o-1.jpeg?resize=169%2C300&amp;ssl=1 169w, https:\/\/i0.wp.com\/olofarmini.com\/wp-content\/uploads\/2020\/12\/2C67149F-645A-48EF-8AC6-A2FBA8FB364C_1_102_o-1.jpeg?resize=576%2C1024&amp;ssl=1 576w\" sizes=\"auto, (max-width: 168px) 100vw, 168px\" \/><\/figure>\n\n\n\n<p> S\u00e5 fullt p\u00e5drag Kastl\u00f6sa, \u00d6land &#8211; Fr\u00e5n \u00e5tminstone 26 nov &#8211; station\u00e4r, ej ringm\u00e4rkt <strong>Halsbandsparakit<\/strong>! Nollad p\u00e5 BA och sl\u00e5r d\u00e4rmed \u00d6kens\u00e5ngare, Bergstajgas\u00e5ngare och Mongolpipl\u00e4rka mfl go\u00b4bitar p\u00e5 BA. <\/p>\n\n\n\n<p>L\u00e4s Nils-Olof J ovan och t\u00e4nk p\u00e5 Stripg\u00e5s och Mandarinand och ny behandling i sk\u00e5darsverige. Jag gnuggar h\u00e4nderna och gottar mig \u00e5t ljuva dr\u00f6mmar om \u00e4delkryss, f\u00f6rsta i Sverige &#8211; Men f\u00f6rst\u00e5s, Bara en goja s\u00e5&#8230;<\/p>\n\n\n\n<p>Kan d\u00e5 t\u00e4nka p\u00e5 1984 och min f\u00f6rsta \u00e4kta Halsbandsparakit, vid poolen p\u00e5 ett hotell i Karachi tror jag det var. Strax innan Delly-belly s\u00e4nkte mig efter en obet\u00e4nksam \u00e4ggfrukost.<\/p>\n\n\n\n<p>\u00c4gnar mig \u00e5t en frukost, smittofri !? Och \u00e5terkommer i \u00e4mnet <\/p>\n\n\n\n<p><\/p>\n","protected":false},"excerpt":{"rendered":"<p>8 december 2004, Lerviks hamn med David och en h\u00e4rlig ISM\u00c5S. En hel del sk\u00e5dare och vill minnas att Mikael Nord chummade med ett laxkadaver. Blev tv\u00e5 bes\u00f6k till, ett med cykel och ett med Magnus och Ivar. H\u00e4rlig sk\u00e5dning, inte bara p\u00e5 Ism\u00e5s, och jag tog Lerkil till mitt hj\u00e4rta. Har senare varit d\u00e4r [&hellip;]<\/p>\n","protected":false},"author":1,"featured_media":0,"comment_status":"open","ping_status":"open","sticky":false,"template":"","format":"standard","meta":{"jetpack_post_was_ever_published":false,"_jetpack_newsletter_access":"","_jetpack_dont_email_post_to_subs":false,"_jetpack_newsletter_tier_id":0,"_jetpack_memberships_contains_paywalled_content":false,"_jetpack_memberships_contains_paid_content":false,"footnotes":"","jetpack_publicize_message":"","jetpack_publicize_feature_enabled":true,"jetpack_social_post_already_shared":true,"jetpack_social_options":{"image_generator_settings":{"template":"highway","default_image_id":0,"font":"","enabled":false},"version":2}},"categories":[1],"tags":[],"class_list":["post-4842","post","type-post","status-publish","format-standard","hentry","category-uncategorized"],"jetpack_publicize_connections":[],"jetpack_featured_media_url":"","jetpack_sharing_enabled":true,"jetpack_shortlink":"https:\/\/wp.me\/p7kiwE-1g6","jetpack-related-posts":[],"_links":{"self":[{"href":"https:\/\/olofarmini.com\/index.php?rest_route=\/wp\/v2\/posts\/4842","targetHints":{"allow":["GET"]}}],"collection":[{"href":"https:\/\/olofarmini.com\/index.php?rest_route=\/wp\/v2\/posts"}],"about":[{"href":"https:\/\/olofarmini.com\/index.php?rest_route=\/wp\/v2\/types\/post"}],"author":[{"embeddable":true,"href":"https:\/\/olofarmini.com\/index.php?rest_route=\/wp\/v2\/users\/1"}],"replies":[{"embeddable":true,"href":"https:\/\/olofarmini.com\/index.php?rest_route=%2Fwp%2Fv2%2Fcomments&post=4842"}],"version-history":[{"count":4,"href":"https:\/\/olofarmini.com\/index.php?rest_route=\/wp\/v2\/posts\/4842\/revisions"}],"predecessor-version":[{"id":4850,"href":"https:\/\/olofarmini.com\/index.php?rest_route=\/wp\/v2\/posts\/4842\/revisions\/4850"}],"wp:attachment":[{"href":"https:\/\/olofarmini.com\/index.php?rest_route=%2Fwp%2Fv2%2Fmedia&parent=4842"}],"wp:term":[{"taxonomy":"category","embeddable":true,"href":"https:\/\/olofarmini.com\/index.php?rest_route=%2Fwp%2Fv2%2Fcategories&post=4842"},{"taxonomy":"post_tag","embeddable":true,"href":"https:\/\/olofarmini.com\/index.php?rest_route=%2Fwp%2Fv2%2Ftags&post=4842"}],"curies":[{"name":"wp","href":"https:\/\/api.w.org\/{rel}","templated":true}]}}