{"id":4883,"date":"2021-01-18T21:53:59","date_gmt":"2021-01-18T19:53:59","guid":{"rendered":"https:\/\/olofarmini.com\/?p=4883"},"modified":"2021-01-18T21:53:59","modified_gmt":"2021-01-18T19:53:59","slug":"prim-2021","status":"publish","type":"post","link":"https:\/\/olofarmini.com\/?p=4883","title":{"rendered":"Prim 2021"},"content":{"rendered":"\n<p>Jag \u00e4r l\u00e4rare men inte s\u00e4rskilt l\u00e4raktig. P\u00e5 80-och 90-talet under f\u00f6rra seklet gjorde jag en del radioframtr\u00e4danden i  SRs Naturmorgon. Fick av Lasse W och Anders B, mina m\u00e4stare, l\u00e4ra att reportaget \u00e4r en f\u00e4rskvara. I min v\u00e4rld i \u00f6verf\u00f6rd bem\u00e4rkelse b\u00f6r det g\u00e4lla Bloggen &#8211; men ack-ack. Skall sk\u00e4rpa mig.<\/p>\n\n\n\n<p>Det nya \u00e5ret har rivstartat, mycket likt de senaste \u00e5ren. Ett hyfsat plock med en del ouppn\u00e5tt i n\u00e4r och fj\u00e4rran. \u00c4r mer intresserad av egna spekulationer \u00e4n vad besserwissern serverar p\u00e5 guldfat. Tror p\u00e5 allt men litar p\u00e5 inget.<\/p>\n\n\n\n<p>1 jan, Torslanda p\u00e5 helig mark, gamla flygplatsen. N\u00e4r jag tr\u00e4ffade Eva 1972 jobbade hon deltid d\u00e4r. Nu sm\u00f6g hon upp till de gamla v\u00e4nthallar medan jag &#8220;spottade&#8221;<strong> Svarthakad Buskskv\u00e4tta<\/strong> p\u00e5 andra sidan v\u00e4gen. Den var snarlik den som satt d\u00e4r f\u00f6r ett \u00e5r sedan. En <strong><em>&#8220;Hibernians&#8221;<\/em><\/strong> fr\u00e5n Norge? Mycket <strong>Starar, Ormvr\u00e5k och Tornfalk<\/strong>.<\/p>\n\n\n\n<p>2 jan, Torlandaviken, fr\u00e5n Arendalsidan. &#8220;Lurade&#8221; med Eva p\u00e5 en reprisretur. Bra v\u00e4der men inversion och oljestink fr\u00e5n alla skorstenar och cisterner. <strong>S\u00e4vsparv och Sk\u00e4ggmes<\/strong> i Syrh\u00e5la och vid Muddret en stor <strong>Sidensvansflock,<\/strong> som h\u00f6rdes ffg p\u00e5 flera \u00e5r, tack vare vindstilla och h\u00f6rapparat. Och ca tjoget <strong>Bergl\u00e4rkor<\/strong>, som vegeterade p\u00e5 marken intill. H\u00e4lsade Nytt \u00c5r p\u00e5 k\u00e4nda och ok\u00e4nda sk\u00e5dare &#8211; med munskydd och Corona-avst\u00e5nd, en kungs\u00f6rns vingbredd!<\/p>\n\n\n\n<p>Dagens obs var dock inte dagsf\u00e4rsk &#8211; f\u00f6r mig redan 20\/11-20! &#8211; <strong>SIBIRISKA KN\u00d6LSV\u00c4RTAN <\/strong>\u00e5terfunnen i Halland &#8211; som jag f\u00f6rutsagt!!! Skotsk gyllenbrygd smekte strupen p\u00e5 kv\u00e4llen. Kryzz kanske tom \u00c4del.<\/p>\n\n\n\n<p>3 jan, satsade p\u00e5 Amund\u00f6n. Eva knorrade \u00f6ver populasen som v\u00e4llde in och l\u00e4mnade f\u00f6r egen tur till Lill\u00f6n. Hade slarvat med rapportkartor och trodde s\u00e4kert jag visste var f\u00e5glarna satt. Blev en halvmils motion med bara ett pip som m\u00f6jligen kunde stringas till Brandkronad. Tr\u00f6stades med 10 <strong>S\u00e5ngsvanar <\/strong>som fl\u00f6g f\u00f6rbi med en <strong>MINDRE<\/strong>. Hejade p\u00e5 Magnus U med familj innan jag fiskade upp Eva f\u00f6r hemf\u00e4rd. Lagom n\u00e4r vi parkerade plingade Magnus p\u00e5 Band &#8211; jag hade passerat &#8220;target species&#8221; 2 ggr utan&#8230; men med DIP.<\/p>\n\n\n\n<p>4 jan, hemma&#8221;mys&#8221;, tv\u00e4tt mm. <strong>Pilgrimsfalk<\/strong> fr\u00e5n k\u00f6ksf\u00f6nstret.<\/p>\n\n\n\n<p>5 jan, trettondags afton och en <strong>Svartkr\u00e5ka<\/strong>, innan vi tar tur till Maleviken f\u00f6r att h\u00e4mta Evas traderafynd hos &#8220;vindsr\u00f6jaren&#8221;. G\u00f6r en liten kupp och parkerar vid Amund\u00f6n. Sm\u00e5joggar mot target, nu spottat. M\u00f6ter Markus L,  &#8220;J\u00e4ttesv\u00e5r men hittade den till slut, den drog&#8230;&#8221;. Slok\u00f6rad k\u00f6r jag ett solorace p\u00e5 m\u00e5f\u00e5 och efter en stund n\u00e5gra mesar, <strong>Bl\u00e5mes, Talgoxe, N\u00f6tv\u00e4cka <\/strong>och &#8211; D\u00c4R den <strong>BRANDKRONADE<\/strong> &#8211; j\u00e4ttefint! Bel\u00e5ten rattar jag hem Yaris och en n\u00f6jd Eva.<\/p>\n\n\n\n<p>6 jan, hinner se en <strong>Berguv<\/strong> som f\u00f6rsvinner \u00f6ver Panorama, innan vi k\u00f6r ut p\u00e5 vilda Hisingen. Hittar Marinas nya bostad p\u00e5 skjutglada Selmas torg. Mycket jiddrande och jag ger upp ett vidlyftigt g\u00e5s-o\/e rovisspan. SMHI hotar med sn\u00f6. V\u00e4nder i Svensby med fin utsikt \u00f6ver f\u00e4lten. Ibland \u00e4r det l\u00e4tt, <strong>6 Gr\u00e5g\u00e4ss, en Spetsbergsg\u00e5s, en Bl\u00e4sg\u00e5s.<\/strong> S\u00e5 raka v\u00e4gen hem.<\/p>\n\n\n\n<p>8 jan, nytt Hisingenfrest. Blir till klassiska f\u00e4rjan och l\u00e4get, Kornhall. Bara h\u00f6rt om sedan jag var mycket liten. <strong>Minksp\u00e5r<\/strong> i strandkanten och med j\u00e4mna mellanrum fl\u00f6g g\u00e4ss och svanar l\u00e4ngs Nordre \u00e4lven. En <strong>Tundras\u00e4dg\u00e5s<\/strong> med <strong>4 Gr\u00e5g\u00e4ss<\/strong> blir esset.<\/p>\n\n\n\n<p>14 jan och <strong>Berguven<\/strong> igen f\u00e5r bli avslutning p\u00e5 detta inl\u00e4gg. 15 och 16 jan finns redan \u00f6vrig forts\u00e4ttning f\u00f6ljer<\/p>\n\n\n\n<p><\/p>\n","protected":false},"excerpt":{"rendered":"<p>Jag \u00e4r l\u00e4rare men inte s\u00e4rskilt l\u00e4raktig. P\u00e5 80-och 90-talet under f\u00f6rra seklet gjorde jag en del radioframtr\u00e4danden i SRs Naturmorgon. Fick av Lasse W och Anders B, mina m\u00e4stare, l\u00e4ra att reportaget \u00e4r en f\u00e4rskvara. I min v\u00e4rld i \u00f6verf\u00f6rd bem\u00e4rkelse b\u00f6r det g\u00e4lla Bloggen &#8211; men ack-ack. Skall sk\u00e4rpa mig. Det nya \u00e5ret [&hellip;]<\/p>\n","protected":false},"author":1,"featured_media":0,"comment_status":"open","ping_status":"open","sticky":false,"template":"","format":"standard","meta":{"jetpack_post_was_ever_published":false,"_jetpack_newsletter_access":"","_jetpack_dont_email_post_to_subs":false,"_jetpack_newsletter_tier_id":0,"_jetpack_memberships_contains_paywalled_content":false,"_jetpack_memberships_contains_paid_content":false,"footnotes":"","jetpack_publicize_message":"","jetpack_publicize_feature_enabled":true,"jetpack_social_post_already_shared":true,"jetpack_social_options":{"image_generator_settings":{"template":"highway","default_image_id":0,"font":"","enabled":false},"version":2}},"categories":[1],"tags":[],"class_list":["post-4883","post","type-post","status-publish","format-standard","hentry","category-uncategorized"],"jetpack_publicize_connections":[],"jetpack_featured_media_url":"","jetpack_sharing_enabled":true,"jetpack_shortlink":"https:\/\/wp.me\/p7kiwE-1gL","jetpack-related-posts":[],"_links":{"self":[{"href":"https:\/\/olofarmini.com\/index.php?rest_route=\/wp\/v2\/posts\/4883","targetHints":{"allow":["GET"]}}],"collection":[{"href":"https:\/\/olofarmini.com\/index.php?rest_route=\/wp\/v2\/posts"}],"about":[{"href":"https:\/\/olofarmini.com\/index.php?rest_route=\/wp\/v2\/types\/post"}],"author":[{"embeddable":true,"href":"https:\/\/olofarmini.com\/index.php?rest_route=\/wp\/v2\/users\/1"}],"replies":[{"embeddable":true,"href":"https:\/\/olofarmini.com\/index.php?rest_route=%2Fwp%2Fv2%2Fcomments&post=4883"}],"version-history":[{"count":3,"href":"https:\/\/olofarmini.com\/index.php?rest_route=\/wp\/v2\/posts\/4883\/revisions"}],"predecessor-version":[{"id":4886,"href":"https:\/\/olofarmini.com\/index.php?rest_route=\/wp\/v2\/posts\/4883\/revisions\/4886"}],"wp:attachment":[{"href":"https:\/\/olofarmini.com\/index.php?rest_route=%2Fwp%2Fv2%2Fmedia&parent=4883"}],"wp:term":[{"taxonomy":"category","embeddable":true,"href":"https:\/\/olofarmini.com\/index.php?rest_route=%2Fwp%2Fv2%2Fcategories&post=4883"},{"taxonomy":"post_tag","embeddable":true,"href":"https:\/\/olofarmini.com\/index.php?rest_route=%2Fwp%2Fv2%2Ftags&post=4883"}],"curies":[{"name":"wp","href":"https:\/\/api.w.org\/{rel}","templated":true}]}}