{"id":4895,"date":"2021-01-27T18:28:57","date_gmt":"2021-01-27T16:28:57","guid":{"rendered":"https:\/\/olofarmini.com\/?p=4895"},"modified":"2021-01-27T18:28:57","modified_gmt":"2021-01-27T16:28:57","slug":"svarthalsad-trast","status":"publish","type":"post","link":"https:\/\/olofarmini.com\/?p=4895","title":{"rendered":"Svarthalsad trast"},"content":{"rendered":"\n<p> Koltrasten, Sveriges nationalf\u00e5gel, blir ofta dagens f\u00f6rsta art p\u00e5 sk\u00e5darens dagslista. Audiovisuellt \u00e4r den alltid n\u00e4rvarande. D\u00e4rf\u00f6r \u00e4r det frustrerande att dess s\u00e4llsynta sl\u00e4ktingar alltid \u00e4r s\u00e5 undflyende, dyker upp en stund, droppar och \u00e4r som uppslukade &#8211; i v\u00e4rsta fall for-ever. Och det kan k\u00e4nnas igen \u00e4ven f\u00f6r den enstaka R\u00f6dvingetrasten, Taltrasten eller Dubbeltrasten. S\u00e5 skulle man leta efter enstaka individer bland alla trastar s\u00e5&#8230;<\/p>\n\n\n\n<p>Den oftast f\u00f6rekommande s\u00e4llsynta trasten i Sverige \u00e4r Svarthalsad Trast. Eftersom den inte funnits varken p\u00e5 Gotlandslistan eller G\u00f6teborgslistan, s\u00e5 har den funnits som nr 1 p\u00e5 min f\u00f6rv\u00e4ntningslista, att bli f\u00f6rst&#8230; <\/p>\n\n\n\n<p>M\u00e5nga har g\u00e5tt i samma tankebanor. Vet att Fredrik p\u00e5 Gotland \u00e4gnade mycket sk\u00e5dande p\u00e5 vintertrastflockar redan p\u00e5 80-talet.<\/p>\n\n\n\n<p>Vid \u00e5rsskiftet d\u00f6k det upp en gammal hane vid en matning utanf\u00f6r Boden. Bara 35 mil fr\u00e5n mina gamla jaktmarker i Ume\u00e5 p\u00e5 70-talet, men gav knappast n\u00e5gon hj\u00e4rtklappning.<\/p>\n\n\n\n<p>MEN 17 januari var det klippt. En ungf\u00e5gel\/hona i Sl\u00e4kviken, ett stenkast fr\u00e5n Cape Armini, gamla fyren p\u00e5 Kronholmens golfbana. D\u00e4r jag bla sett Gotlands f\u00f6rsta Svartn\u00e4bbade islom i b\u00f6rjan p\u00e5 80-talet. Den h\u00e4r g\u00e5ngen var Mikael spotter, v\u00e4rdig s\u00e5dan, som s\u00e5g och fotade f\u00e5geln.<\/p>\n\n\n\n<p>Den 18 januari f\u00e5ngades en Svarthalsad trast okul\u00e4rt av en enda sk\u00e5dare &#8211; svartfl\u00e4ckiga br\u00f6st, r\u00f6daktiga vingundersidor p\u00e5 en bj\u00f6rktraststor trast s\u00e4ker diagnos &#8211; i Albrunna p\u00e5 \u00d6land. N\u00e4stan samma tripp fr\u00e5n V\u00e4stergarn, Kastl\u00f6sa ligger bara drygt milen bort, som Halsbandsparakiten f\u00f6retog i h\u00f6stas.<\/p>\n\n\n\n<p>Den 19 januari slutade trippen i H\u00e4ssleholm d\u00e4r den Svarthalsade trasten nu befinner sig &#8211; eller?? Two-bird theory har tv\u00e5 tolkningar. Tv\u00e5 f\u00e5glar \u00e4r olika eller samma.<\/p>\n\n\n\n<p>Egentligen lika fascinerande. F\u00e5geln p\u00e5 Kronholmen, i Albrunna och i H\u00e4ssleholm kan vara samma. F\u00e5geln i Boden s\u00e5gs 20 januari.<\/p>\n\n\n\n<p>Och idag s\u00e5gs och fotades en Svarthalsad trast i V\u00e4len p\u00e5 siktavst\u00e5nd fr\u00e5n Davids l\u00e4genhet. Nr 3, 4 eller 5 i vinter i Sverige! Ove F v\u00e4rdig ensamobsare \u00e4n s\u00e5 l\u00e4nge. Och jag igen snuten p\u00e5 f\u00f6rstaobsen. Men f\u00e5r tr\u00f6sta mig med den sp\u00e4nnande storyn!!!<\/p>\n\n\n\n<p>Och sikta vidare mot stj\u00e4rnorna. En fregattf\u00e5gel i Lerkil vore inte s\u00e5 dumt.<\/p>\n","protected":false},"excerpt":{"rendered":"<p>Koltrasten, Sveriges nationalf\u00e5gel, blir ofta dagens f\u00f6rsta art p\u00e5 sk\u00e5darens dagslista. Audiovisuellt \u00e4r den alltid n\u00e4rvarande. D\u00e4rf\u00f6r \u00e4r det frustrerande att dess s\u00e4llsynta sl\u00e4ktingar alltid \u00e4r s\u00e5 undflyende, dyker upp en stund, droppar och \u00e4r som uppslukade &#8211; i v\u00e4rsta fall for-ever. Och det kan k\u00e4nnas igen \u00e4ven f\u00f6r den enstaka R\u00f6dvingetrasten, Taltrasten eller Dubbeltrasten. [&hellip;]<\/p>\n","protected":false},"author":1,"featured_media":0,"comment_status":"open","ping_status":"open","sticky":false,"template":"","format":"standard","meta":{"jetpack_post_was_ever_published":false,"_jetpack_newsletter_access":"","_jetpack_dont_email_post_to_subs":false,"_jetpack_newsletter_tier_id":0,"_jetpack_memberships_contains_paywalled_content":false,"_jetpack_memberships_contains_paid_content":false,"footnotes":"","jetpack_publicize_message":"","jetpack_publicize_feature_enabled":true,"jetpack_social_post_already_shared":true,"jetpack_social_options":{"image_generator_settings":{"template":"highway","default_image_id":0,"font":"","enabled":false},"version":2}},"categories":[1],"tags":[],"class_list":["post-4895","post","type-post","status-publish","format-standard","hentry","category-uncategorized"],"jetpack_publicize_connections":[],"jetpack_featured_media_url":"","jetpack_sharing_enabled":true,"jetpack_shortlink":"https:\/\/wp.me\/p7kiwE-1gX","jetpack-related-posts":[],"_links":{"self":[{"href":"https:\/\/olofarmini.com\/index.php?rest_route=\/wp\/v2\/posts\/4895","targetHints":{"allow":["GET"]}}],"collection":[{"href":"https:\/\/olofarmini.com\/index.php?rest_route=\/wp\/v2\/posts"}],"about":[{"href":"https:\/\/olofarmini.com\/index.php?rest_route=\/wp\/v2\/types\/post"}],"author":[{"embeddable":true,"href":"https:\/\/olofarmini.com\/index.php?rest_route=\/wp\/v2\/users\/1"}],"replies":[{"embeddable":true,"href":"https:\/\/olofarmini.com\/index.php?rest_route=%2Fwp%2Fv2%2Fcomments&post=4895"}],"version-history":[{"count":1,"href":"https:\/\/olofarmini.com\/index.php?rest_route=\/wp\/v2\/posts\/4895\/revisions"}],"predecessor-version":[{"id":4896,"href":"https:\/\/olofarmini.com\/index.php?rest_route=\/wp\/v2\/posts\/4895\/revisions\/4896"}],"wp:attachment":[{"href":"https:\/\/olofarmini.com\/index.php?rest_route=%2Fwp%2Fv2%2Fmedia&parent=4895"}],"wp:term":[{"taxonomy":"category","embeddable":true,"href":"https:\/\/olofarmini.com\/index.php?rest_route=%2Fwp%2Fv2%2Fcategories&post=4895"},{"taxonomy":"post_tag","embeddable":true,"href":"https:\/\/olofarmini.com\/index.php?rest_route=%2Fwp%2Fv2%2Ftags&post=4895"}],"curies":[{"name":"wp","href":"https:\/\/api.w.org\/{rel}","templated":true}]}}