{"id":4977,"date":"2021-08-26T16:02:00","date_gmt":"2021-08-26T14:02:00","guid":{"rendered":"https:\/\/olofarmini.com\/?p=4977"},"modified":"2021-08-26T16:02:00","modified_gmt":"2021-08-26T14:02:00","slug":"hosten-2021-startar","status":"publish","type":"post","link":"https:\/\/olofarmini.com\/?p=4977","title":{"rendered":"H\u00f6sten 2021 startar"},"content":{"rendered":"\n<p>Varit ig\u00e5ng ett tag. De f\u00f6rsta vadarna s\u00f6derut redan kring midsommar. Retr\u00e4tten mot vintervistet anf\u00f6rs av gamla f\u00e5glar, f\u00e4rggranna i sommardr\u00e4kt. Successivt ers\u00e4tts de av slitna dr\u00e4kter och mer diskret f\u00e4rgade ungf\u00e5glar.<\/p>\n\n\n\n<p>Och till &#8220;riktiga&#8221; h\u00f6sten \u00e4r det inga adulta sommardr\u00e4kter kvar. P\u00e5 s\u00e5 vis omsl\u00f6ts den 24\/8 vadarflytten i V\u00e4stergarnsviken  av tv\u00e5 juvenila Kustsn\u00e4ppor och en Juvenil Sm\u00e5sn\u00e4ppa. De blev sist ut av \u00e5rsungarna fr\u00e5n Ishavets tundra.<\/p>\n\n\n\n<figure class=\"wp-block-image size-large is-resized\"><img loading=\"lazy\" decoding=\"async\" data-attachment-id=\"4978\" data-permalink=\"https:\/\/olofarmini.com\/?attachment_id=4978\" data-orig-file=\"https:\/\/i0.wp.com\/olofarmini.com\/wp-content\/uploads\/2021\/08\/914ECD5C-2562-4341-A842-0F4F57784986_1_201_a.jpeg?fit=1731%2C1298&amp;ssl=1\" data-orig-size=\"1731,1298\" data-comments-opened=\"1\" data-image-meta=\"{&quot;aperture&quot;:&quot;6.4&quot;,&quot;credit&quot;:&quot;&quot;,&quot;camera&quot;:&quot;DMC-TZ70&quot;,&quot;caption&quot;:&quot;&quot;,&quot;created_timestamp&quot;:&quot;1629788170&quot;,&quot;copyright&quot;:&quot;&quot;,&quot;focal_length&quot;:&quot;129&quot;,&quot;iso&quot;:&quot;80&quot;,&quot;shutter_speed&quot;:&quot;0.005&quot;,&quot;title&quot;:&quot;&quot;,&quot;orientation&quot;:&quot;1&quot;}\" data-image-title=\"914ECD5C-2562-4341-A842-0F4F57784986_1_201_a\" data-image-description=\"\" data-image-caption=\"\" data-large-file=\"https:\/\/i0.wp.com\/olofarmini.com\/wp-content\/uploads\/2021\/08\/914ECD5C-2562-4341-A842-0F4F57784986_1_201_a.jpeg?fit=1024%2C768&amp;ssl=1\" src=\"https:\/\/i1.wp.com\/olofarmini.com\/wp-content\/uploads\/2021\/08\/914ECD5C-2562-4341-A842-0F4F57784986_1_201_a.jpeg?fit=1024%2C768&amp;ssl=1\" alt=\"\" class=\"wp-image-4978\" width=\"419\" height=\"314\" srcset=\"https:\/\/i0.wp.com\/olofarmini.com\/wp-content\/uploads\/2021\/08\/914ECD5C-2562-4341-A842-0F4F57784986_1_201_a.jpeg?w=1731&amp;ssl=1 1731w, https:\/\/i0.wp.com\/olofarmini.com\/wp-content\/uploads\/2021\/08\/914ECD5C-2562-4341-A842-0F4F57784986_1_201_a.jpeg?resize=300%2C225&amp;ssl=1 300w, https:\/\/i0.wp.com\/olofarmini.com\/wp-content\/uploads\/2021\/08\/914ECD5C-2562-4341-A842-0F4F57784986_1_201_a.jpeg?resize=1024%2C768&amp;ssl=1 1024w, https:\/\/i0.wp.com\/olofarmini.com\/wp-content\/uploads\/2021\/08\/914ECD5C-2562-4341-A842-0F4F57784986_1_201_a.jpeg?resize=768%2C576&amp;ssl=1 768w, https:\/\/i0.wp.com\/olofarmini.com\/wp-content\/uploads\/2021\/08\/914ECD5C-2562-4341-A842-0F4F57784986_1_201_a.jpeg?resize=1536%2C1152&amp;ssl=1 1536w\" sizes=\"auto, (max-width: 419px) 100vw, 419px\" \/><\/figure>\n\n\n\n<p>H\u00e4r en ung <strong>Kustsn\u00e4ppa<\/strong> med en j\u00e4mn\u00e5rig <strong>K\u00e4<\/strong>rrsn\u00e4ppa i f\u00f6rgrunden. Kan man ana den svagt orangea tonen p\u00e5 KS undersida? Ett anlag\/varsel om n\u00e4sta sommars praktdr\u00e4kt.<\/p>\n\n\n\n<p>N\u00e5gra andra fina omtag hade jag da\u00b4n innan i Viken.<\/p>\n\n\n\n<p><strong>DUBBELBECKASIN.<\/strong> Den skr\u00e4mdes upp med 4 <strong>Enkelbeckasiner.<\/strong> Men \u00e5terv\u00e4nde efter en stund med en av de enkla. Den snodde runt i vasskanten innan den f\u00f6rsvann in i vegetationen. Ville inte skr\u00e4mma den, om andra h\u00e5gade skulle dyka upp. Nj\u00f6t minnet fr\u00e5n i v\u00e5ras, 29\/5<\/p>\n\n\n\n<figure class=\"wp-block-image size-full is-resized\"><img data-recalc-dims=\"1\" loading=\"lazy\" decoding=\"async\" data-attachment-id=\"4981\" data-permalink=\"https:\/\/olofarmini.com\/?attachment_id=4981\" data-orig-file=\"https:\/\/i0.wp.com\/olofarmini.com\/wp-content\/uploads\/2021\/08\/CD75797A-9526-4A13-9D82-0856686C49C1_1_201_a.jpeg?fit=865%2C754&amp;ssl=1\" data-orig-size=\"865,754\" data-comments-opened=\"1\" data-image-meta=\"{&quot;aperture&quot;:&quot;6.4&quot;,&quot;credit&quot;:&quot;&quot;,&quot;camera&quot;:&quot;DMC-TZ70&quot;,&quot;caption&quot;:&quot;&quot;,&quot;created_timestamp&quot;:&quot;1622279463&quot;,&quot;copyright&quot;:&quot;&quot;,&quot;focal_length&quot;:&quot;129&quot;,&quot;iso&quot;:&quot;80&quot;,&quot;shutter_speed&quot;:&quot;0.008&quot;,&quot;title&quot;:&quot;&quot;,&quot;orientation&quot;:&quot;0&quot;}\" data-image-title=\"CD75797A-9526-4A13-9D82-0856686C49C1_1_201_a\" data-image-description=\"\" data-image-caption=\"\" data-large-file=\"https:\/\/i0.wp.com\/olofarmini.com\/wp-content\/uploads\/2021\/08\/CD75797A-9526-4A13-9D82-0856686C49C1_1_201_a.jpeg?fit=865%2C754&amp;ssl=1\" src=\"https:\/\/i0.wp.com\/olofarmini.com\/wp-content\/uploads\/2021\/08\/CD75797A-9526-4A13-9D82-0856686C49C1_1_201_a.jpeg?resize=438%2C382&#038;ssl=1\" alt=\"\" class=\"wp-image-4981\" width=\"438\" height=\"382\" srcset=\"https:\/\/i0.wp.com\/olofarmini.com\/wp-content\/uploads\/2021\/08\/CD75797A-9526-4A13-9D82-0856686C49C1_1_201_a.jpeg?w=865&amp;ssl=1 865w, https:\/\/i0.wp.com\/olofarmini.com\/wp-content\/uploads\/2021\/08\/CD75797A-9526-4A13-9D82-0856686C49C1_1_201_a.jpeg?resize=300%2C262&amp;ssl=1 300w, https:\/\/i0.wp.com\/olofarmini.com\/wp-content\/uploads\/2021\/08\/CD75797A-9526-4A13-9D82-0856686C49C1_1_201_a.jpeg?resize=768%2C669&amp;ssl=1 768w\" sizes=\"auto, (max-width: 438px) 100vw, 438px\" \/><\/figure>\n\n\n\n<p>Vilken obs p\u00e5 samma st\u00e4lle och jag fick tom lyssna, helt kort, p\u00e5 ping-pong spelet. <\/p>\n\n\n\n<p>Minns 23\/9-80, n\u00e4r jag p\u00e5 v\u00e4g mot skolan avst\u00e4dslade st\u00e5lhingsten, tog n\u00e5gra steg ut p\u00e5 betesmarkerna strax s\u00f6der om Broileriet och flyggade en Gutelifer, <strong>Dubbelbeckasin<\/strong>.<\/p>\n\n\n\n<p><strong>VASS\u00c5NGARE.<\/strong> Strax d\u00e4refter n\u00e4r jag svepte med tuben l\u00e4ngs vasskanten, p\u00e5 jakt efter fler dubbelblixtar. En s\u00e5ngare, r\u00f6rs\u00e5ngare t\u00e4nkte jag, flippade runt. Ovanligt tittv\u00e4nligt exponerade den sig. Karakt\u00e4ristiska stj\u00e4rten och tom undre stj\u00e4rtt\u00e4ckare, r\u00f6dbruna, en<strong> <em>locustella<\/em>, Vass\u00e5ngare<\/strong>!<\/p>\n\n\n\n<p>Som s\u00e5gs 10m h\u00e4rifr\u00e5n 14\/5 och sedan satt och sj\u00f6ng i Paviken hela juni. <\/p>\n\n\n\n<p>Jag Gutelifade den 24\/5-81 i Paviken inte l\u00e5ngt fr\u00e5n \u00e5rets s\u00e5ngplats, Id\u00e5ns utlopp.<\/p>\n\n\n\n<p><strong>DAMMSN\u00c4PPA.<\/strong> Denna dag rapporterades &#8211; en nu f\u00f6rsvunnen rapport &#8211; om en andra Dammsn\u00e4ppa i Nisseviken. Kunde ju vara den som passerade tomt 510, 20\/5 &#8211; mot s\u00f6der! Som sagt om den inte f\u00f6rsvunnit i cyberrymden eller i pixelvimlet i n\u00e5gons kamera. Det var 4:e passagen genom \u00e5ren. <\/p>\n\n\n\n<p>F\u00f6rsta g\u00e5ngen var 8\/6-86. Jag hittade den da\u00b4n d\u00e4rp\u00e5 i lagunen p\u00e5 Sv\u00e4ltholmen och den var kvar tom 11\/6-86.<\/p>\n\n\n\n<p>Da\u00b4n innan var David och jag p\u00e5 F\u00e5r\u00f6 med legendaren Lasse Blomqvist, en av medf\u00f6rfattarna till f\u00f6rsta utg\u00e5van av standardverket Sj\u00f6f\u00e5glar. Vi Gutelifade alla <strong>DAMMSN\u00c4PPA<\/strong> ( inte samma som senare i V\u00e4stergarn &#8211; dom kunde ses samtidigt, vid koll). P\u00e5 hemv\u00e4gen hade vi <strong>Vass\u00e5ngare<\/strong> b\u00e5de p\u00e5 F\u00e5r\u00f6 och i Fardume tr\u00e4sk, som ytterligare sammantr\u00e4ffande.<\/p>\n\n\n\n<p>Sammantr\u00e4ffandena med Dammsn\u00e4ppan-86 fick mig d\u00e5 att n\u00e4stan inte tro p\u00e5 det uppenbara. Numera kanske jag snarare tror att sammantr\u00e4ffanden, omtag ofta bekr\u00e4ftar det uppenbara!! Och n\u00e4san f\u00f6r dem ger spottern.<\/p>\n\n\n\n<p>Men man f\u00e5r inte styras bara balanseras av dem.<\/p>\n","protected":false},"excerpt":{"rendered":"<p>Varit ig\u00e5ng ett tag. De f\u00f6rsta vadarna s\u00f6derut redan kring midsommar. Retr\u00e4tten mot vintervistet anf\u00f6rs av gamla f\u00e5glar, f\u00e4rggranna i sommardr\u00e4kt. Successivt ers\u00e4tts de av slitna dr\u00e4kter och mer diskret f\u00e4rgade ungf\u00e5glar. Och till &#8220;riktiga&#8221; h\u00f6sten \u00e4r det inga adulta sommardr\u00e4kter kvar. P\u00e5 s\u00e5 vis omsl\u00f6ts den 24\/8 vadarflytten i V\u00e4stergarnsviken av tv\u00e5 juvenila Kustsn\u00e4ppor [&hellip;]<\/p>\n","protected":false},"author":1,"featured_media":0,"comment_status":"open","ping_status":"open","sticky":false,"template":"","format":"standard","meta":{"jetpack_post_was_ever_published":false,"_jetpack_newsletter_access":"","_jetpack_dont_email_post_to_subs":false,"_jetpack_newsletter_tier_id":0,"_jetpack_memberships_contains_paywalled_content":false,"_jetpack_memberships_contains_paid_content":false,"footnotes":"","jetpack_publicize_message":"","jetpack_publicize_feature_enabled":true,"jetpack_social_post_already_shared":true,"jetpack_social_options":{"image_generator_settings":{"template":"highway","default_image_id":0,"font":"","enabled":false},"version":2}},"categories":[1],"tags":[],"class_list":["post-4977","post","type-post","status-publish","format-standard","hentry","category-uncategorized"],"jetpack_publicize_connections":[],"jetpack_featured_media_url":"","jetpack_sharing_enabled":true,"jetpack_shortlink":"https:\/\/wp.me\/p7kiwE-1ih","jetpack-related-posts":[],"_links":{"self":[{"href":"https:\/\/olofarmini.com\/index.php?rest_route=\/wp\/v2\/posts\/4977","targetHints":{"allow":["GET"]}}],"collection":[{"href":"https:\/\/olofarmini.com\/index.php?rest_route=\/wp\/v2\/posts"}],"about":[{"href":"https:\/\/olofarmini.com\/index.php?rest_route=\/wp\/v2\/types\/post"}],"author":[{"embeddable":true,"href":"https:\/\/olofarmini.com\/index.php?rest_route=\/wp\/v2\/users\/1"}],"replies":[{"embeddable":true,"href":"https:\/\/olofarmini.com\/index.php?rest_route=%2Fwp%2Fv2%2Fcomments&post=4977"}],"version-history":[{"count":4,"href":"https:\/\/olofarmini.com\/index.php?rest_route=\/wp\/v2\/posts\/4977\/revisions"}],"predecessor-version":[{"id":4983,"href":"https:\/\/olofarmini.com\/index.php?rest_route=\/wp\/v2\/posts\/4977\/revisions\/4983"}],"wp:attachment":[{"href":"https:\/\/olofarmini.com\/index.php?rest_route=%2Fwp%2Fv2%2Fmedia&parent=4977"}],"wp:term":[{"taxonomy":"category","embeddable":true,"href":"https:\/\/olofarmini.com\/index.php?rest_route=%2Fwp%2Fv2%2Fcategories&post=4977"},{"taxonomy":"post_tag","embeddable":true,"href":"https:\/\/olofarmini.com\/index.php?rest_route=%2Fwp%2Fv2%2Ftags&post=4977"}],"curies":[{"name":"wp","href":"https:\/\/api.w.org\/{rel}","templated":true}]}}