{"id":5148,"date":"2023-01-04T18:24:08","date_gmt":"2023-01-04T16:24:08","guid":{"rendered":"https:\/\/olofarmini.com\/?p=5148"},"modified":"2023-01-04T18:33:50","modified_gmt":"2023-01-04T16:33:50","slug":"fuerte-2-12","status":"publish","type":"post","link":"https:\/\/olofarmini.com\/?p=5148","title":{"rendered":"Fuerte 2.12-3.12.2023"},"content":{"rendered":"\n<p>S\u00e5 var det dags. Att bryta pandemin, inst\u00e4ngda, bara bil och b\u00e5t tor Gotland i dryga tv\u00e5 \u00e5r. Senast januari 2020 och La Pared.<\/p>\n\n\n\n<p>Bara 8 km Playa de la Pared. Hotel R2 Rio Calma vid lilla orten Costa Calma.<\/p>\n\n\n\n<figure class=\"wp-block-image size-large\"><img data-recalc-dims=\"1\" loading=\"lazy\" decoding=\"async\" width=\"1024\" height=\"640\" data-attachment-id=\"5149\" data-permalink=\"https:\/\/olofarmini.com\/?attachment_id=5149\" data-orig-file=\"https:\/\/i0.wp.com\/olofarmini.com\/wp-content\/uploads\/2022\/12\/Bild-2022-12-29-kl.-09.13.jpeg?fit=1639%2C1024&amp;ssl=1\" data-orig-size=\"1639,1024\" data-comments-opened=\"1\" data-image-meta=\"{&quot;aperture&quot;:&quot;0&quot;,&quot;credit&quot;:&quot;&quot;,&quot;camera&quot;:&quot;&quot;,&quot;caption&quot;:&quot;&quot;,&quot;created_timestamp&quot;:&quot;1672305209&quot;,&quot;copyright&quot;:&quot;&quot;,&quot;focal_length&quot;:&quot;0&quot;,&quot;iso&quot;:&quot;0&quot;,&quot;shutter_speed&quot;:&quot;0&quot;,&quot;title&quot;:&quot;&quot;,&quot;orientation&quot;:&quot;1&quot;}\" data-image-title=\"Bild-2022-12-29-kl.-09.13\" data-image-description=\"\" data-image-caption=\"\" data-large-file=\"https:\/\/i0.wp.com\/olofarmini.com\/wp-content\/uploads\/2022\/12\/Bild-2022-12-29-kl.-09.13.jpeg?fit=1024%2C640&amp;ssl=1\" src=\"https:\/\/i0.wp.com\/olofarmini.com\/wp-content\/uploads\/2022\/12\/Bild-2022-12-29-kl.-09.13.jpeg?resize=1024%2C640&#038;ssl=1\" alt=\"\" class=\"wp-image-5149\" srcset=\"https:\/\/i0.wp.com\/olofarmini.com\/wp-content\/uploads\/2022\/12\/Bild-2022-12-29-kl.-09.13.jpeg?resize=1024%2C640&amp;ssl=1 1024w, https:\/\/i0.wp.com\/olofarmini.com\/wp-content\/uploads\/2022\/12\/Bild-2022-12-29-kl.-09.13.jpeg?resize=300%2C187&amp;ssl=1 300w, https:\/\/i0.wp.com\/olofarmini.com\/wp-content\/uploads\/2022\/12\/Bild-2022-12-29-kl.-09.13.jpeg?resize=768%2C480&amp;ssl=1 768w, https:\/\/i0.wp.com\/olofarmini.com\/wp-content\/uploads\/2022\/12\/Bild-2022-12-29-kl.-09.13.jpeg?resize=1536%2C960&amp;ssl=1 1536w, https:\/\/i0.wp.com\/olofarmini.com\/wp-content\/uploads\/2022\/12\/Bild-2022-12-29-kl.-09.13.jpeg?w=1639&amp;ssl=1 1639w\" sizes=\"auto, (max-width: 1000px) 100vw, 1000px\" \/><\/figure>\n\n\n\n<p>0700 2 december kavade vi nedf\u00f6r Eklandagatan till br\u00f6tiga Korsv\u00e4gen. Sedan l\u00f6pte allt som smort. Jag hade ber\u00e4knat idealtid p\u00e5 hotellet, 1630. Redan 1530 checkade Eva in (f\u00f6rst i k\u00f6n som vanligt).<\/p>\n\n\n\n<p>Vi surfade p\u00e5 nordliga jetstr\u00f6mmar hela f\u00e5gelv\u00e4gen G\u00f6teborg &#8211; Rosario.<\/p>\n\n\n\n<p>Sedan samma bussracer ( ca 1h fr\u00e5n Rosario airport) p\u00e5 fv-2an, som till La Pared. <\/p>\n\n\n\n<p>Hamnade p\u00e5 fel sida i bussen. <\/p>\n\n\n\n<p>S\u00e5 det enda upphetsande blev tv\u00e5 sm\u00e5grupper <strong>ROSTAND (Tadorna ferruginea)<\/strong>, p\u00e5 en golfbana i utkanten av Rosario. Rostanden koloniserade Fuerteventura p\u00e5 90-talet och har sedan stadigt \u00f6kat. Troligen invandrad spontant fr\u00e5n populationen i NV-Afrika. <\/p>\n\n\n\n<p>Kommer i forts\u00e4ttningen att plocka in arter\/populationer\/raser n\u00e4r de dyker upp. Intresserade kan f\u00f6lja artiklar i VF och RR om detta och applikationer l\u00e4mpliga f\u00f6r just Fuerteventura.<\/p>\n\n\n\n<p>N\u00e5gra normal arter hanns med innan suver\u00e4na middagsbuff\u00e9n, <strong>Turk &#8211; och Klippduvederivat samt Spansksparv-dito.<\/strong> <strong>MEDELHAVSTRUT (Larus michahellis)<\/strong> av <strong><em>&#8220;atlantis&#8221;<\/em><\/strong>-rasen, som sk\u00e5dare dragit p\u00e5 utanf\u00f6r Link\u00f6ping hela h\u00f6sten. De patrullerar hela tiden l\u00e4ngs stranden.<\/p>\n\n\n\n<p>Natten l\u00e4grade sig <\/p>\n\n\n\n<p>och gryning 3 dec<\/p>\n\n\n\n<figure class=\"wp-block-image size-large\"><img data-recalc-dims=\"1\" loading=\"lazy\" decoding=\"async\" width=\"768\" height=\"1024\" data-attachment-id=\"5141\" data-permalink=\"https:\/\/olofarmini.com\/?attachment_id=5141\" data-orig-file=\"https:\/\/i0.wp.com\/olofarmini.com\/wp-content\/uploads\/2022\/12\/IMG_3898-scaled.jpeg?fit=1920%2C2560&amp;ssl=1\" data-orig-size=\"1920,2560\" data-comments-opened=\"1\" data-image-meta=\"{&quot;aperture&quot;:&quot;1.6&quot;,&quot;credit&quot;:&quot;&quot;,&quot;camera&quot;:&quot;iPhone 13&quot;,&quot;caption&quot;:&quot;&quot;,&quot;created_timestamp&quot;:&quot;1670828940&quot;,&quot;copyright&quot;:&quot;&quot;,&quot;focal_length&quot;:&quot;5.1&quot;,&quot;iso&quot;:&quot;400&quot;,&quot;shutter_speed&quot;:&quot;0.03030303030303&quot;,&quot;title&quot;:&quot;&quot;,&quot;orientation&quot;:&quot;1&quot;}\" data-image-title=\"IMG_3898\" data-image-description=\"\" data-image-caption=\"\" data-large-file=\"https:\/\/i0.wp.com\/olofarmini.com\/wp-content\/uploads\/2022\/12\/IMG_3898-scaled.jpeg?fit=768%2C1024&amp;ssl=1\" src=\"https:\/\/i0.wp.com\/olofarmini.com\/wp-content\/uploads\/2022\/12\/IMG_3898.jpeg?resize=768%2C1024&#038;ssl=1\" alt=\"\" class=\"wp-image-5141\" srcset=\"https:\/\/i0.wp.com\/olofarmini.com\/wp-content\/uploads\/2022\/12\/IMG_3898-scaled.jpeg?resize=768%2C1024&amp;ssl=1 768w, https:\/\/i0.wp.com\/olofarmini.com\/wp-content\/uploads\/2022\/12\/IMG_3898-scaled.jpeg?resize=225%2C300&amp;ssl=1 225w, https:\/\/i0.wp.com\/olofarmini.com\/wp-content\/uploads\/2022\/12\/IMG_3898-scaled.jpeg?resize=1152%2C1536&amp;ssl=1 1152w, https:\/\/i0.wp.com\/olofarmini.com\/wp-content\/uploads\/2022\/12\/IMG_3898-scaled.jpeg?resize=1536%2C2048&amp;ssl=1 1536w, https:\/\/i0.wp.com\/olofarmini.com\/wp-content\/uploads\/2022\/12\/IMG_3898-scaled.jpeg?w=1920&amp;ssl=1 1920w\" sizes=\"auto, (max-width: 768px) 100vw, 768px\" \/><\/figure>\n\n\n\n<p> Gympa p\u00e5 balkongen till morgonorkester, <strong>Bulbyler, Spansk sparv, Duvor<\/strong>. 0730 en vidunderlig frukostbuff\u00e9 och s\u00e5 litet seg utg\u00e5ng. Gick s\u00f6derut till Costa Calma, lilla t\u00e4torten, d\u00e4r jag handlade fluidum, \u00f6l och vatten. Travade litet i &#8220;stadsparken&#8221; f\u00f6r att hitta n\u00e5gonting. <\/p>\n\n\n\n<p><strong>KANARIEBUSKSKV\u00c4TTA (Saxicola dacotiae)<\/strong>, ngra ex. Enda endemiska arten p\u00e5 Fuerteventura enligt gammal taxonomi men&#8230; Eg ett litet blekt och undflyende derivat till v\u00e5ra busk-och svarthakade. Ses h\u00e4r och d\u00e4r. Foto fr\u00e5n La Pared.<\/p>\n\n\n\n<p> <\/p>\n\n\n\n<figure class=\"wp-block-image size-large is-resized\"><img data-recalc-dims=\"1\" loading=\"lazy\" decoding=\"async\" data-attachment-id=\"4675\" data-permalink=\"https:\/\/olofarmini.com\/?attachment_id=4675\" data-orig-file=\"https:\/\/i0.wp.com\/olofarmini.com\/wp-content\/uploads\/2020\/01\/BA94B71E-947C-4AD9-8E6B-5A8D4B9D9BD8_1_201_a.jpeg?fit=2039%2C1529&amp;ssl=1\" data-orig-size=\"2039,1529\" data-comments-opened=\"1\" data-image-meta=\"{&quot;aperture&quot;:&quot;8&quot;,&quot;credit&quot;:&quot;&quot;,&quot;camera&quot;:&quot;DMC-TZ70&quot;,&quot;caption&quot;:&quot;&quot;,&quot;created_timestamp&quot;:&quot;1573649869&quot;,&quot;copyright&quot;:&quot;&quot;,&quot;focal_length&quot;:&quot;129&quot;,&quot;iso&quot;:&quot;400&quot;,&quot;shutter_speed&quot;:&quot;0.0125&quot;,&quot;title&quot;:&quot;&quot;,&quot;orientation&quot;:&quot;0&quot;}\" data-image-title=\"BA94B71E-947C-4AD9-8E6B-5A8D4B9D9BD8_1_201_a\" data-image-description=\"\" data-image-caption=\"\" data-large-file=\"https:\/\/i0.wp.com\/olofarmini.com\/wp-content\/uploads\/2020\/01\/BA94B71E-947C-4AD9-8E6B-5A8D4B9D9BD8_1_201_a.jpeg?fit=1024%2C768&amp;ssl=1\" src=\"https:\/\/i0.wp.com\/olofarmini.com\/wp-content\/uploads\/2020\/01\/BA94B71E-947C-4AD9-8E6B-5A8D4B9D9BD8_1_201_a.jpeg?resize=344%2C258&#038;ssl=1\" alt=\"\" class=\"wp-image-4675\" width=\"344\" height=\"258\" srcset=\"https:\/\/i0.wp.com\/olofarmini.com\/wp-content\/uploads\/2020\/01\/BA94B71E-947C-4AD9-8E6B-5A8D4B9D9BD8_1_201_a.jpeg?resize=1024%2C768&amp;ssl=1 1024w, https:\/\/i0.wp.com\/olofarmini.com\/wp-content\/uploads\/2020\/01\/BA94B71E-947C-4AD9-8E6B-5A8D4B9D9BD8_1_201_a.jpeg?resize=300%2C225&amp;ssl=1 300w, https:\/\/i0.wp.com\/olofarmini.com\/wp-content\/uploads\/2020\/01\/BA94B71E-947C-4AD9-8E6B-5A8D4B9D9BD8_1_201_a.jpeg?resize=768%2C576&amp;ssl=1 768w, https:\/\/i0.wp.com\/olofarmini.com\/wp-content\/uploads\/2020\/01\/BA94B71E-947C-4AD9-8E6B-5A8D4B9D9BD8_1_201_a.jpeg?w=2039&amp;ssl=1 2039w\" sizes=\"auto, (max-width: 344px) 100vw, 344px\" \/><\/figure>\n\n\n\n<p><strong>ORMVR\u00c5K (Buteo buteo\/rufinus subsp.)<\/strong>, 1 ex mkt fint men inget foto. Det blev inget mer tillf\u00e4lle under den h\u00e4r resan. Ormvr\u00e5ken, <strong><em>&#8220;lanzarotea&#8221;, <\/em><\/strong>\u00e4r litet speciell p\u00e5 de \u00f6stra Kanarie\u00f6arna. Skiljer sig fr\u00e5n <strong><em>&#8220;insularum&#8221;<\/em><\/strong>, som den oftast slumpas med, p\u00e5 de v\u00e4stra \u00f6arna. <strong><em>&#8220;Insularum&#8221;<\/em><\/strong> liknar mest v\u00e5ran, medan <strong><em>&#8220;lanzarotea&#8221;<\/em><\/strong> mest liknar <strong><em>&#8220;cirtensis&#8221;, Atlasvr\u00e5ken<\/em><\/strong>, i NV- Afrika, som vacklar mellan <strong>\u00d6rnvr\u00e5ksras, Ormvr\u00e5ksras eller n\u00e5gon egen hybridsv\u00e4rm<\/strong>??? F\u00e5r krypa till korset med observationer av vr\u00e5kar under tidigare resor. Slumpar tills vidare alla under <strong>IMO, FUERTEVENTURAVR\u00c5K (Buteo sp lanzarotea)<\/strong>. <\/p>\n\n\n\n<p><strong>Korp (Corvus corax <em>tingitanus\/canariensis)<\/em>,<\/strong> ses dagligen, oftast parvis. Litet mindre \u00e4n v\u00e5ran och kan f\u00f6ra tanken till \u00d6kenkorp, men upptr\u00e4dande och utseende talar f\u00f6r &#8220;v\u00e5ran&#8221; art. Ras?<\/p>\n\n\n\n<figure class=\"wp-block-image size-large is-resized\"><img data-recalc-dims=\"1\" loading=\"lazy\" decoding=\"async\" data-attachment-id=\"4735\" data-permalink=\"https:\/\/olofarmini.com\/?attachment_id=4735\" data-orig-file=\"https:\/\/i0.wp.com\/olofarmini.com\/wp-content\/uploads\/2020\/02\/835DDDA8-03F9-4AEE-9CF7-38D61C720094-scaled.jpeg?fit=2560%2C1920&amp;ssl=1\" data-orig-size=\"2560,1920\" data-comments-opened=\"1\" data-image-meta=\"{&quot;aperture&quot;:&quot;7.1&quot;,&quot;credit&quot;:&quot;&quot;,&quot;camera&quot;:&quot;DMC-TZ70&quot;,&quot;caption&quot;:&quot;&quot;,&quot;created_timestamp&quot;:&quot;1580649406&quot;,&quot;copyright&quot;:&quot;&quot;,&quot;focal_length&quot;:&quot;129&quot;,&quot;iso&quot;:&quot;80&quot;,&quot;shutter_speed&quot;:&quot;0.00625&quot;,&quot;title&quot;:&quot;&quot;,&quot;orientation&quot;:&quot;1&quot;}\" data-image-title=\"835DDDA8-03F9-4AEE-9CF7-38D61C720094\" data-image-description=\"\" data-image-caption=\"\" data-large-file=\"https:\/\/i0.wp.com\/olofarmini.com\/wp-content\/uploads\/2020\/02\/835DDDA8-03F9-4AEE-9CF7-38D61C720094-scaled.jpeg?fit=1024%2C768&amp;ssl=1\" src=\"https:\/\/i0.wp.com\/olofarmini.com\/wp-content\/uploads\/2020\/02\/835DDDA8-03F9-4AEE-9CF7-38D61C720094.jpeg?resize=381%2C286&#038;ssl=1\" alt=\"\" class=\"wp-image-4735\" width=\"381\" height=\"286\" srcset=\"https:\/\/i0.wp.com\/olofarmini.com\/wp-content\/uploads\/2020\/02\/835DDDA8-03F9-4AEE-9CF7-38D61C720094-scaled.jpeg?resize=1024%2C768&amp;ssl=1 1024w, https:\/\/i0.wp.com\/olofarmini.com\/wp-content\/uploads\/2020\/02\/835DDDA8-03F9-4AEE-9CF7-38D61C720094-scaled.jpeg?resize=300%2C225&amp;ssl=1 300w, https:\/\/i0.wp.com\/olofarmini.com\/wp-content\/uploads\/2020\/02\/835DDDA8-03F9-4AEE-9CF7-38D61C720094-scaled.jpeg?resize=768%2C576&amp;ssl=1 768w, https:\/\/i0.wp.com\/olofarmini.com\/wp-content\/uploads\/2020\/02\/835DDDA8-03F9-4AEE-9CF7-38D61C720094-scaled.jpeg?resize=1536%2C1152&amp;ssl=1 1536w, https:\/\/i0.wp.com\/olofarmini.com\/wp-content\/uploads\/2020\/02\/835DDDA8-03F9-4AEE-9CF7-38D61C720094-scaled.jpeg?resize=2048%2C1536&amp;ssl=1 2048w\" sizes=\"auto, (max-width: 381px) 100vw, 381px\" \/><\/figure>\n\n\n\n<p><strong>\u00d6kenvarf\u00e5gel (Lanius elegans <em>koenigi)<\/em> <\/strong>Kanske regelbundnaste och l\u00e4ttast sedda arten i \u00f6kenartade terr\u00e4ngen och i gr\u00e4nslandet till den. Art och ras enligt svensk taxonomi.<\/p>\n\n\n\n<figure class=\"wp-block-image size-large is-resized\"><img data-recalc-dims=\"1\" loading=\"lazy\" decoding=\"async\" data-attachment-id=\"4734\" data-permalink=\"https:\/\/olofarmini.com\/?attachment_id=4734\" data-orig-file=\"https:\/\/i0.wp.com\/olofarmini.com\/wp-content\/uploads\/2020\/02\/621EC5B8-FA25-4396-B987-A63D44ED3F3C-scaled.jpeg?fit=2560%2C1920&amp;ssl=1\" data-orig-size=\"2560,1920\" data-comments-opened=\"1\" data-image-meta=\"{&quot;aperture&quot;:&quot;8&quot;,&quot;credit&quot;:&quot;&quot;,&quot;camera&quot;:&quot;DMC-TZ70&quot;,&quot;caption&quot;:&quot;&quot;,&quot;created_timestamp&quot;:&quot;1573722899&quot;,&quot;copyright&quot;:&quot;&quot;,&quot;focal_length&quot;:&quot;129&quot;,&quot;iso&quot;:&quot;250&quot;,&quot;shutter_speed&quot;:&quot;0.008&quot;,&quot;title&quot;:&quot;&quot;,&quot;orientation&quot;:&quot;1&quot;}\" data-image-title=\"621EC5B8-FA25-4396-B987-A63D44ED3F3C\" data-image-description=\"\" data-image-caption=\"\" data-large-file=\"https:\/\/i0.wp.com\/olofarmini.com\/wp-content\/uploads\/2020\/02\/621EC5B8-FA25-4396-B987-A63D44ED3F3C-scaled.jpeg?fit=1024%2C768&amp;ssl=1\" src=\"https:\/\/i0.wp.com\/olofarmini.com\/wp-content\/uploads\/2020\/02\/621EC5B8-FA25-4396-B987-A63D44ED3F3C.jpeg?resize=446%2C335&#038;ssl=1\" alt=\"\" class=\"wp-image-4734\" width=\"446\" height=\"335\" srcset=\"https:\/\/i0.wp.com\/olofarmini.com\/wp-content\/uploads\/2020\/02\/621EC5B8-FA25-4396-B987-A63D44ED3F3C-scaled.jpeg?resize=1024%2C768&amp;ssl=1 1024w, https:\/\/i0.wp.com\/olofarmini.com\/wp-content\/uploads\/2020\/02\/621EC5B8-FA25-4396-B987-A63D44ED3F3C-scaled.jpeg?resize=300%2C225&amp;ssl=1 300w, https:\/\/i0.wp.com\/olofarmini.com\/wp-content\/uploads\/2020\/02\/621EC5B8-FA25-4396-B987-A63D44ED3F3C-scaled.jpeg?resize=768%2C576&amp;ssl=1 768w, https:\/\/i0.wp.com\/olofarmini.com\/wp-content\/uploads\/2020\/02\/621EC5B8-FA25-4396-B987-A63D44ED3F3C-scaled.jpeg?resize=1536%2C1152&amp;ssl=1 1536w, https:\/\/i0.wp.com\/olofarmini.com\/wp-content\/uploads\/2020\/02\/621EC5B8-FA25-4396-B987-A63D44ED3F3C-scaled.jpeg?resize=2048%2C1536&amp;ssl=1 2048w\" sizes=\"auto, (max-width: 446px) 100vw, 446px\" \/><\/figure>\n\n\n\n<p><strong>Gr\u00f6nfink (Chloris chloris)<\/strong> En litet udda obs i Costa Calma parken.<\/p>\n\n\n\n<p><strong>SILKESH\u00c4GER (Egretta garzetta)<\/strong> F\u00f6rsta obs p\u00e5 hotellets minigolfbana. Vanligaste h\u00e4gern. S\u00e5gs dagligen 1-2 ex f\u00f6dos\u00f6ka p\u00e5 olika st\u00e4llen l\u00e4ngs kusten.<\/p>\n\n\n\n<p><strong>TJOCKFOT (Burhinus oedicnemus<\/strong>) Ett ex fl\u00f6g iv\u00e4g med 2 sm\u00e5spovar, n\u00e4r jag skulle m\u00f6ta Eva p\u00e5 stranden mot Costa Calma. S\u00e5gs sedan bra n\u00e5gra dagar i sj\u00e4lva \u00f6kenranden p\u00e5 andra sidan Fv-2an. H\u00f6r till de mest efters\u00f6kta arterna.<\/p>\n\n\n\n<p><strong>Sm\u00e5spov (Numenius phaeopus)<\/strong> Ett hundratal station\u00e4rt l\u00e4ngs samma kustavsnitt. Fick f\u00f6r mig vid ett tillf\u00e4lle att det fanns <strong>1 ex Storspov (Numenius arquata)<\/strong> men liksom f\u00f6r <strong>1 ex R\u00f6dspov (Limosa limosa)<\/strong> jobbade jag bara halvhj\u00e4rtat p\u00e5 det och s\u00e4tter ??<\/p>\n\n\n\n<p>Avrundar f\u00f6rsta heldagen med<\/p>\n\n\n\n<p><strong>AFRIKANSK TURKDUVA o\/e &#8220;tamvarianten&#8221; SKRATTDUVA (Streptopelia roseogrisea o\/e risoria)<\/strong> 2 ex p\u00e5 v\u00e5r balkong och ett ex i det &#8220;vilda&#8221;. Mycket sv\u00e5r att skilja fr\u00e5n allest\u00e4des n\u00e4rvarande Turkduvor. Hybridiserade ocks\u00e5 frekvent med dessa s\u00e5&#8230;<\/p>\n\n\n\n<figure class=\"wp-block-image size-full is-resized\"><img data-recalc-dims=\"1\" loading=\"lazy\" decoding=\"async\" data-attachment-id=\"5156\" data-permalink=\"https:\/\/olofarmini.com\/?attachment_id=5156\" data-orig-file=\"https:\/\/i0.wp.com\/olofarmini.com\/wp-content\/uploads\/2023\/01\/IMG_3857.jpeg?fit=640%2C480&amp;ssl=1\" data-orig-size=\"640,480\" data-comments-opened=\"1\" data-image-meta=\"{&quot;aperture&quot;:&quot;6.4&quot;,&quot;credit&quot;:&quot;&quot;,&quot;camera&quot;:&quot;DMC-TZ70&quot;,&quot;caption&quot;:&quot;&quot;,&quot;created_timestamp&quot;:&quot;1670092298&quot;,&quot;copyright&quot;:&quot;&quot;,&quot;focal_length&quot;:&quot;129&quot;,&quot;iso&quot;:&quot;100&quot;,&quot;shutter_speed&quot;:&quot;0.02&quot;,&quot;title&quot;:&quot;&quot;,&quot;orientation&quot;:&quot;1&quot;}\" data-image-title=\"IMG_3857\" data-image-description=\"\" data-image-caption=\"\" data-large-file=\"https:\/\/i0.wp.com\/olofarmini.com\/wp-content\/uploads\/2023\/01\/IMG_3857.jpeg?fit=640%2C480&amp;ssl=1\" src=\"https:\/\/i0.wp.com\/olofarmini.com\/wp-content\/uploads\/2023\/01\/IMG_3857.jpeg?resize=256%2C192&#038;ssl=1\" alt=\"\" class=\"wp-image-5156\" width=\"256\" height=\"192\" srcset=\"https:\/\/i0.wp.com\/olofarmini.com\/wp-content\/uploads\/2023\/01\/IMG_3857.jpeg?w=640&amp;ssl=1 640w, https:\/\/i0.wp.com\/olofarmini.com\/wp-content\/uploads\/2023\/01\/IMG_3857.jpeg?resize=300%2C225&amp;ssl=1 300w\" sizes=\"auto, (max-width: 256px) 100vw, 256px\" \/><\/figure>\n\n\n\n<figure class=\"wp-block-image size-full is-resized\"><img data-recalc-dims=\"1\" loading=\"lazy\" decoding=\"async\" data-attachment-id=\"5157\" data-permalink=\"https:\/\/olofarmini.com\/?attachment_id=5157\" data-orig-file=\"https:\/\/i0.wp.com\/olofarmini.com\/wp-content\/uploads\/2023\/01\/IMG_3878.jpeg?fit=640%2C480&amp;ssl=1\" data-orig-size=\"640,480\" data-comments-opened=\"1\" data-image-meta=\"{&quot;aperture&quot;:&quot;8&quot;,&quot;credit&quot;:&quot;&quot;,&quot;camera&quot;:&quot;DMC-TZ70&quot;,&quot;caption&quot;:&quot;&quot;,&quot;created_timestamp&quot;:&quot;1670411256&quot;,&quot;copyright&quot;:&quot;&quot;,&quot;focal_length&quot;:&quot;24.2&quot;,&quot;iso&quot;:&quot;80&quot;,&quot;shutter_speed&quot;:&quot;0.033333333333333&quot;,&quot;title&quot;:&quot;&quot;,&quot;orientation&quot;:&quot;1&quot;}\" data-image-title=\"IMG_3878\" data-image-description=\"\" data-image-caption=\"\" data-large-file=\"https:\/\/i0.wp.com\/olofarmini.com\/wp-content\/uploads\/2023\/01\/IMG_3878.jpeg?fit=640%2C480&amp;ssl=1\" src=\"https:\/\/i0.wp.com\/olofarmini.com\/wp-content\/uploads\/2023\/01\/IMG_3878.jpeg?resize=350%2C262&#038;ssl=1\" alt=\"\" class=\"wp-image-5157\" width=\"350\" height=\"262\" srcset=\"https:\/\/i0.wp.com\/olofarmini.com\/wp-content\/uploads\/2023\/01\/IMG_3878.jpeg?w=640&amp;ssl=1 640w, https:\/\/i0.wp.com\/olofarmini.com\/wp-content\/uploads\/2023\/01\/IMG_3878.jpeg?resize=300%2C225&amp;ssl=1 300w\" sizes=\"auto, (max-width: 350px) 100vw, 350px\" \/><\/figure>\n\n\n\n<p>S\u00e4tter en peng p\u00e5 2an som ren &#8220;risoria&#8221;, ofta betraktad som egen art. Ljus, liten med bred halsfl\u00e4ck och den form som f\u00f6rekommer p\u00e5 Kanarie\u00f6arna.<\/p>\n\n\n\n<p>Dignande middagsbuff\u00e9 skyfflades in.<\/p>\n","protected":false},"excerpt":{"rendered":"<p>S\u00e5 var det dags. Att bryta pandemin, inst\u00e4ngda, bara bil och b\u00e5t tor Gotland i dryga tv\u00e5 \u00e5r. Senast januari 2020 och La Pared. Bara 8 km Playa de la Pared. Hotel R2 Rio Calma vid lilla orten Costa Calma. 0700 2 december kavade vi nedf\u00f6r Eklandagatan till br\u00f6tiga Korsv\u00e4gen. Sedan l\u00f6pte allt som smort. [&hellip;]<\/p>\n","protected":false},"author":1,"featured_media":0,"comment_status":"open","ping_status":"open","sticky":false,"template":"","format":"standard","meta":{"jetpack_post_was_ever_published":false,"_jetpack_newsletter_access":"","_jetpack_dont_email_post_to_subs":false,"_jetpack_newsletter_tier_id":0,"_jetpack_memberships_contains_paywalled_content":false,"_jetpack_memberships_contains_paid_content":false,"footnotes":"","jetpack_publicize_message":"","jetpack_publicize_feature_enabled":true,"jetpack_social_post_already_shared":true,"jetpack_social_options":{"image_generator_settings":{"template":"highway","default_image_id":0,"font":"","enabled":false},"version":2}},"categories":[1],"tags":[],"class_list":["post-5148","post","type-post","status-publish","format-standard","hentry","category-uncategorized"],"jetpack_publicize_connections":[],"jetpack_featured_media_url":"","jetpack_sharing_enabled":true,"jetpack_shortlink":"https:\/\/wp.me\/p7kiwE-1l2","jetpack-related-posts":[],"_links":{"self":[{"href":"https:\/\/olofarmini.com\/index.php?rest_route=\/wp\/v2\/posts\/5148","targetHints":{"allow":["GET"]}}],"collection":[{"href":"https:\/\/olofarmini.com\/index.php?rest_route=\/wp\/v2\/posts"}],"about":[{"href":"https:\/\/olofarmini.com\/index.php?rest_route=\/wp\/v2\/types\/post"}],"author":[{"embeddable":true,"href":"https:\/\/olofarmini.com\/index.php?rest_route=\/wp\/v2\/users\/1"}],"replies":[{"embeddable":true,"href":"https:\/\/olofarmini.com\/index.php?rest_route=%2Fwp%2Fv2%2Fcomments&post=5148"}],"version-history":[{"count":9,"href":"https:\/\/olofarmini.com\/index.php?rest_route=\/wp\/v2\/posts\/5148\/revisions"}],"predecessor-version":[{"id":5160,"href":"https:\/\/olofarmini.com\/index.php?rest_route=\/wp\/v2\/posts\/5148\/revisions\/5160"}],"wp:attachment":[{"href":"https:\/\/olofarmini.com\/index.php?rest_route=%2Fwp%2Fv2%2Fmedia&parent=5148"}],"wp:term":[{"taxonomy":"category","embeddable":true,"href":"https:\/\/olofarmini.com\/index.php?rest_route=%2Fwp%2Fv2%2Fcategories&post=5148"},{"taxonomy":"post_tag","embeddable":true,"href":"https:\/\/olofarmini.com\/index.php?rest_route=%2Fwp%2Fv2%2Ftags&post=5148"}],"curies":[{"name":"wp","href":"https:\/\/api.w.org\/{rel}","templated":true}]}}