{"id":5281,"date":"2024-01-19T16:47:32","date_gmt":"2024-01-19T14:47:32","guid":{"rendered":"https:\/\/olofarmini.com\/?p=5281"},"modified":"2024-01-19T16:47:32","modified_gmt":"2024-01-19T14:47:32","slug":"summa-2023","status":"publish","type":"post","link":"https:\/\/olofarmini.com\/?p=5281","title":{"rendered":"SUMMA 2023"},"content":{"rendered":"\n<p>Tog upp den sl\u00e4ngda handsken l\u00f6rdagen 18 november. Det hade \u00f6st in l\u00e4ckra rarrisar, \u00f6verallt&#8230;<\/p>\n\n\n\n<p>Sk\u00e5ne, \u00d6land och f\u00f6rst\u00e5s b\u00e5de p\u00e5 Gotland och V\u00e4stkusten.<\/p>\n\n\n\n<p>Isabellastenskv\u00e4ttan i Falkenberg &#8211; n\u00e4rmast, l\u00e4ttast och tillr\u00e4cklig!!!<\/p>\n\n\n\n<p>Ett f\u00f6rs\u00f6k att rycka upp h\u00f6stsk\u00e5dningen och f\u00e5gel\u00e5ret 2023.<\/p>\n\n\n\n<p>Ett drag \u00e4r alltid br\u00e4ckligt. B\u00f6rjade fint med n\u00e5gra \u00f6verflygande Vinterh\u00e4mplingar n\u00e4r jag \u00f6ppnade bild\u00f6rren i Olofsbo hamn.<\/p>\n\n\n\n<p>Tubbatterierna var prydligt uppst\u00e4llda i strandkanten och bemannade. S\u00e5g mer \u00e4n lovande ut!<\/p>\n\n\n\n<p>Men efterhand kom de f\u00f6rsta artilleristerna \u00e5ter till bilarna med s\u00e4nkta nackar.<\/p>\n\n\n\n<p>Och s\u00e4nkte min dragniv\u00e5. S\u00e4rskilt efter tre timmars lurvande s\u00f6derut fr\u00e5n hamnen, d\u00e4r enda h\u00e4lsningsfrasen mellan m\u00f6tande sk\u00e5dare frammumlades: &#8220;Ingen skv\u00e4tta&#8221;.<\/p>\n\n\n\n<p>Tillbaka vid bilen med Svarthakad buskv\u00e4tta, Vattenpipl\u00e4rka, Jorduggla, Stripg\u00e5s, str\u00e5lande sol och god mats\u00e4ck i bagaget, h\u00f6ll jag mig fortfarande kvar med n\u00e4san \u00f6ver diptr\u00e4skets yta.<\/p>\n\n\n\n<p>Innan jag st\u00e4ngde bild\u00f6rren tog jag en flukt p\u00e5 en Svarthakad buskskv\u00e4ttehona. Ojsan<\/p>\n\n\n\n<p>ISABELLASTENSKV\u00c4TTAN och vad n\u00e5gra ridande Durangos glunkat om stenskv\u00e4tta norr om hamnen fick sin f\u00f6rklaring. Min dip f\u00f6rvandlades till ett superdrag &#8211; H\u00d6!<\/p>\n\n\n\n<p>Med en fortsatt sk\u00f6n k\u00e4nsla dippades alla rarrisar vid Galtab\u00e4ck och vi landade mjukt hemma p\u00e5 OR.<\/p>\n\n\n\n<p>B\u00e5de d\u00e5 och efter\u00e5t k\u00e4ndes som efter\u00e5rssk\u00e5dandet friserats en aning.<\/p>\n\n\n\n<p>Annars har det sk\u00e5dandet pr\u00e4glats av det p\u00e5 och vid OR.<\/p>\n\n\n\n<p>Ca 100 arter och sp\u00e4nnande och roligt med kopplingen AI &#8211; f\u00e5gelsk\u00e5dning!<\/p>\n\n\n\n<p>Skall bli kul att f\u00f6lja fram\u00f6ver!<\/p>\n\n\n\n<p><\/p>\n\n\n\n<p><\/p>\n\n\n\n<p><\/p>\n","protected":false},"excerpt":{"rendered":"<p>Tog upp den sl\u00e4ngda handsken l\u00f6rdagen 18 november. Det hade \u00f6st in l\u00e4ckra rarrisar, \u00f6verallt&#8230; Sk\u00e5ne, \u00d6land och f\u00f6rst\u00e5s b\u00e5de p\u00e5 Gotland och V\u00e4stkusten. Isabellastenskv\u00e4ttan i Falkenberg &#8211; n\u00e4rmast, l\u00e4ttast och tillr\u00e4cklig!!! Ett f\u00f6rs\u00f6k att rycka upp h\u00f6stsk\u00e5dningen och f\u00e5gel\u00e5ret 2023. Ett drag \u00e4r alltid br\u00e4ckligt. B\u00f6rjade fint med n\u00e5gra \u00f6verflygande Vinterh\u00e4mplingar n\u00e4r jag \u00f6ppnade [&hellip;]<\/p>\n","protected":false},"author":1,"featured_media":0,"comment_status":"open","ping_status":"open","sticky":false,"template":"","format":"standard","meta":{"jetpack_post_was_ever_published":false,"_jetpack_newsletter_access":"","_jetpack_dont_email_post_to_subs":false,"_jetpack_newsletter_tier_id":0,"_jetpack_memberships_contains_paywalled_content":false,"_jetpack_memberships_contains_paid_content":false,"footnotes":"","jetpack_publicize_message":"","jetpack_publicize_feature_enabled":true,"jetpack_social_post_already_shared":true,"jetpack_social_options":{"image_generator_settings":{"template":"highway","default_image_id":0,"font":"","enabled":false},"version":2}},"categories":[1],"tags":[],"class_list":["post-5281","post","type-post","status-publish","format-standard","hentry","category-uncategorized"],"jetpack_publicize_connections":[],"jetpack_featured_media_url":"","jetpack_sharing_enabled":true,"jetpack_shortlink":"https:\/\/wp.me\/p7kiwE-1nb","jetpack-related-posts":[],"_links":{"self":[{"href":"https:\/\/olofarmini.com\/index.php?rest_route=\/wp\/v2\/posts\/5281","targetHints":{"allow":["GET"]}}],"collection":[{"href":"https:\/\/olofarmini.com\/index.php?rest_route=\/wp\/v2\/posts"}],"about":[{"href":"https:\/\/olofarmini.com\/index.php?rest_route=\/wp\/v2\/types\/post"}],"author":[{"embeddable":true,"href":"https:\/\/olofarmini.com\/index.php?rest_route=\/wp\/v2\/users\/1"}],"replies":[{"embeddable":true,"href":"https:\/\/olofarmini.com\/index.php?rest_route=%2Fwp%2Fv2%2Fcomments&post=5281"}],"version-history":[{"count":5,"href":"https:\/\/olofarmini.com\/index.php?rest_route=\/wp\/v2\/posts\/5281\/revisions"}],"predecessor-version":[{"id":5288,"href":"https:\/\/olofarmini.com\/index.php?rest_route=\/wp\/v2\/posts\/5281\/revisions\/5288"}],"wp:attachment":[{"href":"https:\/\/olofarmini.com\/index.php?rest_route=%2Fwp%2Fv2%2Fmedia&parent=5281"}],"wp:term":[{"taxonomy":"category","embeddable":true,"href":"https:\/\/olofarmini.com\/index.php?rest_route=%2Fwp%2Fv2%2Fcategories&post=5281"},{"taxonomy":"post_tag","embeddable":true,"href":"https:\/\/olofarmini.com\/index.php?rest_route=%2Fwp%2Fv2%2Ftags&post=5281"}],"curies":[{"name":"wp","href":"https:\/\/api.w.org\/{rel}","templated":true}]}}