{"id":682,"date":"2010-04-05T18:15:34","date_gmt":"2010-04-05T16:15:34","guid":{"rendered":"http:\/\/olofarmini.com\/?p=682"},"modified":"2010-04-05T18:18:44","modified_gmt":"2010-04-05T16:18:44","slug":"lesser-spotted-eagle-da%c2%b4n-efter","status":"publish","type":"post","link":"https:\/\/olofarmini.com\/?p=682","title":{"rendered":"Lesser Spotted Eagle da\u00b4n efter"},"content":{"rendered":"<p>Mycket riktigt fortsatte det!<\/p>\n<p>Janne J och Per-Ola, b\u00e5da med rutin p\u00e5 Lesser Spotted &#8211; PO tom fr\u00e5n Bosporen &#8211; jagade ut p\u00e5 Tofta skjutf\u00e4lt efter Mattias Gs f\u00f6red\u00f6mliga larm. Och fick se \u00f6rnen, efter beskrivning samma f\u00e5gel som jag s\u00e5g, som \u00e5ter var i s\u00e4llskap med havs- och kungs\u00f6rn. Platsen ligger\u00a0halvannan mil NNV fr\u00e5n d\u00e4r jag s\u00e5g den sist, vid tolvsn\u00e5ret. Janne och PO hade den\u00a0p\u00e5 skjutf\u00e4ltet 1430.<\/p>\n<p>Samtidigt och helt ovetande genoms\u00f6kte Anders och jag &#8220;brottsplatsen&#8221;. Med fingertoppsk\u00e4nsla hade Anders kastat fram\u00a0en alternativ strategi &#8211; att dra upp till Tofta. S\u00e5 dax, n\u00e4r vi stod i Pavikens \u00f6stra torn och mobilens display visade\u00a0&#8220;urgent message Jan Janthe&#8221;! N\u00e5, \u00e5tminstone jag kunde kosta p\u00e5 mig att inte vara missunnsam.<\/p>\n<p>Blir s\u00e5 en\u00a0f\u00f6rsta summeringen. Kan bli mer om vi f\u00e5r en forts\u00e4ttning. Vi b\u00f6rjar i den \u00e4nden.<\/p>\n<p><strong>Mindre skrik\u00f6rnar<\/strong> b\u00f6rjar anl\u00e4nda till Estland i <strong>b\u00f6rjan av april <\/strong>(De f\u00f6rsta st\u00f6rre \u00e4r n\u00e5got tidigare och kommer i slutet av mars).\u00a0Av m\u00e5nga sk\u00e4l \u00e4r de inte s\u00e4rskilt h\u00e5gad att passera stora vattenmassor. P\u00e5 sin l\u00e5nga flyttv\u00e4g fr\u00e5n och till S\u00f6dra Afrika v\u00e4ljer de de smalaste sunden, Bosporen och Suez.<\/p>\n<p>I Sverige kan man anta att det sker ett visst influx p\u00e5 v\u00e5ren av gamla och halvgamla f\u00e5glar via Danmark \u00f6ver \u00d6resund eller fr\u00e5n Skagen till Norge och vidare \u00f6ver K\u00f6len. M\u00f6nstret \u00e4r ett ganska sent uppdykande fr\u00e5n mitten av maj och fram\u00e5t. P\u00e5 h\u00f6sten borde i alla fall 1K-f\u00e5glarna vara av Baltiskt ursprung (dom korsar\u00a0i s\u00e5 fall\u00a0\u00d6stersj\u00f6n!), vilket st\u00e4mmer med &#8220;timingen&#8221;.<\/p>\n<p>I det h\u00e4r fallet tror jag p\u00e5 en Baltisk f\u00e5gel som irrat sig ut \u00f6ver \u00d6stersj\u00f6n och hamnat s\u00e5 r\u00e4tt som m\u00f6jligt. Dis, dimma och ostlig vind har varit legio.\u00a0Den har en stark drift att flyga vidare som motverkas av r\u00e4dslan f\u00f6r vatten, men sannolikheten att den blir kvar \u00e4r mycket mindre \u00e4n f\u00f6r de halvgamla \u00f6rnar som irrat sig hit litet senare p\u00e5 v\u00e5ren\u00a0fr\u00e5n &#8220;andra h\u00e5llet&#8221; &#8211; tyv\u00e4rr!\u00a0<\/p>\n<p>N\u00e4r det g\u00e4ller best\u00e4mningen s\u00e5 tar jag hj\u00e4lp av l\u00e4nkar till bilder jag hittat p\u00e5 n\u00e4tet och hyggligt kan visualisera min beskrivning. Det skall dock po\u00e4ngteras att det inte r\u00f6r sig om den h\u00e4r \u00f6rnen!!!<\/p>\n<p>F\u00f6rst n\u00e4r den uppt\u00e4cktes befann den sig p\u00e5 uppskattningsvis 1,5 &#8211; 2 km avst\u00e5nd. Innan jag s\u00e5g den hade jag tubat in tv\u00e5 kungs\u00f6rnar i samma termikomr\u00e5de. H\u00f6g luftfuktighet p\u00e5 fm gjorde den bra sikten aningen ostadig. D\u00e5 reagerade jag omedelbart p\u00e5 en liten \u00f6rn (jfr kungs-o havs\u00f6rn), kompakt, m\u00f6rk och med markant &#8220;h\u00e4ngande&#8221; vingar. Dom h\u00e4r tv\u00e5 l\u00e4nkarna kan v\u00e4l illustrera detta:<\/p>\n<p><a href=\"http:\/\/www.artportalen.se\/artportalen\/gallery\/images\/swe\/birds\/2009\/large\/135095.jpg\">http:\/\/www.artportalen.se\/artportalen\/gallery\/images\/swe\/birds\/2009\/large\/135095.jpg<\/a><\/p>\n<p><a href=\"http:\/\/www.artportalen.se\/artportalen\/gallery\/images\/swe\/birds\/2009\/large\/135097.jpg\">http:\/\/www.artportalen.se\/artportalen\/gallery\/images\/swe\/birds\/2009\/large\/135097.jpg<\/a><\/p>\n<p>P\u00e5 den undre bilden finns en ormvr\u00e5k som j\u00e4mf\u00f6relse. Jag hade kungs\u00f6rn ist\u00e4llet och d\u00e5 var storleksf\u00f6rh\u00e5llandet det omv\u00e4nda. Kungs\u00f6rnen delar dock ormvr\u00e5kens uppst\u00e4llda vingar ist\u00e4llet f\u00f6r skrik\u00f6rnens kupade.<\/p>\n<p>N\u00e4r ljuset kom r\u00e4tt och den lade sig i r\u00e4tt vinkel kunde man \u00e4ven p\u00e5 mycket l\u00e5ngt h\u00e5ll se\u00a0\u00f6versidans ljusa t\u00e4ckarf\u00e4lt och det ljusa huvud. Ryggen kunde ocks\u00e5 p\u00e5 litet n\u00e4rmare h\u00e5ll uppfattas som en litet m\u00f6rkare sadel. De vita teckningarna \u00e4r trots allt litet mindre p\u00e5 en gammal f\u00e5gel och var inte helt l\u00e4tta att annat \u00e4n ana p\u00e5 det h\u00e4r h\u00e5llet.<\/p>\n<p>Mycket nerv\u00f6st n\u00e4r den n\u00e5gra g\u00e5nger h\u00f6ll p\u00e5 att glida bort i fj\u00e4rran. Hj\u00e4rtat bultade n\u00e4r den tycktes n\u00e4rma sig men s\u00e5 v\u00e4nde den p\u00e5\u00a0n\u00e5got dumt vis. Den n\u00e4stan timmen jag stod d\u00e4r\u00a0k\u00e4ndes som en tuff halvlek i fotboll &#8211; f\u00f6r en sextiotre\u00e5ring.<\/p>\n<p>S\u00e5 kom den stadigt head-on och jag bad en tyst b\u00f6n, blinkade bort \u00f6gontr\u00f6ttheten, andades lungt. Den v\u00e4nde upp sig, visade f\u00f6rst undersidan och gled sedan sakta ned och bakom skogen vid f\u00e5geltornet p\u00e5 andra sidan, ca 700 m bort. Jag hann f\u00e5 se \u00f6versidan mycket bra och de vita teckningarna, handbasblafforna och h\u00e4stskon \u00f6ver stj\u00e4rtbas\/\u00f6vergump satt som sm\u00e4ck! \u00c5ter n\u00e5gra bilder som f\u00e5r illustrera:<\/p>\n<p><a href=\"http:\/\/en.wikipedia.org\/wiki\/File:Aquila_pomarina_orlik_krzykliwyAM.jpg\">http:\/\/en.wikipedia.org\/wiki\/File:Aquila_pomarina_orlik_krzykliwyAM.jpg<\/a><\/p>\n<p><a href=\"http:\/\/www.artportalen.se\/artportalen\/gallery\/images\/swe\/birds\/2009\/large\/138711.jpg\">http:\/\/www.artportalen.se\/artportalen\/gallery\/images\/swe\/birds\/2009\/large\/138711.jpg<\/a><\/p>\n<p><a href=\"http:\/\/www.artportalen.se\/artportalen\/gallery\/images\/swe\/birds\/2009\/large\/136395.jpg\">http:\/\/www.artportalen.se\/artportalen\/gallery\/images\/swe\/birds\/2009\/large\/136395.jpg<\/a><\/p>\n<p><a href=\"http:\/\/www.artportalen.se\/artportalen\/gallery\/images\/swe\/birds\/2009\/large\/138710.jpg\">http:\/\/www.artportalen.se\/artportalen\/gallery\/images\/swe\/birds\/2009\/large\/138710.jpg<\/a><\/p>\n<p>Den sista bilden visar ljusare t\u00e4ckare och m\u00f6rkare pennor. Med litet b\u00e4ttre ljus ses detta b\u00e4ttre.<\/p>\n<p>Jag vill framh\u00e5lla tidens betydelse, att man kan kolla och kolla igen, dr\u00e4kt, storlek, proportioner&#8230; Finns m\u00e4ngder med fallgropar annars. Mest n\u00e4rliggande \u00e4r avvikande eller missbed\u00f6mda kungs-och havs\u00f6rnar eftersom vi har s\u00e5 gott om dom. Havs\u00f6rnar ter sig ofta &#8220;sluggish&#8221;, ensf\u00e4rgade och h\u00e4nger med vingarna. Och vi som \u00e4r gamla i g\u00e5rden minns &#8220;h\u00e4ngvinge&#8221; p\u00e5 Sudret, en liten hane kungs\u00f6rn som fick m\u00e5ngen tillrest sk\u00e5dare att rapportera Gotlands d\u00e5 f\u00f6rsta skrik\u00f6rn!<\/p>\n<p>Men \u00e5 andra sidan om man st\u00e5r och sliter i en trekvart och har sett m\u00e4ngder med mindre skrik\u00f6rnar s\u00e5 n\u00e4ra som i Sverige och i Estland och dessutom sett tusentals i Bosporen och l\u00e4ngs Riften i tv\u00e5 \u00e5rs tid, s\u00e5 borde&#8230;<\/p>\n<p>Som litet kuriosa och\u00a0nostalgytrip kan ju n\u00e4mnas att 1992 s\u00e5gs f\u00f6rsta &#8220;godk\u00e4nda&#8221; mindre skrik\u00f6rnen p\u00e5 Gotland. Jag fick det stora n\u00f6jet att f\u00f6revisa den f\u00f6r hela tjocka sl\u00e4kten vid notoriska rovisplatsen, Hamratippen! Ingen i s\u00e4llskapet tyckte den gick upp mot andra begivenheter, r\u00f6da kustsn\u00e4ppor, pampiga kungs\u00f6rnar, l\u00e4ckra aftonfalker och den goda Guteglassen vid Majstre. Trist f\u00e5gel!<\/p>\n<p>Samma \u00e5r fast\u00e4n att halv\u00e5r tidigare hittade Tudde, David och jag det ca 5e fyndet av mindre skrik i Nepal utanf\u00f6r Kathmandu. Vi f\u00f6rmodade v\u00e4stligt ursprung och inte den s\u00e4llsynta rasen\/arten <strong>Indian Spotted Eagle, <em>Aquila (pomarina) hastata<\/em><\/strong>, som \u00e4r station\u00e4r fr\u00e5n Rajastan och s\u00f6derut i Indien.<\/p>\n","protected":false},"excerpt":{"rendered":"<p>Mycket riktigt fortsatte det! Janne J och Per-Ola, b\u00e5da med rutin p\u00e5 Lesser Spotted &#8211; PO tom fr\u00e5n Bosporen &#8211; jagade ut p\u00e5 Tofta skjutf\u00e4lt efter Mattias Gs f\u00f6red\u00f6mliga larm. Och fick se \u00f6rnen, efter beskrivning samma f\u00e5gel som jag s\u00e5g, som \u00e5ter var i s\u00e4llskap med havs- och kungs\u00f6rn. Platsen ligger\u00a0halvannan mil NNV fr\u00e5n [&hellip;]<\/p>\n","protected":false},"author":2,"featured_media":0,"comment_status":"open","ping_status":"open","sticky":false,"template":"","format":"standard","meta":{"jetpack_post_was_ever_published":false,"_jetpack_newsletter_access":"","_jetpack_dont_email_post_to_subs":false,"_jetpack_newsletter_tier_id":0,"_jetpack_memberships_contains_paywalled_content":false,"_jetpack_memberships_contains_paid_content":false,"footnotes":"","jetpack_publicize_message":"","jetpack_publicize_feature_enabled":true,"jetpack_social_post_already_shared":false,"jetpack_social_options":{"image_generator_settings":{"template":"highway","default_image_id":0,"font":"","enabled":false},"version":2}},"categories":[4,13,15,3],"tags":[],"class_list":["post-682","post","type-post","status-publish","format-standard","hentry","category-faltbestamning","category-old-times","category-resor","category-vastergarn"],"jetpack_publicize_connections":[],"jetpack_featured_media_url":"","jetpack_sharing_enabled":true,"jetpack_shortlink":"https:\/\/wp.me\/p7kiwE-b0","jetpack-related-posts":[],"_links":{"self":[{"href":"https:\/\/olofarmini.com\/index.php?rest_route=\/wp\/v2\/posts\/682","targetHints":{"allow":["GET"]}}],"collection":[{"href":"https:\/\/olofarmini.com\/index.php?rest_route=\/wp\/v2\/posts"}],"about":[{"href":"https:\/\/olofarmini.com\/index.php?rest_route=\/wp\/v2\/types\/post"}],"author":[{"embeddable":true,"href":"https:\/\/olofarmini.com\/index.php?rest_route=\/wp\/v2\/users\/2"}],"replies":[{"embeddable":true,"href":"https:\/\/olofarmini.com\/index.php?rest_route=%2Fwp%2Fv2%2Fcomments&post=682"}],"version-history":[{"count":2,"href":"https:\/\/olofarmini.com\/index.php?rest_route=\/wp\/v2\/posts\/682\/revisions"}],"predecessor-version":[{"id":684,"href":"https:\/\/olofarmini.com\/index.php?rest_route=\/wp\/v2\/posts\/682\/revisions\/684"}],"wp:attachment":[{"href":"https:\/\/olofarmini.com\/index.php?rest_route=%2Fwp%2Fv2%2Fmedia&parent=682"}],"wp:term":[{"taxonomy":"category","embeddable":true,"href":"https:\/\/olofarmini.com\/index.php?rest_route=%2Fwp%2Fv2%2Fcategories&post=682"},{"taxonomy":"post_tag","embeddable":true,"href":"https:\/\/olofarmini.com\/index.php?rest_route=%2Fwp%2Fv2%2Ftags&post=682"}],"curies":[{"name":"wp","href":"https:\/\/api.w.org\/{rel}","templated":true}]}}