{"id":692,"date":"2010-04-12T10:07:10","date_gmt":"2010-04-12T08:07:10","guid":{"rendered":"http:\/\/olofarmini.com\/?p=692"},"modified":"2010-04-12T15:33:16","modified_gmt":"2010-04-12T13:33:16","slug":"gasar","status":"publish","type":"post","link":"https:\/\/olofarmini.com\/?p=692","title":{"rendered":"G\u00e5sar"},"content":{"rendered":"<p>Inleder med n\u00e5gra ord kring Torsten GP som signerat den fantastiska bilden p\u00e5 de <strong>r\u00f6dhalsade<\/strong>. Kan vara p\u00e5 exakt det st\u00e4llet vi s\u00e5g dem f\u00f6rst. Och omgivna av samma(?) <strong>vitkindade<\/strong>.<\/p>\n<p>Tr\u00e4ffade TGP f\u00f6rsta g\u00e5ngen i b\u00f6rjan av 80-talet d\u00e5 Juppen, David och jag st\u00f6vlade runt p\u00e5 den fasta kalkmyren i norra Fardume. TGP gjorde sammalunda och i den fantastiska sommarnatten upplevde vi gemensamt dippen p\u00e5 <strong>dv\u00e4rgsumph\u00f6nan <\/strong>som skulle spela d\u00e4r. \u00c5ret d\u00e4rp\u00e5 h\u00f6rde TGP till dem som fick njuta en av Gotlands f\u00f6rsta kryssbara <strong>fj\u00e4llg\u00e4ss<\/strong> p\u00e5 Sv\u00e4ltholmen. Jag hade uppt\u00e4ckt den flygande vid fyren en dimmig morgon, som denna.<\/p>\n<p>TGP har vid sidan av ett envetet uppbyggt kunnande och en inneboende talang, vad som skulle kunna ben\u00e4mnas f\u00e5gelsk\u00e5dandets &#8220;DET&#8221;, att uppt\u00e4cka och hitta s\u00e5 att medsk\u00e5darna inte\u00a0riktigt hinner med och ibland g\u00f6r inte f\u00e5glarna det heller. Beundrarna talar om \u00f6verm\u00e4nsklig beg\u00e5vning, att h\u00f6ra och se det andra inte f\u00f6rm\u00e5r, medan de missunnsamma flyr till sk\u00e5dandets slasktratt &#8220;stringen&#8221;.<\/p>\n<p>Sj\u00e4lv vill jag rekommendera en intervju med den sympatiske Messi, &#8220;v\u00e4rldens b\u00e4ste fotbollsspelare&#8221;. Det g\u00e4ller att v\u00e4lja r\u00e4tt verktyg ur sortimentet vid r\u00e4tt tillf\u00e4lle. Det finns tusentals spelare som springer lika fort, chippar lika bra, sl\u00e5r till bollen lika precist och h\u00e5rt, men hur m\u00e5nga g\u00f6r 4 m\u00e5l p\u00e5 Arsenal i en avg\u00f6rande kvartfinal i CL??<\/p>\n<p>TGP tittar \u00e5t r\u00e4tt h\u00e5ll, g\u00e5r i r\u00e4tt dunge, fokuserar p\u00e5 r\u00e4tt saker och har verktygen som kr\u00e4vs, enkelt &#8211; kanske men \u00e4nd\u00e5 f\u00e5 f\u00f6runnat. Sj\u00e4lv framst\u00e5r tv\u00e5 av hans obsar som min signatur p\u00e5 honom. Gotlands f\u00f6rsta <strong>r\u00f6dstrupiga s\u00e5ngare<\/strong> p\u00e5 Sudret. Fick aldrig se den sj\u00e4lv men hela &#8220;storyn&#8221; \u00e4r som en sp\u00e4nnande deckare. Lika fascinerande \u00e4r den <strong>fj\u00e4lluggla<\/strong> han hittade n\u00e5gra \u00e5r senare i hemtrakterna kring Furilden. Den d\u00f6k senare upp p\u00e5 \u00d6stergarns Utholme och den fick jag faktiskt se &#8211; fr\u00e5n land.<\/p>\n<p>\u00a0<\/p>\n<p style=\"TEXT-ALIGN: center\"><a href=\"https:\/\/i0.wp.com\/olofarmini.com\/wp-content\/uploads\/2010\/04\/201633.jpg\"><img data-recalc-dims=\"1\" loading=\"lazy\" decoding=\"async\" data-attachment-id=\"693\" data-permalink=\"https:\/\/olofarmini.com\/?attachment_id=693\" data-orig-file=\"https:\/\/i0.wp.com\/olofarmini.com\/wp-content\/uploads\/2010\/04\/201633.jpg?fit=500%2C298&amp;ssl=1\" data-orig-size=\"500,298\" data-comments-opened=\"1\" data-image-meta=\"{&quot;aperture&quot;:&quot;0&quot;,&quot;credit&quot;:&quot;&quot;,&quot;camera&quot;:&quot;&quot;,&quot;caption&quot;:&quot;&quot;,&quot;created_timestamp&quot;:&quot;0&quot;,&quot;copyright&quot;:&quot;&quot;,&quot;focal_length&quot;:&quot;0&quot;,&quot;iso&quot;:&quot;0&quot;,&quot;shutter_speed&quot;:&quot;0&quot;,&quot;title&quot;:&quot;&quot;}\" data-image-title=\"201633\" data-image-description=\"\" data-image-caption=\"\" data-large-file=\"https:\/\/i0.wp.com\/olofarmini.com\/wp-content\/uploads\/2010\/04\/201633.jpg?fit=500%2C298&amp;ssl=1\" class=\"alignnone size-medium wp-image-693\" title=\"201633\" src=\"https:\/\/i0.wp.com\/olofarmini.com\/wp-content\/uploads\/2010\/04\/201633-300x178.jpg?resize=300%2C178\" alt=\"\" width=\"300\" height=\"178\" srcset=\"https:\/\/i0.wp.com\/olofarmini.com\/wp-content\/uploads\/2010\/04\/201633.jpg?resize=300%2C178&amp;ssl=1 300w, https:\/\/i0.wp.com\/olofarmini.com\/wp-content\/uploads\/2010\/04\/201633.jpg?w=500&amp;ssl=1 500w\" sizes=\"auto, (max-width: 300px) 100vw, 300px\" \/><\/a><\/p>\n<p style=\"TEXT-ALIGN: left\">S\u00e5 tillbaks till g\u00e4ssen. N\u00e4r man g\u00e5r igenom foton p\u00e5 <strong>r\u00f6dhalsade g\u00e4ss<\/strong> i Svalan ser man f\u00f6rh\u00e5llandevis f\u00e5r \u00e5ldersuppgifter typ 2K eller ad. Alla ser s\u00e5 f\u00e4rggranna och adulta ut!<\/p>\n<p style=\"TEXT-ALIGN: left\">2008 p\u00e5 sommaren d\u00f6k det upp en ensam <strong>r\u00f6dhalsad<\/strong> med <strong>vitkindade g\u00e4ss<\/strong> i G\u00f6teborgs s\u00f6dra sk\u00e4rg\u00e5rd. Debatten gick h\u00f6g om spontanitet och d\u00e5 ans\u00e5gs \u00e5ldersbest\u00e4mningen av intresse f\u00f6r sannolikhetsber\u00e4kningarna. I sanning var det nog vissas f\u00f6rutfattade meningar som fr\u00e4mst formulerade dessa ber\u00e4kningar! Med Uno U i spetsen gjordes f\u00f6red\u00f6mliga analyser av foton. Mattheten resp glansen hos vissa fj\u00e4derpartier, framf\u00f6rallt huvudet (distinktare med bj\u00e4rtare\u00a0f\u00e4rger hos adulta) och pennor (svartare\/glansigare hos adulta).<\/p>\n<p style=\"TEXT-ALIGN: left\">Till\u00e4mpat p\u00e5\u00a0&#8220;v\u00e5ra&#8221; g\u00e4ss fick jag n\u00e5gon g\u00e5ng f\u00f6r mig att tv\u00e5 var litet distinktare tecknade och svartare. Det skulle st\u00f6dja Lennart Ws teori om en familjegrupp. Men s\u00e5 \u00e4ndrade de vinkel och alas. Vid analys av foton fr\u00e5n Svalan upplever jag samma problem.<\/p>\n<p style=\"TEXT-ALIGN: left\">En annan skillnad som\u00a0tas fram \u00e4r att adulta bara har tv\u00e5 distinkta, vita vingband medan yngre f\u00e5glar uppvisar ytterligare n\u00e5gra, diffusare band. Vet inte om adulta\u00a0kort under ruggningen kan uppvisa dylika &#8220;extra&#8221; band.\u00a0Identifierar man utifr\u00e5n detta blir det aningen l\u00e4ttare med \u00e5ldersbest\u00e4mningar i f\u00e4lt och p\u00e5\u00a0foton. Titta tex p\u00e5 den h\u00e4r l\u00e4nken <a href=\"http:\/\/www.artportalen.se\/artportalen\/gallery\/images\/swe\/birds\/2009\/large\/154947.jpg\">http:\/\/www.artportalen.se\/artportalen\/gallery\/images\/swe\/birds\/2009\/large\/154947.jpg<\/a><\/p>\n<p style=\"TEXT-ALIGN: left\">Den f\u00f6rest\u00e4ller den <strong>r\u00f6dhalsade i Petesviken<\/strong> i somras. F\u00e5geln uppvisar diffusa rester av vita t\u00e4ckarbr\u00e4m framf\u00f6r distinkta vita vingbandet vilket skulle tyda p\u00e5 en\u00a02k f\u00e5gel. Eller den h\u00e4r l\u00e4nken <a href=\"http:\/\/www.artportalen.se\/artportalen\/gallery\/images\/swe\/birds\/2008\/large\/95625.jpg\">http:\/\/www.artportalen.se\/artportalen\/gallery\/images\/swe\/birds\/2008\/large\/95625.jpg<\/a><\/p>\n<p style=\"TEXT-ALIGN: left\">Detta \u00e4r en \u00e5ldersbest\u00e4md, <strong>2K r\u00f6dhalsad g\u00e5s i maj<\/strong> i Ekoparken, Stockholm.<\/p>\n<p style=\"TEXT-ALIGN: left\">S\u00e5 tydliga band fanns ocks\u00e5 p\u00e5 \u00e5tminstone tv\u00e5 av &#8220;v\u00e5ra&#8221; <strong>r\u00f6dhalsade<\/strong> och jag tror p\u00e5 alla,\u00a0f\u00f6r jag att kan inte s\u00e4ga att jag s\u00e5g n\u00e5gon som saknade s\u00e5dana h\u00e4r extra tv\u00e4rband.<\/p>\n<p style=\"TEXT-ALIGN: left\">Till slut n\u00e4r man tittar p\u00e5 bilder i\u00a0Svalan verkar faktiskt en del ben\u00e4mnas adulta fast\u00e4n de har extraband &#8211; felbest\u00e4mningar???<\/p>\n<p style=\"TEXT-ALIGN: left\">S\u00e5 till TGPs\u00a0<strong>bl\u00e5g\u00e5s<\/strong>. Vi hittade som sagt en <strong>hybridg\u00e5s<\/strong> som i f\u00f6rstone mest p\u00e5minde om en <strong>bl\u00e5g\u00e5s<\/strong>. Kan ju vara samma som TGP i\u00a0&#8220;brist p\u00e5 annat&#8221; lagt under den rubriken. Kolla bara bilder p\u00e5 Svalan och det vimlar av hybrider med beteckningen <strong>bl\u00e5g\u00e5s<\/strong>. Den h\u00e4r f\u00e5geln var en ganska &#8220;stubby&#8221; g\u00e5s med gula ben och liten klen n\u00e4bb, helm\u00f6rk med litet ljust i spetsen. Har den tamurspung \u00e4r <strong>kejsarg\u00e5s<\/strong> en allvarlig kandidat och\u00a0n\u00e4bben &#8220;vibbar&#8221; \u00e5t n\u00e5gon <strong><em>branta<\/em>-g\u00e5s<\/strong>. Dr\u00e4ktm\u00e4ssigt <strong>bl\u00e5g\u00e5s<\/strong> som n\u00e4mnts\u00a0eller kanske <strong>stripg\u00e5s <\/strong>kan vara en part? F\u00f6r kul denna helss\u00e4kra hybrid<\/p>\n<p style=\"TEXT-ALIGN: left\">\u00a0<a href=\"http:\/\/www.flickr.com\/photos\/14195020@N08\/4072009395\/in\/photostream\/\">http:\/\/www.flickr.com\/photos\/14195020@N08\/4072009395\/in\/photostream\/<\/a>\u00a0<\/p>\n<p style=\"TEXT-ALIGN: left\">Och h\u00e4r med en av f\u00f6r\u00e4ldrarna<\/p>\n<p style=\"TEXT-ALIGN: left\"><a href=\"http:\/\/www.flickr.com\/photos\/14195020@N08\/4072009405\/sizes\/l\/\">http:\/\/www.flickr.com\/photos\/14195020@N08\/4072009405\/sizes\/l\/<\/a><\/p>\n<p style=\"TEXT-ALIGN: left\">Observera att den inte \u00e4r ringm\u00e4rkt!!!<\/p>\n<p style=\"TEXT-ALIGN: left\">PS TGP ringde fr\u00e5n \u00d6stersund och tillstod att han anv\u00e4nt samlingsbeteckningen bl\u00e5g\u00e5s och trodde vi sett p\u00e5 samma g\u00e5s. Vilket ytterligare h\u00f6jer v\u00e4rdet p\u00e5 obsen!<\/p>\n<p style=\"TEXT-ALIGN: left\">\u00a0<\/p>\n","protected":false},"excerpt":{"rendered":"<p>Inleder med n\u00e5gra ord kring Torsten GP som signerat den fantastiska bilden p\u00e5 de r\u00f6dhalsade. Kan vara p\u00e5 exakt det st\u00e4llet vi s\u00e5g dem f\u00f6rst. Och omgivna av samma(?) vitkindade. Tr\u00e4ffade TGP f\u00f6rsta g\u00e5ngen i b\u00f6rjan av 80-talet d\u00e5 Juppen, David och jag st\u00f6vlade runt p\u00e5 den fasta kalkmyren i norra Fardume. TGP gjorde sammalunda [&hellip;]<\/p>\n","protected":false},"author":2,"featured_media":0,"comment_status":"open","ping_status":"open","sticky":false,"template":"","format":"standard","meta":{"jetpack_post_was_ever_published":false,"_jetpack_newsletter_access":"","_jetpack_dont_email_post_to_subs":false,"_jetpack_newsletter_tier_id":0,"_jetpack_memberships_contains_paywalled_content":false,"_jetpack_memberships_contains_paid_content":false,"footnotes":"","jetpack_publicize_message":"","jetpack_publicize_feature_enabled":true,"jetpack_social_post_already_shared":false,"jetpack_social_options":{"image_generator_settings":{"template":"highway","default_image_id":0,"font":"","enabled":false},"version":2}},"categories":[4,13,3],"tags":[],"class_list":["post-692","post","type-post","status-publish","format-standard","hentry","category-faltbestamning","category-old-times","category-vastergarn"],"jetpack_publicize_connections":[],"jetpack_featured_media_url":"","jetpack_sharing_enabled":true,"jetpack_shortlink":"https:\/\/wp.me\/s7kiwE-gasar","jetpack-related-posts":[],"_links":{"self":[{"href":"https:\/\/olofarmini.com\/index.php?rest_route=\/wp\/v2\/posts\/692","targetHints":{"allow":["GET"]}}],"collection":[{"href":"https:\/\/olofarmini.com\/index.php?rest_route=\/wp\/v2\/posts"}],"about":[{"href":"https:\/\/olofarmini.com\/index.php?rest_route=\/wp\/v2\/types\/post"}],"author":[{"embeddable":true,"href":"https:\/\/olofarmini.com\/index.php?rest_route=\/wp\/v2\/users\/2"}],"replies":[{"embeddable":true,"href":"https:\/\/olofarmini.com\/index.php?rest_route=%2Fwp%2Fv2%2Fcomments&post=692"}],"version-history":[{"count":4,"href":"https:\/\/olofarmini.com\/index.php?rest_route=\/wp\/v2\/posts\/692\/revisions"}],"predecessor-version":[{"id":696,"href":"https:\/\/olofarmini.com\/index.php?rest_route=\/wp\/v2\/posts\/692\/revisions\/696"}],"wp:attachment":[{"href":"https:\/\/olofarmini.com\/index.php?rest_route=%2Fwp%2Fv2%2Fmedia&parent=692"}],"wp:term":[{"taxonomy":"category","embeddable":true,"href":"https:\/\/olofarmini.com\/index.php?rest_route=%2Fwp%2Fv2%2Fcategories&post=692"},{"taxonomy":"post_tag","embeddable":true,"href":"https:\/\/olofarmini.com\/index.php?rest_route=%2Fwp%2Fv2%2Ftags&post=692"}],"curies":[{"name":"wp","href":"https:\/\/api.w.org\/{rel}","templated":true}]}}