{"id":70,"date":"2008-10-22T19:37:21","date_gmt":"2008-10-22T17:37:21","guid":{"rendered":"http:\/\/olofarmini.com\/?p=70"},"modified":"2008-10-22T19:37:55","modified_gmt":"2008-10-22T17:37:55","slug":"20-22-oktober","status":"publish","type":"post","link":"https:\/\/olofarmini.com\/?p=70","title":{"rendered":"20-22 oktober"},"content":{"rendered":"<p>Eva g\u00f6r just sin Eriksgata som nybliven Vd och jag agerar backstage. F\u00f6rs\u00f6ker dock sticka upp en del.<\/p>\n<p>Anders och jag hejade som hastigast p\u00e5 en gr\u00e5s\u00e4l som stack upp huvudet vid Kronvalds n\u00e4r vi spanade p\u00e5 en havs\u00f6rn ute vid Lilla Karls\u00f6. Sedan nj\u00f6t vi kaffet i Ugnens naturreservat. Kuligast kungs\u00f6rn och en mindre s\u00e5ngsvan. Allt detta i m\u00e5ndags.<\/p>\n<p>Ig\u00e5r blev det bara n\u00e5gra korta hugg med mountainbiken. Plikten kallade. B\u00e4st en vidunderlig uppvisning av tv\u00e5 unga \u00f6rnar, en kungs och en havs \u00f6ver Paviken. 500 bl\u00e4s\u00e4nder visslade runt i skr\u00e4ck. Tre sm\u00e5doppingar och alla kn\u00f6lsvanar var dock lugna. Hann brassa rotmos &#8211; g\u00f6tt.<\/p>\n<p>Idag for Eva till G\u00f6tet. Janne d\u00f6k upp f\u00f6r ett kort drag. Han fr\u00f6s men var glad \u00f6ver att ha skaffat en ovanlig f\u00e4rg till ett g\u00e5ngj\u00e4rn &#8211; 2400:-\/l!! Jag kunde visa p\u00e5 en jagande bl\u00e5 k\u00e4rrh\u00f6k bland kreaturen bakom huset.\u00a0Janne kvitterade med en grann blandflock med 23 bl\u00e4s-och s\u00e4dg\u00e4ss vid Paviken. Jag hann just plocka ut en tundras\u00e4dg\u00e5s och var p\u00e5 v\u00e4g med en andra n\u00e4r en havs\u00f6rn drog upp den kacklande flocken.<\/p>\n<p>Fortsatt mycket gott om sidensvans och en hel del bergfink.<\/p>\n<p>Imorgon stundar sp\u00e4nnande f\u00e4rd i \u00f6sterled med Anders!<\/p>\n","protected":false},"excerpt":{"rendered":"<p>Eva g\u00f6r just sin Eriksgata som nybliven Vd och jag agerar backstage. F\u00f6rs\u00f6ker dock sticka upp en del. Anders och jag hejade som hastigast p\u00e5 en gr\u00e5s\u00e4l som stack upp huvudet vid Kronvalds n\u00e4r vi spanade p\u00e5 en havs\u00f6rn ute vid Lilla Karls\u00f6. Sedan nj\u00f6t vi kaffet i Ugnens naturreservat. Kuligast kungs\u00f6rn och en mindre [&hellip;]<\/p>\n","protected":false},"author":1,"featured_media":0,"comment_status":"open","ping_status":"open","sticky":false,"template":"","format":"standard","meta":{"jetpack_post_was_ever_published":false,"_jetpack_newsletter_access":"","_jetpack_dont_email_post_to_subs":false,"_jetpack_newsletter_tier_id":0,"_jetpack_memberships_contains_paywalled_content":false,"_jetpack_memberships_contains_paid_content":false,"footnotes":"","jetpack_publicize_message":"","jetpack_publicize_feature_enabled":true,"jetpack_social_post_already_shared":false,"jetpack_social_options":{"image_generator_settings":{"template":"highway","default_image_id":0,"font":"","enabled":false},"version":2}},"categories":[3],"tags":[],"class_list":["post-70","post","type-post","status-publish","format-standard","hentry","category-vastergarn"],"jetpack_publicize_connections":[],"jetpack_featured_media_url":"","jetpack_sharing_enabled":true,"jetpack_shortlink":"https:\/\/wp.me\/p7kiwE-18","jetpack-related-posts":[],"_links":{"self":[{"href":"https:\/\/olofarmini.com\/index.php?rest_route=\/wp\/v2\/posts\/70","targetHints":{"allow":["GET"]}}],"collection":[{"href":"https:\/\/olofarmini.com\/index.php?rest_route=\/wp\/v2\/posts"}],"about":[{"href":"https:\/\/olofarmini.com\/index.php?rest_route=\/wp\/v2\/types\/post"}],"author":[{"embeddable":true,"href":"https:\/\/olofarmini.com\/index.php?rest_route=\/wp\/v2\/users\/1"}],"replies":[{"embeddable":true,"href":"https:\/\/olofarmini.com\/index.php?rest_route=%2Fwp%2Fv2%2Fcomments&post=70"}],"version-history":[{"count":2,"href":"https:\/\/olofarmini.com\/index.php?rest_route=\/wp\/v2\/posts\/70\/revisions"}],"predecessor-version":[{"id":72,"href":"https:\/\/olofarmini.com\/index.php?rest_route=\/wp\/v2\/posts\/70\/revisions\/72"}],"wp:attachment":[{"href":"https:\/\/olofarmini.com\/index.php?rest_route=%2Fwp%2Fv2%2Fmedia&parent=70"}],"wp:term":[{"taxonomy":"category","embeddable":true,"href":"https:\/\/olofarmini.com\/index.php?rest_route=%2Fwp%2Fv2%2Fcategories&post=70"},{"taxonomy":"post_tag","embeddable":true,"href":"https:\/\/olofarmini.com\/index.php?rest_route=%2Fwp%2Fv2%2Ftags&post=70"}],"curies":[{"name":"wp","href":"https:\/\/api.w.org\/{rel}","templated":true}]}}