{"id":715,"date":"2010-05-06T21:07:34","date_gmt":"2010-05-06T19:07:34","guid":{"rendered":"http:\/\/olofarmini.com\/?p=715"},"modified":"2010-05-06T21:07:34","modified_gmt":"2010-05-06T19:07:34","slug":"styrkor-och-svagheter-och-annat-an-faglar","status":"publish","type":"post","link":"https:\/\/olofarmini.com\/?p=715","title":{"rendered":"Styrkor och svagheter och annat \u00e4n f\u00e5glar"},"content":{"rendered":"<p>Fr\u00e5n f\u00f6rra inl\u00e4gget h\u00e4mtar jag<\/p>\n<p><strong>Att g\u00f6ra sin lokal till en bra lokal. <\/strong><strong>Att v\u00e4va in sk\u00e5dandet i vardagsbeteendet<\/strong><\/p>\n<p>Ur en annan &#8220;point of view&#8221; skulle jag kunna s\u00e4ga<\/p>\n<p><strong>\u00d6nskan att vara bra och beh\u00e4rska &#8211; men &#8211; <\/strong><strong>inte sl\u00e4ppa fokus p\u00e5 alltet<\/strong><\/p>\n<p>Jag tycker det har varit ett utm\u00e4rkande drag i min karakt\u00e4r.<\/p>\n<p><strong>Litet h\u00e5rddraget vara elit utan att satsa elit!!<\/strong><\/p>\n<p><strong><\/strong><\/p>\n<p>F\u00f6r f\u00e5gelsk\u00e5dandet inneb\u00e4r det f\u00f6rdelar som raderna som jag inledde med fr\u00e5n f\u00f6rra inl\u00e4gget<\/p>\n<p>Svagheter \u00e4r tex att det vilar en os\u00e4kerhet och ogripbarhet i sj\u00e4lva beteendet att man kan vara r\u00e4dd att pr\u00f6va nytt<\/p>\n<p>Rent tekniskt kan man\u00a0ju heller inte bli riktigt s\u00e5 bra som om man bara satsar\u00a0&#8230; Det ligger en motsats redan i resonemanget.<\/p>\n<p>Sj\u00e4lv k\u00e4nner jag mig dock tillfreds s\u00e5v\u00e4l med analysen som varandet.<\/p>\n<p>Till det tillfredsst\u00e4llande i varandet vill jag ocks\u00e5 foga tre axplock<\/p>\n<p>Anders<\/p>\n<p><a href=\"https:\/\/i0.wp.com\/olofarmini.com\/wp-content\/uploads\/2010\/05\/dscn0900_redigerad-1.jpg\"><img data-recalc-dims=\"1\" loading=\"lazy\" decoding=\"async\" data-attachment-id=\"716\" data-permalink=\"https:\/\/olofarmini.com\/?attachment_id=716\" data-orig-file=\"https:\/\/i0.wp.com\/olofarmini.com\/wp-content\/uploads\/2010\/05\/dscn0900_redigerad-1.jpg?fit=383%2C427&amp;ssl=1\" data-orig-size=\"383,427\" data-comments-opened=\"1\" data-image-meta=\"{&quot;aperture&quot;:&quot;4.4&quot;,&quot;credit&quot;:&quot;&quot;,&quot;camera&quot;:&quot;COOLPIX P6000&quot;,&quot;caption&quot;:&quot;&quot;,&quot;created_timestamp&quot;:&quot;1271933326&quot;,&quot;copyright&quot;:&quot;&quot;,&quot;focal_length&quot;:&quot;15&quot;,&quot;iso&quot;:&quot;100&quot;,&quot;shutter_speed&quot;:&quot;0.0057471264367816&quot;,&quot;title&quot;:&quot;&quot;}\" data-image-title=\"dscn0900_redigerad-1\" data-image-description=\"\" data-image-caption=\"\" data-large-file=\"https:\/\/i0.wp.com\/olofarmini.com\/wp-content\/uploads\/2010\/05\/dscn0900_redigerad-1.jpg?fit=383%2C427&amp;ssl=1\" class=\"alignnone size-medium wp-image-716\" title=\"dscn0900_redigerad-1\" src=\"https:\/\/i0.wp.com\/olofarmini.com\/wp-content\/uploads\/2010\/05\/dscn0900_redigerad-1-269x300.jpg?resize=269%2C300\" alt=\"\" width=\"269\" height=\"300\" srcset=\"https:\/\/i0.wp.com\/olofarmini.com\/wp-content\/uploads\/2010\/05\/dscn0900_redigerad-1.jpg?resize=269%2C300&amp;ssl=1 269w, https:\/\/i0.wp.com\/olofarmini.com\/wp-content\/uploads\/2010\/05\/dscn0900_redigerad-1.jpg?w=383&amp;ssl=1 383w\" sizes=\"auto, (max-width: 269px) 100vw, 269px\" \/><\/a><\/p>\n<p>\u00a0Dj\u00e4rvt ger han sig i kast med utmaningar som Kaspiska trutar och annat \u00f6vergl\u00f6dgat i ornitologin. H\u00e4rlig att ha vid sin sida, alltid med b\u00f6ssan &#8211; f\u00f6rl\u00e5t &#8211; kameran i sin hand.<\/p>\n<p>Gr\u00f6n<\/p>\n<p><a href=\"https:\/\/i0.wp.com\/olofarmini.com\/wp-content\/uploads\/2010\/05\/208454.jpg\"><img data-recalc-dims=\"1\" loading=\"lazy\" decoding=\"async\" data-attachment-id=\"717\" data-permalink=\"https:\/\/olofarmini.com\/?attachment_id=717\" data-orig-file=\"https:\/\/i0.wp.com\/olofarmini.com\/wp-content\/uploads\/2010\/05\/208454.jpg?fit=500%2C415&amp;ssl=1\" data-orig-size=\"500,415\" data-comments-opened=\"1\" data-image-meta=\"{&quot;aperture&quot;:&quot;0&quot;,&quot;credit&quot;:&quot;&quot;,&quot;camera&quot;:&quot;&quot;,&quot;caption&quot;:&quot;&quot;,&quot;created_timestamp&quot;:&quot;0&quot;,&quot;copyright&quot;:&quot;&quot;,&quot;focal_length&quot;:&quot;0&quot;,&quot;iso&quot;:&quot;0&quot;,&quot;shutter_speed&quot;:&quot;0&quot;,&quot;title&quot;:&quot;&quot;}\" data-image-title=\"208454\" data-image-description=\"\" data-image-caption=\"\" data-large-file=\"https:\/\/i0.wp.com\/olofarmini.com\/wp-content\/uploads\/2010\/05\/208454.jpg?fit=500%2C415&amp;ssl=1\" class=\"alignnone size-medium wp-image-717\" title=\"208454\" src=\"https:\/\/i0.wp.com\/olofarmini.com\/wp-content\/uploads\/2010\/05\/208454-300x249.jpg?resize=300%2C249\" alt=\"\" width=\"300\" height=\"249\" srcset=\"https:\/\/i0.wp.com\/olofarmini.com\/wp-content\/uploads\/2010\/05\/208454.jpg?resize=300%2C249&amp;ssl=1 300w, https:\/\/i0.wp.com\/olofarmini.com\/wp-content\/uploads\/2010\/05\/208454.jpg?w=500&amp;ssl=1 500w\" sizes=\"auto, (max-width: 300px) 100vw, 300px\" \/><\/a><\/p>\n<p>\u00a0P\u00e5 tal om dj\u00e4rva utmaningar. Vilken femetta p\u00e5 en 2K-hane (ljus iris!) st\u00e4pph\u00f6k h\u00e4romdagen. Gr\u00f6n b\u00f6rjar ladda upp f\u00f6r n\u00e4sta Gotlandsh\u00e4ckning, efter mer \u00e4n ett halvsekel!! St\u00e4llvis f\u00f6refaller st\u00e4ppisen lika eller tom vanligare \u00e4n kusinen \u00e4ngsis s\u00e5&#8230;<\/p>\n<p>Gillis<\/p>\n<p><a href=\"https:\/\/i0.wp.com\/olofarmini.com\/wp-content\/uploads\/2010\/05\/ankmamma.jpg\"><img data-recalc-dims=\"1\" loading=\"lazy\" decoding=\"async\" data-attachment-id=\"718\" data-permalink=\"https:\/\/olofarmini.com\/?attachment_id=718\" data-orig-file=\"https:\/\/i0.wp.com\/olofarmini.com\/wp-content\/uploads\/2010\/05\/ankmamma.jpg?fit=640%2C427&amp;ssl=1\" data-orig-size=\"640,427\" data-comments-opened=\"1\" data-image-meta=\"{&quot;aperture&quot;:&quot;6.3&quot;,&quot;credit&quot;:&quot;&quot;,&quot;camera&quot;:&quot;Canon EOS 500D&quot;,&quot;caption&quot;:&quot;&quot;,&quot;created_timestamp&quot;:&quot;1246178059&quot;,&quot;copyright&quot;:&quot;&quot;,&quot;focal_length&quot;:&quot;300&quot;,&quot;iso&quot;:&quot;1250&quot;,&quot;shutter_speed&quot;:&quot;0.003125&quot;,&quot;title&quot;:&quot;&quot;}\" data-image-title=\"ankmamma\" data-image-description=\"\" data-image-caption=\"\" data-large-file=\"https:\/\/i0.wp.com\/olofarmini.com\/wp-content\/uploads\/2010\/05\/ankmamma.jpg?fit=640%2C427&amp;ssl=1\" class=\"alignnone size-medium wp-image-718\" title=\"ankmamma\" src=\"https:\/\/i0.wp.com\/olofarmini.com\/wp-content\/uploads\/2010\/05\/ankmamma-300x200.jpg?resize=300%2C200\" alt=\"\" width=\"300\" height=\"200\" srcset=\"https:\/\/i0.wp.com\/olofarmini.com\/wp-content\/uploads\/2010\/05\/ankmamma.jpg?resize=300%2C200&amp;ssl=1 300w, https:\/\/i0.wp.com\/olofarmini.com\/wp-content\/uploads\/2010\/05\/ankmamma.jpg?w=640&amp;ssl=1 640w\" sizes=\"auto, (max-width: 300px) 100vw, 300px\" \/><\/a><\/p>\n<p>Femettor var det! Med Gillis vid ratten h\u00f6ll vi p\u00e5 att k\u00f6ra \u00f6ver dragarten &#8211; en tofsl\u00e4rka &#8211; utanf\u00f6r Willys h\u00e4rom\u00e5ret. S\u00e5n\u00e4r klistrad p\u00e5 kylaren fick Gillis n\u00e5gra mobilskott. H\u00e4r dock en paradbild p\u00e5 en &#8220;bl\u00e5n\u00e4bba&#8221; i vackert sliten r\u00f6dbrun dr\u00e4kt. Vigghonor i sommardr\u00e4kt efter ruv-och \u00e4llingslit har lockat m\u00e5ngen Durango till grymma hallucinationer om koppar\u00e4nder, vit\u00f6gda dyk\u00e4nder mm Och Gillis alltid p\u00e5 alerten gjorde sitt b\u00e4sta att f\u00e5 Il Maestro p\u00e5 fall!<\/p>\n<p>Ja Anders, Gr\u00f6n och Gillis dom\u00a0r\u00e4cker f\u00f6r att bevisa att f\u00e5gelsk\u00e5dning inte bara \u00e4r f\u00e5glar!<\/p>\n","protected":false},"excerpt":{"rendered":"<p>Fr\u00e5n f\u00f6rra inl\u00e4gget h\u00e4mtar jag Att g\u00f6ra sin lokal till en bra lokal. Att v\u00e4va in sk\u00e5dandet i vardagsbeteendet Ur en annan &#8220;point of view&#8221; skulle jag kunna s\u00e4ga \u00d6nskan att vara bra och beh\u00e4rska &#8211; men &#8211; inte sl\u00e4ppa fokus p\u00e5 alltet Jag tycker det har varit ett utm\u00e4rkande drag i min karakt\u00e4r. Litet [&hellip;]<\/p>\n","protected":false},"author":2,"featured_media":0,"comment_status":"open","ping_status":"open","sticky":false,"template":"","format":"standard","meta":{"jetpack_post_was_ever_published":false,"_jetpack_newsletter_access":"","_jetpack_dont_email_post_to_subs":false,"_jetpack_newsletter_tier_id":0,"_jetpack_memberships_contains_paywalled_content":false,"_jetpack_memberships_contains_paid_content":false,"footnotes":"","jetpack_publicize_message":"","jetpack_publicize_feature_enabled":true,"jetpack_social_post_already_shared":false,"jetpack_social_options":{"image_generator_settings":{"template":"highway","default_image_id":0,"font":"","enabled":false},"version":2}},"categories":[1],"tags":[],"class_list":["post-715","post","type-post","status-publish","format-standard","hentry","category-uncategorized"],"jetpack_publicize_connections":[],"jetpack_featured_media_url":"","jetpack_sharing_enabled":true,"jetpack_shortlink":"https:\/\/wp.me\/p7kiwE-bx","jetpack-related-posts":[],"_links":{"self":[{"href":"https:\/\/olofarmini.com\/index.php?rest_route=\/wp\/v2\/posts\/715","targetHints":{"allow":["GET"]}}],"collection":[{"href":"https:\/\/olofarmini.com\/index.php?rest_route=\/wp\/v2\/posts"}],"about":[{"href":"https:\/\/olofarmini.com\/index.php?rest_route=\/wp\/v2\/types\/post"}],"author":[{"embeddable":true,"href":"https:\/\/olofarmini.com\/index.php?rest_route=\/wp\/v2\/users\/2"}],"replies":[{"embeddable":true,"href":"https:\/\/olofarmini.com\/index.php?rest_route=%2Fwp%2Fv2%2Fcomments&post=715"}],"version-history":[{"count":1,"href":"https:\/\/olofarmini.com\/index.php?rest_route=\/wp\/v2\/posts\/715\/revisions"}],"predecessor-version":[{"id":719,"href":"https:\/\/olofarmini.com\/index.php?rest_route=\/wp\/v2\/posts\/715\/revisions\/719"}],"wp:attachment":[{"href":"https:\/\/olofarmini.com\/index.php?rest_route=%2Fwp%2Fv2%2Fmedia&parent=715"}],"wp:term":[{"taxonomy":"category","embeddable":true,"href":"https:\/\/olofarmini.com\/index.php?rest_route=%2Fwp%2Fv2%2Fcategories&post=715"},{"taxonomy":"post_tag","embeddable":true,"href":"https:\/\/olofarmini.com\/index.php?rest_route=%2Fwp%2Fv2%2Ftags&post=715"}],"curies":[{"name":"wp","href":"https:\/\/api.w.org\/{rel}","templated":true}]}}