{"id":738,"date":"2010-05-17T11:44:45","date_gmt":"2010-05-17T09:44:45","guid":{"rendered":"http:\/\/olofarmini.com\/?p=738"},"modified":"2010-05-17T11:44:45","modified_gmt":"2010-05-17T09:44:45","slug":"davids-fraga-2","status":"publish","type":"post","link":"https:\/\/olofarmini.com\/?p=738","title":{"rendered":"Davids fr\u00e5ga 2"},"content":{"rendered":"<p>Utlovade en analys utifr\u00e5n bilden<\/p>\n<p><a href=\"https:\/\/i0.wp.com\/olofarmini.com\/wp-content\/uploads\/2010\/05\/dscn0900_redigerad-12.jpg\"><img data-recalc-dims=\"1\" loading=\"lazy\" decoding=\"async\" data-attachment-id=\"739\" data-permalink=\"https:\/\/olofarmini.com\/?attachment_id=739\" data-orig-file=\"https:\/\/i0.wp.com\/olofarmini.com\/wp-content\/uploads\/2010\/05\/dscn0900_redigerad-12.jpg?fit=383%2C427&amp;ssl=1\" data-orig-size=\"383,427\" data-comments-opened=\"1\" data-image-meta=\"{&quot;aperture&quot;:&quot;4.4&quot;,&quot;credit&quot;:&quot;&quot;,&quot;camera&quot;:&quot;COOLPIX P6000&quot;,&quot;caption&quot;:&quot;&quot;,&quot;created_timestamp&quot;:&quot;1271933326&quot;,&quot;copyright&quot;:&quot;&quot;,&quot;focal_length&quot;:&quot;15&quot;,&quot;iso&quot;:&quot;100&quot;,&quot;shutter_speed&quot;:&quot;0.0057471264367816&quot;,&quot;title&quot;:&quot;&quot;}\" data-image-title=\"dscn0900_redigerad-12\" data-image-description=\"\" data-image-caption=\"\" data-large-file=\"https:\/\/i0.wp.com\/olofarmini.com\/wp-content\/uploads\/2010\/05\/dscn0900_redigerad-12.jpg?fit=383%2C427&amp;ssl=1\" class=\"alignnone size-medium wp-image-739\" title=\"dscn0900_redigerad-12\" src=\"https:\/\/i0.wp.com\/olofarmini.com\/wp-content\/uploads\/2010\/05\/dscn0900_redigerad-12-269x300.jpg?resize=269%2C300\" alt=\"\" width=\"269\" height=\"300\" srcset=\"https:\/\/i0.wp.com\/olofarmini.com\/wp-content\/uploads\/2010\/05\/dscn0900_redigerad-12.jpg?resize=269%2C300&amp;ssl=1 269w, https:\/\/i0.wp.com\/olofarmini.com\/wp-content\/uploads\/2010\/05\/dscn0900_redigerad-12.jpg?w=383&amp;ssl=1 383w\" sizes=\"auto, (max-width: 269px) 100vw, 269px\" \/><\/a><\/p>\n<p>efter att ha konsulterat observat\u00f6ren Anders. Tyv\u00e4rr \u00e4r han p\u00e5 resande fot, f\u00f6rst Sk\u00e5ne sedan \u00d6land eller\u00a0som han uttrycker det &#8220;Av strikt solidariska sk\u00e4l flyr \u00e4ven jag Gotland &#8230;&#8221;. Ivrig som jag \u00e4r och f\u00f6r att ta fulla ansvaret f\u00f6regriper jag hans svar.<\/p>\n<p>F\u00e5geln p\u00e5 bilden har i f\u00e4lt best\u00e4mts till en 2K Kaspisk trut. F\u00f6r att pressa Anders eller kanske \u00e4n mer mig sj\u00e4lv gjorde jag f\u00f6rst en negativ analys med avseende p\u00e5 artningen. Jag citerar ordagrannt\u00a0mail till Anders (som han inte f\u00e5tt \u00e4nnu).<\/p>\n<p><em>&#8220;Och det blir Kaspisk 2K vs Havstrut 2:a vinter<br \/>\nHar m\u00e5nga likheter som g\u00f6r en del j\u00e4mf\u00f6relser h\u00e5rfina<br \/>\n\u00a0<br \/>\nN\u00e4bb: Grov och stor med en f\u00e4rgs\u00e4ttning ljus bas <strong>vit tipp. F\u00f6rdel Havs<\/strong><br \/>\n\u00a0<br \/>\nHuvud: Formen kraftigt argument f\u00f6r Kaspisk, &#8220;liggande \u00e4gg&#8221; med n\u00e4bben som f\u00f6rl\u00e4gning av toppen. <strong>Kontrasterande vitheten dock aningen mer av havstrut med anade skuggningar.<br \/>\n<\/strong>\u00a0<br \/>\nMantel: <strong>Pekar entydigt p\u00e5 Havs med typiska m\u00f6rka blotchar i en ganska ljus \u00f6versida. Kaspisk mer j\u00e4mn och utbredd m\u00f6rk mantel o t\u00e4ckare.<br \/>\n\u00a0<br \/>\n<\/strong>Tertialer: <strong>T\u00e4mligen bred vit spets och br\u00e4m. Talar f\u00f6r havstrut.<br \/>\n<\/strong>\u00a0<br \/>\nStj\u00e4rt: Vit med svart terminal band g\u00e5r ej att se om brutet eller helt. Lika.<br \/>\n\u00a0<br \/>\nBen,storlek,vingprojektion: B\u00e5da har l\u00e5nga ben men Kaspisk st\u00e5r ut mer prop. Sv\u00e5rt att avg\u00f6ra liksom storleken over-all och vingprojektion.<br \/>\n\u00a0<br \/>\nUtan h\u00e4nsyn till annat \u00e4n bildanalysen s\u00e5 \u00e4r min option nr 1: Havstrut 2:a vinter och som en liten extra tyngd l\u00e4gger jag till att vi lagt m\u00e4rke till ovanligt mycket havstrutar i V\u00e4stergarnsviken p\u00e5 senare tid vilket \u00f6kar sannolikheten f\u00f6r en litet udda individ i udda \u00e5lder &#8211;<br \/>\nMen detta \u00e4r inte svaret p\u00e5 vilken f\u00e5gel bilden f\u00f6rest\u00e4ller!!!!! Sug litet p\u00e5 karamellen och kommentera.&#8221;<\/em><\/p>\n<p>\u00c4r exempel p\u00e5 en typisk f\u00e4rgad analys d\u00e4r i det h\u00e4r fallet sv\u00e5rbed\u00f6mda (nb p\u00e5 denna bild) detaljer viktats fel vs best\u00e4mningen. Jag har svartmarkerat felen och en noggrann observat\u00f6r kan nog bel\u00e4gga eller \u00e5tminstone ana redan p\u00e5 f\u00f6rsta bilden.<\/p>\n<p>B\u00e4ttre upp med \u00e4n fler bilder<\/p>\n<p><a href=\"https:\/\/i0.wp.com\/olofarmini.com\/wp-content\/uploads\/2010\/05\/dscn0901_redigerad-11.jpg\"><img data-recalc-dims=\"1\" loading=\"lazy\" decoding=\"async\" data-attachment-id=\"741\" data-permalink=\"https:\/\/olofarmini.com\/?attachment_id=741\" data-orig-file=\"https:\/\/i0.wp.com\/olofarmini.com\/wp-content\/uploads\/2010\/05\/dscn0901_redigerad-11.jpg?fit=367%2C421&amp;ssl=1\" data-orig-size=\"367,421\" data-comments-opened=\"1\" data-image-meta=\"{&quot;aperture&quot;:&quot;4.4&quot;,&quot;credit&quot;:&quot;&quot;,&quot;camera&quot;:&quot;COOLPIX P6000&quot;,&quot;caption&quot;:&quot;&quot;,&quot;created_timestamp&quot;:&quot;1271933349&quot;,&quot;copyright&quot;:&quot;&quot;,&quot;focal_length&quot;:&quot;15&quot;,&quot;iso&quot;:&quot;100&quot;,&quot;shutter_speed&quot;:&quot;0.00625&quot;,&quot;title&quot;:&quot;&quot;}\" data-image-title=\"dscn0901_redigerad-11\" data-image-description=\"\" data-image-caption=\"\" data-large-file=\"https:\/\/i0.wp.com\/olofarmini.com\/wp-content\/uploads\/2010\/05\/dscn0901_redigerad-11.jpg?fit=367%2C421&amp;ssl=1\" class=\"alignnone size-medium wp-image-741\" title=\"dscn0901_redigerad-11\" src=\"https:\/\/i0.wp.com\/olofarmini.com\/wp-content\/uploads\/2010\/05\/dscn0901_redigerad-11-261x300.jpg?resize=261%2C300\" alt=\"\" width=\"261\" height=\"300\" srcset=\"https:\/\/i0.wp.com\/olofarmini.com\/wp-content\/uploads\/2010\/05\/dscn0901_redigerad-11.jpg?resize=261%2C300&amp;ssl=1 261w, https:\/\/i0.wp.com\/olofarmini.com\/wp-content\/uploads\/2010\/05\/dscn0901_redigerad-11.jpg?w=367&amp;ssl=1 367w\" sizes=\"auto, (max-width: 261px) 100vw, 261px\" \/><\/a><a href=\"https:\/\/i0.wp.com\/olofarmini.com\/wp-content\/uploads\/2010\/05\/dscn0906_redigerad-1.jpg\"><img data-recalc-dims=\"1\" loading=\"lazy\" decoding=\"async\" data-attachment-id=\"742\" data-permalink=\"https:\/\/olofarmini.com\/?attachment_id=742\" data-orig-file=\"https:\/\/i0.wp.com\/olofarmini.com\/wp-content\/uploads\/2010\/05\/dscn0906_redigerad-1.jpg?fit=527%2C538&amp;ssl=1\" data-orig-size=\"527,538\" data-comments-opened=\"1\" data-image-meta=\"{&quot;aperture&quot;:&quot;5.6&quot;,&quot;credit&quot;:&quot;&quot;,&quot;camera&quot;:&quot;COOLPIX P6000&quot;,&quot;caption&quot;:&quot;&quot;,&quot;created_timestamp&quot;:&quot;1271933455&quot;,&quot;copyright&quot;:&quot;&quot;,&quot;focal_length&quot;:&quot;22.1&quot;,&quot;iso&quot;:&quot;100&quot;,&quot;shutter_speed&quot;:&quot;0.013089005235602&quot;,&quot;title&quot;:&quot;&quot;}\" data-image-title=\"dscn0906_redigerad-1\" data-image-description=\"\" data-image-caption=\"\" data-large-file=\"https:\/\/i0.wp.com\/olofarmini.com\/wp-content\/uploads\/2010\/05\/dscn0906_redigerad-1.jpg?fit=527%2C538&amp;ssl=1\" class=\"alignnone size-medium wp-image-742\" title=\"dscn0906_redigerad-1\" src=\"https:\/\/i0.wp.com\/olofarmini.com\/wp-content\/uploads\/2010\/05\/dscn0906_redigerad-1-293x300.jpg?resize=293%2C300\" alt=\"\" width=\"293\" height=\"300\" srcset=\"https:\/\/i0.wp.com\/olofarmini.com\/wp-content\/uploads\/2010\/05\/dscn0906_redigerad-1.jpg?resize=293%2C300&amp;ssl=1 293w, https:\/\/i0.wp.com\/olofarmini.com\/wp-content\/uploads\/2010\/05\/dscn0906_redigerad-1.jpg?w=527&amp;ssl=1 527w\" sizes=\"auto, (max-width: 293px) 100vw, 293px\" \/><\/a><a href=\"https:\/\/i0.wp.com\/olofarmini.com\/wp-content\/uploads\/2010\/05\/dscn0908_redigerad-1.jpg\"><img data-recalc-dims=\"1\" loading=\"lazy\" decoding=\"async\" data-attachment-id=\"743\" data-permalink=\"https:\/\/olofarmini.com\/?attachment_id=743\" data-orig-file=\"https:\/\/i0.wp.com\/olofarmini.com\/wp-content\/uploads\/2010\/05\/dscn0908_redigerad-1.jpg?fit=577%2C677&amp;ssl=1\" data-orig-size=\"577,677\" data-comments-opened=\"1\" data-image-meta=\"{&quot;aperture&quot;:&quot;5.6&quot;,&quot;credit&quot;:&quot;&quot;,&quot;camera&quot;:&quot;COOLPIX P6000&quot;,&quot;caption&quot;:&quot;&quot;,&quot;created_timestamp&quot;:&quot;1271933471&quot;,&quot;copyright&quot;:&quot;&quot;,&quot;focal_length&quot;:&quot;22.1&quot;,&quot;iso&quot;:&quot;100&quot;,&quot;shutter_speed&quot;:&quot;0.0125&quot;,&quot;title&quot;:&quot;&quot;}\" data-image-title=\"dscn0908_redigerad-1\" data-image-description=\"\" data-image-caption=\"\" data-large-file=\"https:\/\/i0.wp.com\/olofarmini.com\/wp-content\/uploads\/2010\/05\/dscn0908_redigerad-1.jpg?fit=577%2C677&amp;ssl=1\" class=\"alignnone size-medium wp-image-743\" title=\"dscn0908_redigerad-1\" src=\"https:\/\/i0.wp.com\/olofarmini.com\/wp-content\/uploads\/2010\/05\/dscn0908_redigerad-1-255x300.jpg?resize=255%2C300\" alt=\"\" width=\"255\" height=\"300\" srcset=\"https:\/\/i0.wp.com\/olofarmini.com\/wp-content\/uploads\/2010\/05\/dscn0908_redigerad-1.jpg?resize=255%2C300&amp;ssl=1 255w, https:\/\/i0.wp.com\/olofarmini.com\/wp-content\/uploads\/2010\/05\/dscn0908_redigerad-1.jpg?w=577&amp;ssl=1 577w\" sizes=\"auto, (max-width: 255px) 100vw, 255px\" \/><\/a><\/p>\n<p>J\u00e4mf\u00f6r sedan med g\u00e5rdagens bilder fr\u00e5n Gotska Sand\u00f6n<\/p>\n<p><a href=\"http:\/\/www.artportalen.se\/artportalen\/gallery\/images\/swe\/birds\/2010\/large\/211196.jpg\">http:\/\/www.artportalen.se\/artportalen\/gallery\/images\/swe\/birds\/2010\/large\/211196.jpg<\/a><\/p>\n<p><a href=\"http:\/\/www.artportalen.se\/artportalen\/gallery\/images\/swe\/birds\/2010\/large\/211448.jpg\">http:\/\/www.artportalen.se\/artportalen\/gallery\/images\/swe\/birds\/2010\/large\/211448.jpg<\/a><\/p>\n<p><a href=\"http:\/\/www.artportalen.se\/artportalen\/gallery\/images\/swe\/birds\/2010\/large\/211449.jpg\">http:\/\/www.artportalen.se\/artportalen\/gallery\/images\/swe\/birds\/2010\/large\/211449.jpg<\/a><\/p>\n<p>Enda skillnaden som jag spontant ser \u00e4r blekare t\u00e4ckare p\u00e5 V\u00e4stergarnsf\u00e5geln, vilket kan vara optik, bildbehanding, ljus eller ett faktum. Sa n\u00e5gon att det \u00e4r samma f\u00e5gel s\u00e5 varf\u00f6r inte.<\/p>\n<p>F\u00f6 s\u00e5g bloggaren sj\u00e4lv en 2K Kaspisk trut i V\u00e4stergarn 22.3. Kanske samma hela tiden &#8211; &#8211; S\u00e5\u00e5 varf\u00f6r sv\u00e5ra??<\/p>\n<p>Jo det \u00e4r s\u00e5 j\u00e4mra intressant och l\u00e4rorikt. \u00c5terigen stort och varmt tack till David och Anders som gett material till detta ocks\u00e5 stort tack till skickliga pl\u00e5tarna och vassa observat\u00f6rerna p\u00e5 Sand\u00f6n som sig sj\u00e4lva ovetandes p\u00e5 ett f\u00f6rtj\u00e4nstfullt s\u00e4tt bidragit.<\/p>\n","protected":false},"excerpt":{"rendered":"<p>Utlovade en analys utifr\u00e5n bilden efter att ha konsulterat observat\u00f6ren Anders. Tyv\u00e4rr \u00e4r han p\u00e5 resande fot, f\u00f6rst Sk\u00e5ne sedan \u00d6land eller\u00a0som han uttrycker det &#8220;Av strikt solidariska sk\u00e4l flyr \u00e4ven jag Gotland &#8230;&#8221;. Ivrig som jag \u00e4r och f\u00f6r att ta fulla ansvaret f\u00f6regriper jag hans svar. F\u00e5geln p\u00e5 bilden har i f\u00e4lt best\u00e4mts [&hellip;]<\/p>\n","protected":false},"author":2,"featured_media":0,"comment_status":"open","ping_status":"open","sticky":false,"template":"","format":"standard","meta":{"jetpack_post_was_ever_published":false,"_jetpack_newsletter_access":"","_jetpack_dont_email_post_to_subs":false,"_jetpack_newsletter_tier_id":0,"_jetpack_memberships_contains_paywalled_content":false,"_jetpack_memberships_contains_paid_content":false,"footnotes":"","jetpack_publicize_message":"","jetpack_publicize_feature_enabled":true,"jetpack_social_post_already_shared":false,"jetpack_social_options":{"image_generator_settings":{"template":"highway","default_image_id":0,"font":"","enabled":false},"version":2}},"categories":[1],"tags":[],"class_list":["post-738","post","type-post","status-publish","format-standard","hentry","category-uncategorized"],"jetpack_publicize_connections":[],"jetpack_featured_media_url":"","jetpack_sharing_enabled":true,"jetpack_shortlink":"https:\/\/wp.me\/p7kiwE-bU","jetpack-related-posts":[],"_links":{"self":[{"href":"https:\/\/olofarmini.com\/index.php?rest_route=\/wp\/v2\/posts\/738","targetHints":{"allow":["GET"]}}],"collection":[{"href":"https:\/\/olofarmini.com\/index.php?rest_route=\/wp\/v2\/posts"}],"about":[{"href":"https:\/\/olofarmini.com\/index.php?rest_route=\/wp\/v2\/types\/post"}],"author":[{"embeddable":true,"href":"https:\/\/olofarmini.com\/index.php?rest_route=\/wp\/v2\/users\/2"}],"replies":[{"embeddable":true,"href":"https:\/\/olofarmini.com\/index.php?rest_route=%2Fwp%2Fv2%2Fcomments&post=738"}],"version-history":[{"count":1,"href":"https:\/\/olofarmini.com\/index.php?rest_route=\/wp\/v2\/posts\/738\/revisions"}],"predecessor-version":[{"id":744,"href":"https:\/\/olofarmini.com\/index.php?rest_route=\/wp\/v2\/posts\/738\/revisions\/744"}],"wp:attachment":[{"href":"https:\/\/olofarmini.com\/index.php?rest_route=%2Fwp%2Fv2%2Fmedia&parent=738"}],"wp:term":[{"taxonomy":"category","embeddable":true,"href":"https:\/\/olofarmini.com\/index.php?rest_route=%2Fwp%2Fv2%2Fcategories&post=738"},{"taxonomy":"post_tag","embeddable":true,"href":"https:\/\/olofarmini.com\/index.php?rest_route=%2Fwp%2Fv2%2Ftags&post=738"}],"curies":[{"name":"wp","href":"https:\/\/api.w.org\/{rel}","templated":true}]}}