{"id":802,"date":"2010-07-04T13:51:43","date_gmt":"2010-07-04T11:51:43","guid":{"rendered":"http:\/\/olofarmini.com\/?p=802"},"modified":"2010-07-04T13:51:43","modified_gmt":"2010-07-04T11:51:43","slug":"7-juli","status":"publish","type":"post","link":"https:\/\/olofarmini.com\/?p=802","title":{"rendered":"7 juli"},"content":{"rendered":"<p><a href=\"http:\/\/olofarmini.com\/wp-content\/uploads\/2010\/07\/dscn9907-300x225.jpg\"><\/a>Den 7 juli 2005 utl\u00f6stes en serie bomber i Londons tunnelbana. Exakt en vecka innan Frankrikes nationaldag till minnet av stormningen av Bastiljen 1789. V\u00e5ldsamma h\u00e4ndelser, v\u00e5ldsamma minnen.<\/p>\n<p>Av annan spr\u00e4ngkraft framst\u00e5r 7 juli\u00a0i det Gutiska f\u00e5gelminnet.<\/p>\n<p>7 juli1983 uppt\u00e4cktes en <strong>purpurh\u00e4ger <\/strong>i Paviken. P\u00e5 min tredje Gotlandssommar missade jag den f\u00f6rargligt.<\/p>\n<p>Sedan dr\u00f6jde det till 7 juli 1997 och en <strong>svarthalsad dopping<\/strong> i St\u00e5nga och den <strong>bredn\u00e4bbade simsn\u00e4ppan<\/strong> i Gannarve. B\u00e5da s\u00e5g jag vid andra datum.<\/p>\n<p>Fortfarande kanske inte\u00a0n\u00e5got speciellt f\u00f6rutom att man\u00a0fordomdags inom ornitologin s\u00e5g juli som litet av &#8220;silly season&#8221;.<\/p>\n<p>Sekelskiftet l\u00e4t dock ana n\u00e5got och 2000\u00a0dennes siktades s\u00e5v\u00e4l <strong>havssula<\/strong> som <strong>engelsk s\u00e4des\u00e4rla<\/strong> p\u00e5 Hoburgen.<\/p>\n<p>S\u00e5 &#8211; den 7 juli 2002 promenerade jag tillsammans med Eva nedf\u00f6r\u00a0Johanneberg vid N\u00e4ckrosdammen i G\u00f6tet. Mobilen surrade ilsket i fickan. Janne J, &#8220;Dom har en <strong>Vitvingad l\u00e4rka<\/strong> p\u00e5 Furillen. \u00c4r det v\u00e4rt att sticka?&#8221; Mindes ett antal s\u00e5ngl\u00e4rkor med vita vingar &#8211; men &#8220;STICK!!&#8221;\u00a0Den hittills enda svenska obsen och m\u00e5nga missade den, trots att de bara stack. Vill minnas att Janne delade dessas \u00f6de,\u00a0mitt stickande till trots.<\/p>\n<p>S\u00e5 dags igen &#8211; 7 juli 2004. Smitten sl\u00e5r till p\u00e5 Tofta skjutf\u00e4lt med en <strong>skatg\u00f6k<\/strong>, som bara blir n\u00e5gon timme och till n\u00e5gra f\u00e5s gl\u00e4dje. Sj\u00e4lv kryssade jag runt golfbanan i ett valh\u00e4nt f\u00f6rs\u00f6k att gissa den l\u00e5ngv\u00e4ga g\u00e4stens fortsatta f\u00e4rdv\u00e4g.<\/p>\n<p>Och igen &#8211; 7 juli 2006. Redan den 6 uppt\u00e4ckte Tord och Jimme en <strong>mindre bergand<\/strong> i Lausviken, som s\u00e5gs tom arla morronstund dagen d\u00e4rp\u00e5. D\u00e4refter f\u00f6rsvunnen, b\u00f6rjade bli ett trist drag i den o\u00f6vertr\u00e4ffade sviten.<\/p>\n<p>Och igen &#8211; 7 juli 2009. Bosse Fs fantastiska uppt\u00e4ckt av <strong>r\u00f6dfalken <\/strong>utanf\u00f6r Hemse. Sn\u00e4llt stannade den \u00e4ven den 8:e f\u00f6r Anders (foto) och mig att se,<\/p>\n<p><img data-recalc-dims=\"1\" loading=\"lazy\" decoding=\"async\" data-attachment-id=\"804\" data-permalink=\"https:\/\/olofarmini.com\/?attachment_id=804\" data-orig-file=\"https:\/\/i0.wp.com\/olofarmini.com\/wp-content\/uploads\/2010\/07\/dscn9907-300x225.jpg?fit=300%2C225&amp;ssl=1\" data-orig-size=\"300,225\" data-comments-opened=\"1\" data-image-meta=\"{&quot;aperture&quot;:&quot;0&quot;,&quot;credit&quot;:&quot;&quot;,&quot;camera&quot;:&quot;&quot;,&quot;caption&quot;:&quot;&quot;,&quot;created_timestamp&quot;:&quot;0&quot;,&quot;copyright&quot;:&quot;&quot;,&quot;focal_length&quot;:&quot;0&quot;,&quot;iso&quot;:&quot;0&quot;,&quot;shutter_speed&quot;:&quot;0&quot;,&quot;title&quot;:&quot;&quot;}\" data-image-title=\"dscn9907-300&amp;#215;225\" data-image-description=\"\" data-image-caption=\"\" data-large-file=\"https:\/\/i0.wp.com\/olofarmini.com\/wp-content\/uploads\/2010\/07\/dscn9907-300x225.jpg?fit=300%2C225&amp;ssl=1\" class=\"alignnone size-medium wp-image-804\" title=\"dscn9907-300x225\" src=\"https:\/\/i0.wp.com\/olofarmini.com\/wp-content\/uploads\/2010\/07\/dscn9907-300x225.jpg?resize=300%2C225\" alt=\"\" width=\"300\" height=\"225\" \/><\/p>\n<p>men sedan&#8230; Dock den h\u00e4r g\u00e5ngen \u00e5teruppt\u00e4cktes den l\u00e4ngre s\u00f6derut p\u00e5 \u00f6n n\u00e5gra dagar senare och en trist bitrend bruten.<\/p>\n<p>Nu ligger alla Guteornitologer i frustrerande attackl\u00e4ge. Undertecknad har redan bitit i gr\u00e4set av adrenalin\u00f6verskott, f\u00f6rst en r\u00f6dfalk som var en vanlig tornfalk och s\u00e5 idag en \u00f6verflygande tjockfot!!! &#8211; som var en juvenil skrattm\u00e5s. F\u00f6rhoppningsvis \u00e4r hormonbalansen \u00e5terst\u00e4lld och d\u00e5 kan vad som helst dyka upp p\u00e5 onsdag!<\/p>\n","protected":false},"excerpt":{"rendered":"<p>Den 7 juli 2005 utl\u00f6stes en serie bomber i Londons tunnelbana. Exakt en vecka innan Frankrikes nationaldag till minnet av stormningen av Bastiljen 1789. V\u00e5ldsamma h\u00e4ndelser, v\u00e5ldsamma minnen. Av annan spr\u00e4ngkraft framst\u00e5r 7 juli\u00a0i det Gutiska f\u00e5gelminnet. 7 juli1983 uppt\u00e4cktes en purpurh\u00e4ger i Paviken. P\u00e5 min tredje Gotlandssommar missade jag den f\u00f6rargligt. Sedan dr\u00f6jde det [&hellip;]<\/p>\n","protected":false},"author":2,"featured_media":0,"comment_status":"open","ping_status":"open","sticky":false,"template":"","format":"standard","meta":{"jetpack_post_was_ever_published":false,"_jetpack_newsletter_access":"","_jetpack_dont_email_post_to_subs":false,"_jetpack_newsletter_tier_id":0,"_jetpack_memberships_contains_paywalled_content":false,"_jetpack_memberships_contains_paid_content":false,"footnotes":"","jetpack_publicize_message":"","jetpack_publicize_feature_enabled":true,"jetpack_social_post_already_shared":false,"jetpack_social_options":{"image_generator_settings":{"template":"highway","default_image_id":0,"font":"","enabled":false},"version":2}},"categories":[13,3],"tags":[],"class_list":["post-802","post","type-post","status-publish","format-standard","hentry","category-old-times","category-vastergarn"],"jetpack_publicize_connections":[],"jetpack_featured_media_url":"","jetpack_sharing_enabled":true,"jetpack_shortlink":"https:\/\/wp.me\/p7kiwE-cW","jetpack-related-posts":[],"_links":{"self":[{"href":"https:\/\/olofarmini.com\/index.php?rest_route=\/wp\/v2\/posts\/802","targetHints":{"allow":["GET"]}}],"collection":[{"href":"https:\/\/olofarmini.com\/index.php?rest_route=\/wp\/v2\/posts"}],"about":[{"href":"https:\/\/olofarmini.com\/index.php?rest_route=\/wp\/v2\/types\/post"}],"author":[{"embeddable":true,"href":"https:\/\/olofarmini.com\/index.php?rest_route=\/wp\/v2\/users\/2"}],"replies":[{"embeddable":true,"href":"https:\/\/olofarmini.com\/index.php?rest_route=%2Fwp%2Fv2%2Fcomments&post=802"}],"version-history":[{"count":2,"href":"https:\/\/olofarmini.com\/index.php?rest_route=\/wp\/v2\/posts\/802\/revisions"}],"predecessor-version":[{"id":805,"href":"https:\/\/olofarmini.com\/index.php?rest_route=\/wp\/v2\/posts\/802\/revisions\/805"}],"wp:attachment":[{"href":"https:\/\/olofarmini.com\/index.php?rest_route=%2Fwp%2Fv2%2Fmedia&parent=802"}],"wp:term":[{"taxonomy":"category","embeddable":true,"href":"https:\/\/olofarmini.com\/index.php?rest_route=%2Fwp%2Fv2%2Fcategories&post=802"},{"taxonomy":"post_tag","embeddable":true,"href":"https:\/\/olofarmini.com\/index.php?rest_route=%2Fwp%2Fv2%2Ftags&post=802"}],"curies":[{"name":"wp","href":"https:\/\/api.w.org\/{rel}","templated":true}]}}