{"id":829,"date":"2010-07-23T16:31:56","date_gmt":"2010-07-23T14:31:56","guid":{"rendered":"http:\/\/olofarmini.com\/?p=829"},"modified":"2010-07-23T16:31:56","modified_gmt":"2010-07-23T14:31:56","slug":"dvarglira-in-absurdum","status":"publish","type":"post","link":"https:\/\/olofarmini.com\/?p=829","title":{"rendered":"Dv\u00e4rglira in absurdum"},"content":{"rendered":"<p>Kul att f\u00f6lja utveckling kring Martin As observation p\u00e5 H\u00f6n\u00f6 och hans bilder. Jag har tidigare n\u00e4mnt om\u00a0sk\u00e5dare\/fotografer som har det lilla extra &#8211; han h\u00f6r definitivt till dem. F\u00f6rra \u00e5ret vid n\u00e4stan \u00e5rsdagen f\u00f6r en m\u00f6jlig <strong>sydpolslabb<\/strong> p\u00e5 H\u00f6n\u00f6 h\u00f6ll han sig framme med ett longshot p\u00e5 en <strong>(stor?)labb<\/strong> som kunde&#8230; &#8211; kul!!<\/p>\n<p>Du hittar efter litet letande Stefan Hs bilder fr\u00e5n 12 augusti 1991 p\u00e5<\/p>\n<p><a href=\"http:\/\/www.birds.se\"><span style=\"color: #004477;\">http:\/\/www.birds.se<\/span><\/a><\/p>\n<p>och Martin As\u00a018 \u00e5r och en dag senare, p\u00e5\u00a0<\/p>\n<p><a href=\"http:\/\/www.pbase.com\/alexandersson\/image\/116021919\"><span style=\"color: #004477;\">http:\/\/www.pbase.com\/alexandersson\/image\/116021919<\/span><\/a><\/p>\n<p>Och h\u00e4r hans fotocollage fr\u00e5n H\u00f6n\u00f6 19 juli,\u00a0som orsakade turbost\u00e4mning p\u00e5 Svalan och Kustobsar.<\/p>\n<p><a href=\"http:\/\/www.artportalen.se\/artportalen\/gallery\/images\/swe\/birds\/2010\/large\/229897.jpg\">http:\/\/www.artportalen.se\/artportalen\/gallery\/images\/swe\/birds\/2010\/large\/229897.jpg<\/a><\/p>\n<p>Scenariot\u00a0likt vad som utspann sig f\u00f6rra \u00e5ret kring Magnus Rs foton av vad som fr\u00e5n b\u00f6rjan togs som en\u00a0tilltufsad <strong>mindra lira<\/strong> men fick enigman av en <strong>medelhavslira<\/strong>. Ny art f\u00f6r landet!<\/p>\n<p><a href=\"http:\/\/www.artportalen.se\/artportalen\/gallery\/images\/swe\/birds\/2009\/large\/176878.jpg\">http:\/\/www.artportalen.se\/artportalen\/gallery\/images\/swe\/birds\/2009\/large\/176878.jpg<\/a><\/p>\n<p>Vet inte utvecklingen av detta\u00a0&#8220;fallet&#8221; utom att n\u00e5gra entusiaster &#8220;jobbar&#8221; vidare.\u00a0<\/p>\n<p><a href=\"http:\/\/www.artportalen.se\/artportalen\/gallery\/images\/swe\/birds\/2010\/large\/229897.jpg\"><\/a><\/p>\n<p>Det blev f\u00f6rst\u00e5s fullt p\u00e5drag 19 juli dennes\u00a0n\u00e4r observat\u00f6rerna, Martin A o Peter H framf\u00f6rde <strong>dv\u00e4rglira<\/strong> som en arbetshypotes. Poletten f\u00f6ll inte ned f\u00f6r n\u00e5got annat. L\u00e4ser ni under Martin As bilder\u00a0kan ni ta del av den mycket intressanta maildebatten.\u00a0<\/p>\n<p>Dv\u00e4rgliran delar inte bara sl\u00e4kskap med medelhavsliran, den \u00e4r ocks\u00e5 en v\u00e4ntad &#8220;first&#8221; f\u00f6r Sverige. Som f\u00f6r alla havsf\u00e5glar \u00e4r obsandet\u00a0upphetsande; fart, bl\u00e5st m.m. och ibland en f\u00f6r stor utmaning \u00e4ven\u00a0f\u00f6r den &#8220;ofelbara&#8221; kameran! Det l\u00e5g dessutom en trolig obs i Norge och lurade och alla minns vi m\u00f6nstret f\u00f6r en annan havsf\u00e5gel, den <strong>mindre albatrossen<\/strong> 8 juli 2007, som setts alternativt i Norge eller England eller p\u00e5 b\u00e5da st\u00e4llena, innan den f\u00e5ngades i <em>&#8220;Lomma-ryssjan<\/em>&#8220;!<\/p>\n<p>Det sakliga i debatten kan var och en l\u00e4sa och jag tycker den \u00e4r helt Ok och skulle sj\u00e4lv satsa p\u00e5 en avancerad <strong>1K tobisgrissla<\/strong> alternativt en retarderad <strong>2K<\/strong>. Var ocks\u00e5 min ursprungstanke inf\u00f6r bilderna innan debatten tagit fart.<\/p>\n<p>Unnar mig litet filosofiska funderingar utanf\u00f6r det sakligt f\u00e5gelm\u00e4ssiga. Alltid tacksamt att simma i lugna vatten och \u00e4gna sig \u00e5t eftertankens kranka blekhet.<\/p>\n<p>Debatten startar med\u00a0ett dj\u00e4rvt utkast av entusiasm som m\u00e5nga hakar p\u00e5. I det h\u00e4r fallet ny art f\u00f6r landet, nyligen rapporterad fr\u00e5n Norge,\u00a0suddiga foton som inte tyckts f\u00f6rst\u00e4lla n\u00e5got och&#8230; att vara tveksam\u00a0\u00e4r\u00a0trist. Man\u00a0bygger upp kring n\u00e5gra\u00a0pro-detaljer men \u00e4n mer p\u00e5 anti-allt-annat.<\/p>\n<p>S\u00e5 blir det litet motigare, inte direkt &#8220;Kejsarens nya kl\u00e4der&#8221; men vinden skrotar litet som den ibland g\u00f6r p\u00e5 H\u00f6n\u00f6 och vips har det minst osannolika motalternativet tobisgrissla hamnat i \u00f6verl\u00e4ge och pl\u00f6tsligt ligger de f\u00f6rsta entusiasterna aningen pyrt till.<\/p>\n<p>Enligt min uppfattning inneh\u00e5ller s\u00e5v\u00e4l dv\u00e4rglirebest\u00e4mning som sedan tobisgrisslealternativet den m\u00e4nskliga svagheten att\u00a0mer st\u00f6dja sig p\u00e5\u00a0&#8220;reductio ad absurdum&#8221; och mindre p\u00e5 &#8220;in veritas&#8221;. Det \u00e4r sv\u00e5rare att konsolidera \u00e4n att f\u00f6rkasta, allts\u00e5 f\u00f6rkastar man allt utom sin egen sanning. &#8220;Att jorden en g\u00e5ng var platt&#8221; brukar anges som paradexemplet p\u00e5 detta.<\/p>\n<p>M\u00e4nniskan tar till detta trix p\u00e5 grund av of\u00f6rm\u00e5gan att se &#8220;tillr\u00e4ckligt mycket&#8221; &#8211;\u00a0inte ens med hj\u00e4lp av alla m\u00f6jliga tekniska hj\u00e4lpmedel eller de b\u00e4st underbyggda teorier.\u00a0Det gjorde jag sj\u00e4lv h\u00e4romdagen p\u00e5 Utholmen. Sj\u00e4lvklart var det brungladan jag nyligen sett, som kom glidande med kluven stj\u00e4rt \u00f6ver Anders och mig! N\u00e4r jag mentalt best\u00e4mt mig och kl\u00e4ckt ur mig detta, tog det\u00a0orimligt l\u00e5ng tid att v\u00e4nda \u00f6ver till att det var en\u00a0arketypisk 1K\u00a0r\u00f6dglada. F\u00f6rst n\u00e4r jag beskrev f\u00f6r Anders att detta var en brunglada av f\u00f6rmodat \u00f6stligt ursprung f\u00e5ngade verkligheten upp mig. Mycket tacksam att jag s\u00e5g\u00a0verkligheten\u00a0och greppade den\u00a0och att Anders av diskretion v\u00e4ntade med att n\u00e4psa mig!<\/p>\n<p>Som s\u00e5 ofta hamnar bed\u00f6mningen i sannolikhet. Hade bilderna och beskrivningen p\u00e5 H\u00f6n\u00f6f\u00e5geln\u00a0varit fr\u00e5n en off-shore Atlantisk \u00f6 s\u00e5 hade vi inte beh\u00f6vt bry oss om n\u00e5gon p\u00e5stod att det var en dv\u00e4rglira. Men nu var den fr\u00e5n H\u00f6n\u00f6 &#8211; s\u00e5! Och samtidigt beh\u00f6vs de h\u00e4r dj\u00e4rva takterna f\u00f6r att h\u00e5lla intresse och sk\u00e4rpa uppe!\u00a0I ett st\u00f6rre perspektiv f\u00f6r att f\u00f6ra m\u00e4nskligheten fram\u00e5t(, samtidigt som det kan bli dess fall). Eller i ett mindre f\u00f6r att\u00a0dv\u00e4rgliran\u00a0f\u00f6rr eller senare skall\u00a0sprattla i <em>&#8220;Lomma-ryssjan<\/em>&#8220;?<\/p>\n","protected":false},"excerpt":{"rendered":"<p>Kul att f\u00f6lja utveckling kring Martin As observation p\u00e5 H\u00f6n\u00f6 och hans bilder. Jag har tidigare n\u00e4mnt om\u00a0sk\u00e5dare\/fotografer som har det lilla extra &#8211; han h\u00f6r definitivt till dem. F\u00f6rra \u00e5ret vid n\u00e4stan \u00e5rsdagen f\u00f6r en m\u00f6jlig sydpolslabb p\u00e5 H\u00f6n\u00f6 h\u00f6ll han sig framme med ett longshot p\u00e5 en (stor?)labb som kunde&#8230; &#8211; kul!! Du [&hellip;]<\/p>\n","protected":false},"author":2,"featured_media":0,"comment_status":"open","ping_status":"open","sticky":false,"template":"","format":"standard","meta":{"jetpack_post_was_ever_published":false,"_jetpack_newsletter_access":"","_jetpack_dont_email_post_to_subs":false,"_jetpack_newsletter_tier_id":0,"_jetpack_memberships_contains_paywalled_content":false,"_jetpack_memberships_contains_paid_content":false,"footnotes":"","jetpack_publicize_message":"","jetpack_publicize_feature_enabled":true,"jetpack_social_post_already_shared":false,"jetpack_social_options":{"image_generator_settings":{"template":"highway","default_image_id":0,"font":"","enabled":false},"version":2}},"categories":[4,14,13],"tags":[],"class_list":["post-829","post","type-post","status-publish","format-standard","hentry","category-faltbestamning","category-goteborg","category-old-times"],"jetpack_publicize_connections":[],"jetpack_featured_media_url":"","jetpack_sharing_enabled":true,"jetpack_shortlink":"https:\/\/wp.me\/p7kiwE-dn","jetpack-related-posts":[],"_links":{"self":[{"href":"https:\/\/olofarmini.com\/index.php?rest_route=\/wp\/v2\/posts\/829","targetHints":{"allow":["GET"]}}],"collection":[{"href":"https:\/\/olofarmini.com\/index.php?rest_route=\/wp\/v2\/posts"}],"about":[{"href":"https:\/\/olofarmini.com\/index.php?rest_route=\/wp\/v2\/types\/post"}],"author":[{"embeddable":true,"href":"https:\/\/olofarmini.com\/index.php?rest_route=\/wp\/v2\/users\/2"}],"replies":[{"embeddable":true,"href":"https:\/\/olofarmini.com\/index.php?rest_route=%2Fwp%2Fv2%2Fcomments&post=829"}],"version-history":[{"count":3,"href":"https:\/\/olofarmini.com\/index.php?rest_route=\/wp\/v2\/posts\/829\/revisions"}],"predecessor-version":[{"id":832,"href":"https:\/\/olofarmini.com\/index.php?rest_route=\/wp\/v2\/posts\/829\/revisions\/832"}],"wp:attachment":[{"href":"https:\/\/olofarmini.com\/index.php?rest_route=%2Fwp%2Fv2%2Fmedia&parent=829"}],"wp:term":[{"taxonomy":"category","embeddable":true,"href":"https:\/\/olofarmini.com\/index.php?rest_route=%2Fwp%2Fv2%2Fcategories&post=829"},{"taxonomy":"post_tag","embeddable":true,"href":"https:\/\/olofarmini.com\/index.php?rest_route=%2Fwp%2Fv2%2Ftags&post=829"}],"curies":[{"name":"wp","href":"https:\/\/api.w.org\/{rel}","templated":true}]}}