{"id":852,"date":"2010-09-02T16:24:50","date_gmt":"2010-09-02T14:24:50","guid":{"rendered":"http:\/\/olofarmini.com\/?p=852"},"modified":"2010-09-02T16:28:18","modified_gmt":"2010-09-02T14:28:18","slug":"labbar-liror-och-skadarfilosofi","status":"publish","type":"post","link":"https:\/\/olofarmini.com\/?p=852","title":{"rendered":"Labbar, liror och sk\u00e5darfilosofi"},"content":{"rendered":"<p>Har flera g\u00e5nger inneh\u00e5llsm\u00e4ssigt varit ute och cyklat i gr\u00e4nslandet till vad den h\u00e4r bloggen utger sig f\u00f6r att inneh\u00e5lla. Men alltid h\u00e5llit mig till det alla bloggar handlar om ett &#8220;egotrippande i okunskapens tr\u00e4sk&#8221; och\/eller ett gr\u00e4nsl\u00f6st n\u00f6rderi. S\u00e5 ock med fullt \u00f6s denna g\u00e5ng.<\/p>\n<p>Dagarna kring 25 augusti med h\u00e5rd bl\u00e5st fr\u00e5n v\u00e4stsektorn gav rika tillf\u00e4llen till egensk\u00e5dande och att ta del av bilder och diskussioner p\u00e5 n\u00e4tet. H\u00e4rliga bataljer om vad som setts och kan ses.\u00a0Hade kunnat ta med bilder\u00a0av Per L, Tobias B och Martin A i\u00a0ett v\u00e4llovligt syfte, men v\u00e4ljer att l\u00e4nka s\u00e5 kan l\u00e4saren ocks\u00e5 ta del av diskussionerna.<\/p>\n<p>F\u00f6rst litet ego dock. F\u00f6r att h\u00e5lla mig till det heliga tretalet s\u00e5 skulle jag kunna h\u00e4nga upp mitt sk\u00e5dande p\u00e5 f\u00f6ljande tripod<\/p>\n<p><strong>1. Naturupplevelse<\/strong><\/p>\n<p><strong>2. Prestation (T\u00e4vling\/Jakt)<\/strong><\/p>\n<p><strong>3.\u00a0Socialt<\/strong><\/p>\n<p>1 och 2 \u00e4r kopplat till f\u00e5glar medan 3 \u00e4r ett intran\u00e4t med\u00a0likasinnade (tex den h\u00e4r bloggen).<\/p>\n<p>N\u00e4r jag\u00a0g\u00e5r \u00f6ver till enskilda observationer bygger jag upp dem p\u00e5 f\u00f6ljande tripod,<\/p>\n<p><strong>1. Observerade detaljer<\/strong><\/p>\n<p><strong>2. Helhetsintryck<\/strong><\/p>\n<p><strong>3. Sannolikhet<\/strong><\/p>\n<p>\u00d6ver denna tripod l\u00e4ggs ett <strong>raster av yttre omst\u00e4ndigheter som v\u00e4der, vind, ljus, tid, dagsform\u00a0mm<\/strong><\/p>\n<p>Detta som en bakgrund till vissa av mina resonemang.\u00a0S\u00e5 \u00e5ter till bl\u00e5sdagarna och framf\u00f6rallt tv\u00e5 obsar.<\/p>\n<p>F\u00f6rst <strong>liran<\/strong> som passerade Kr\u00e5kudden p\u00e5 H\u00f6n\u00f6 den 25 augusti. Jag har tidigare beskrivit den men upprepar att under kort tid kunde jag iaktta detaljer som i en annan kontext sj\u00e4lvklart skulle blivit till en <strong>guln\u00e4bbad lira<\/strong>. Varf\u00f6r d\u00e5 ett fr\u00e5getecken? Backar jag till tripoden ovan s\u00e5 vacklar obsen p\u00e5 <em>sannolikheten<\/em>, bara en <strong>os\u00e4ker guln\u00e4bbad<\/strong> rapporterad fr\u00e5n V\u00e4stkusten denna dagen och en dagen innan (H\u00f6n\u00f6!).\u00a0Ingen \u00f6vrig i hidet ville heller st\u00e5 f\u00f6r att han sett en <strong>guln\u00e4bbad<\/strong> (os\u00e4kert vilka som ens sett samma f\u00e5gel som jag). Yttre omst\u00e4ndigheter f\u00e5r d\u00e5 en \u00f6kad tyngd i min egen bed\u00f6mning, obstid, regn i hidet mm.<\/p>\n<p>Se s\u00e5 p\u00e5 collaget av den eminente Martin A p\u00e5 en guln\u00e4bbad lira p\u00e5 samma lokal en m\u00e5nad tidigare. Samma detaljer som jag s\u00e5g men d\u00e5\u00a0under helt andra omst\u00e4ndigheter som krullade utropstecknet till ett fr\u00e5getecken.<\/p>\n<p><a href=\"https:\/\/i0.wp.com\/olofarmini.com\/wp-content\/uploads\/2010\/09\/233560.jpg\"><img data-recalc-dims=\"1\" loading=\"lazy\" decoding=\"async\" data-attachment-id=\"853\" data-permalink=\"https:\/\/olofarmini.com\/?attachment_id=853\" data-orig-file=\"https:\/\/i0.wp.com\/olofarmini.com\/wp-content\/uploads\/2010\/09\/233560.jpg?fit=500%2C300&amp;ssl=1\" data-orig-size=\"500,300\" data-comments-opened=\"1\" data-image-meta=\"{&quot;aperture&quot;:&quot;0&quot;,&quot;credit&quot;:&quot;&quot;,&quot;camera&quot;:&quot;&quot;,&quot;caption&quot;:&quot;&quot;,&quot;created_timestamp&quot;:&quot;0&quot;,&quot;copyright&quot;:&quot;&quot;,&quot;focal_length&quot;:&quot;0&quot;,&quot;iso&quot;:&quot;0&quot;,&quot;shutter_speed&quot;:&quot;0&quot;,&quot;title&quot;:&quot;&quot;}\" data-image-title=\"233560\" data-image-description=\"\" data-image-caption=\"\" data-large-file=\"https:\/\/i0.wp.com\/olofarmini.com\/wp-content\/uploads\/2010\/09\/233560.jpg?fit=500%2C300&amp;ssl=1\" class=\"alignnone size-medium wp-image-853\" title=\"233560\" src=\"https:\/\/i0.wp.com\/olofarmini.com\/wp-content\/uploads\/2010\/09\/233560-300x180.jpg?resize=300%2C180\" alt=\"\" width=\"300\" height=\"180\" srcset=\"https:\/\/i0.wp.com\/olofarmini.com\/wp-content\/uploads\/2010\/09\/233560.jpg?resize=300%2C180&amp;ssl=1 300w, https:\/\/i0.wp.com\/olofarmini.com\/wp-content\/uploads\/2010\/09\/233560.jpg?w=500&amp;ssl=1 500w\" sizes=\"auto, (max-width: 300px) 100vw, 300px\" \/><\/a><\/p>\n<p>Samma dag som vi s\u00e5g den <strong>obest\u00e4mda guln\u00e4bbade liran<\/strong> s\u00e5gs en hel del l\u00e4ngs kusten och som vanligt samlades det mesta litet senare och framf\u00f6rallt s\u00f6derut i Halland och Sk\u00e5ne. St\u00f6rsta grejen var f\u00f6rst\u00e5s den <strong>st\u00f6rre liran<\/strong> vid Kullen, som helt kort morgonen d\u00e4rp\u00e5 s\u00e5gs p\u00e5 Nidingen!<\/p>\n<p>Och\u00a0som sagt en hel del annat och m\u00e5nga alerta sk\u00e5dare och fotografer var p\u00e5 G. Bla kom f\u00f6ljande bilder fr\u00e5n Per L med fr\u00e5getecken om <strong>fj\u00e4llabb<\/strong>.<\/p>\n<p><a href=\"http:\/\/www.artportalen.se\/artportalen\/gallery\/images\/swe\/birds\/2010\/large\/242812.jpg\">http:\/\/www.artportalen.se\/artportalen\/gallery\/images\/swe\/birds\/2010\/large\/242812.jpg<\/a><\/p>\n<p><a href=\"http:\/\/www.artportalen.se\/artportalen\/gallery\/images\/swe\/birds\/2010\/large\/242814.jpg\">http:\/\/www.artportalen.se\/artportalen\/gallery\/images\/swe\/birds\/2010\/large\/242814.jpg<\/a><\/p>\n<p>Observera p\u00e5 den nedre bilden det lilla hacket ytterst p\u00e5 v\u00e4nsterarmen. Jag kommenterade att det mesta pekade p\u00e5 en <strong>fj\u00e4llabb<\/strong>, <em>vita spolstreck och tydligt utskjutande trubbiga mittersta stj\u00e4rtpennor, tydligt tv\u00e5f\u00e4rgad n\u00e4bb.<\/em><\/p>\n<p>Dessutom fanns en bild av samme fotograf p\u00e5 en m\u00f6jlig <strong>bredstj\u00e4rtad labb<\/strong>.<\/p>\n<p><a href=\"http:\/\/www.artportalen.se\/artportalen\/gallery\/images\/swe\/birds\/2010\/large\/242135.jpg\">http:\/\/www.artportalen.se\/artportalen\/gallery\/images\/swe\/birds\/2010\/large\/242135.jpg<\/a><\/p>\n<p>H\u00e4r hade flera kommenterat med bud om b\u00e5de <strong>bredstj\u00e4rtad<\/strong> och <strong>vanlig labb<\/strong>. Jag kommenterade att <em>dubbelfl\u00e4cken<\/em> indikerade <strong>bredstj\u00e4rtad<\/strong> plus <em>tv\u00e5f\u00e4rgad n\u00e4bb och trubbig stj\u00e4rtspets<\/em>. De tv\u00e5 sistn\u00e4mnda argumenten samma som f\u00f6r fj\u00e4llabbest\u00e4mningen\u00a0tidigare. Jag\u00a0tillfogade ocks\u00e5 ett memento att det kunde vara samma labb p\u00e5 alla tre fotona, med vilket jag indikerade inkonsistensen i detaljer och helhetsintryck fr\u00e5n bara fotona.\u00a0Jag var\u00a0tveksam om detta kunde missuppfattas p\u00e5 ett negativt s\u00e4tt av observat\u00f6ren\/fotografen s\u00e5 jag betonade att han alltid \u00e4r b\u00e4rare av obsen.<\/p>\n<p>D\u00f6m sedan om mina k\u00e4nslor n\u00e4r jag f\u00e5r ta del av den fortsatta utvecklingen. N\u00e5gra\u00a0\u00d6landssk\u00e5dare med den mycket duktige Tobias B i spetsen och tillika fotograf hade varit p\u00e5 havssk\u00e5dning i Halland och pl\u00e5tat<\/p>\n<p><a href=\"http:\/\/www.artportalen.se\/artportalen\/gallery\/images\/swe\/birds\/2010\/large\/242360.JPG\">http:\/\/www.artportalen.se\/artportalen\/gallery\/images\/swe\/birds\/2010\/large\/242360.JPG<\/a><\/p>\n<p><a href=\"http:\/\/www.artportalen.se\/artportalen\/gallery\/images\/swe\/birds\/2010\/large\/242361.JPG\">http:\/\/www.artportalen.se\/artportalen\/gallery\/images\/swe\/birds\/2010\/large\/242361.JPG<\/a><\/p>\n<p><a href=\"http:\/\/www.artportalen.se\/artportalen\/gallery\/images\/swe\/birds\/2010\/large\/242362.JPG\">http:\/\/www.artportalen.se\/artportalen\/gallery\/images\/swe\/birds\/2010\/large\/242362.JPG<\/a><\/p>\n<p>Denna labb \u00e4r s\u00e4kert best\u00e4md till en <strong>kustlabb<\/strong> och Tobias B kunde ocks\u00e5\u00a0p\u00e5peka hacket p\u00e5 v\u00e4nsterarmen p\u00e5 mellersta bilden! 8 h tidigare i Halland\u00a0men p\u00e5 gr\u00e4nsen till visshet samma labb som Per L pl\u00e5tat samtidigt som han\u00a0kommer p\u00e5\u00a0att hans foton nog\u00a0i sj\u00e4lva verket f\u00f6rest\u00e4ller\u00a0samma labb. Tv\u00e5 missar och en hit f\u00f6r mig. F\u00f6r att vinna m\u00e5ste man kunna f\u00f6rlora! Punkt 2 i min sk\u00e5dartripod!<\/p>\n<p>Sannolikheten om en kustlabb kan v\u00e4l n\u00e4rmast beskrivas av dagens (2 sep) str\u00e4ckrapport fr\u00e5n Revsudden, 43 kustlabbar, en fj\u00e4llabb, ingen bredstj\u00e4rtad labb. Litet f\u00f6rr\u00e4diskt dock och man m\u00e5ste nog s\u00e4ga att &#8220;fj\u00e4llabbsbilderna&#8221; tagna p\u00e5 en Lappl\u00e4ndsk fj\u00e4llhed eller den &#8220;bredstj\u00e4rtade&#8221; i Kattvik men kring jul ist\u00e4llet knappast f\u00e5tt n\u00e5gon att reagera om observat\u00f6ren s\u00e5 sagt.<\/p>\n<p>Vid en n\u00e4rmare granskning kan man p\u00e5 alla bilder se ett litet ljusare nackdok, typiskt f\u00f6r s\u00e5 h\u00e4r m\u00f6rka kustlabbar. Det \u00e4r ocks\u00e5 just dessa, litet ovanligare kustlabbar som tydligast visar drag av de andra arterna\u00a0som vita spolstreck, dubbelfl\u00e4ck och tv\u00e5f\u00e4rgad n\u00e4bb. Vanligast hos kustlabbar \u00e4r ocks\u00e5 den sk dubbelpiggen som g\u00f6r den h\u00e4r tydligt trubbiga \u00e4ndan litet missvisande.<\/p>\n<p>Som en liten avslutande knorr kan man med armarna i kors och utan att se n\u00e5got leka besserwisser och s\u00e4ga kustlabb &#8211; <em>sannolikhet<\/em>!<\/p>\n","protected":false},"excerpt":{"rendered":"<p>Har flera g\u00e5nger inneh\u00e5llsm\u00e4ssigt varit ute och cyklat i gr\u00e4nslandet till vad den h\u00e4r bloggen utger sig f\u00f6r att inneh\u00e5lla. Men alltid h\u00e5llit mig till det alla bloggar handlar om ett &#8220;egotrippande i okunskapens tr\u00e4sk&#8221; och\/eller ett gr\u00e4nsl\u00f6st n\u00f6rderi. S\u00e5 ock med fullt \u00f6s denna g\u00e5ng. Dagarna kring 25 augusti med h\u00e5rd bl\u00e5st fr\u00e5n v\u00e4stsektorn [&hellip;]<\/p>\n","protected":false},"author":2,"featured_media":0,"comment_status":"open","ping_status":"open","sticky":false,"template":"","format":"standard","meta":{"jetpack_post_was_ever_published":false,"_jetpack_newsletter_access":"","_jetpack_dont_email_post_to_subs":false,"_jetpack_newsletter_tier_id":0,"_jetpack_memberships_contains_paywalled_content":false,"_jetpack_memberships_contains_paid_content":false,"footnotes":"","jetpack_publicize_message":"","jetpack_publicize_feature_enabled":true,"jetpack_social_post_already_shared":false,"jetpack_social_options":{"image_generator_settings":{"template":"highway","default_image_id":0,"font":"","enabled":false},"version":2}},"categories":[4,14],"tags":[],"class_list":["post-852","post","type-post","status-publish","format-standard","hentry","category-faltbestamning","category-goteborg"],"jetpack_publicize_connections":[],"jetpack_featured_media_url":"","jetpack_sharing_enabled":true,"jetpack_shortlink":"https:\/\/wp.me\/p7kiwE-dK","jetpack-related-posts":[],"_links":{"self":[{"href":"https:\/\/olofarmini.com\/index.php?rest_route=\/wp\/v2\/posts\/852","targetHints":{"allow":["GET"]}}],"collection":[{"href":"https:\/\/olofarmini.com\/index.php?rest_route=\/wp\/v2\/posts"}],"about":[{"href":"https:\/\/olofarmini.com\/index.php?rest_route=\/wp\/v2\/types\/post"}],"author":[{"embeddable":true,"href":"https:\/\/olofarmini.com\/index.php?rest_route=\/wp\/v2\/users\/2"}],"replies":[{"embeddable":true,"href":"https:\/\/olofarmini.com\/index.php?rest_route=%2Fwp%2Fv2%2Fcomments&post=852"}],"version-history":[{"count":4,"href":"https:\/\/olofarmini.com\/index.php?rest_route=\/wp\/v2\/posts\/852\/revisions"}],"predecessor-version":[{"id":856,"href":"https:\/\/olofarmini.com\/index.php?rest_route=\/wp\/v2\/posts\/852\/revisions\/856"}],"wp:attachment":[{"href":"https:\/\/olofarmini.com\/index.php?rest_route=%2Fwp%2Fv2%2Fmedia&parent=852"}],"wp:term":[{"taxonomy":"category","embeddable":true,"href":"https:\/\/olofarmini.com\/index.php?rest_route=%2Fwp%2Fv2%2Fcategories&post=852"},{"taxonomy":"post_tag","embeddable":true,"href":"https:\/\/olofarmini.com\/index.php?rest_route=%2Fwp%2Fv2%2Ftags&post=852"}],"curies":[{"name":"wp","href":"https:\/\/api.w.org\/{rel}","templated":true}]}}