{"id":868,"date":"2010-09-11T13:30:14","date_gmt":"2010-09-11T11:30:14","guid":{"rendered":"http:\/\/olofarmini.com\/?p=868"},"modified":"2010-09-11T13:30:14","modified_gmt":"2010-09-11T11:30:14","slug":"kul","status":"publish","type":"post","link":"https:\/\/olofarmini.com\/?p=868","title":{"rendered":"Kul"},"content":{"rendered":"<p>Hmm &#8211; mindre kul med det typiska G\u00f6teborgsv\u00e4dret, precis n\u00e4r man b\u00f6rjat hoppas och dressat f\u00f6r ett drag s\u00e5 h\u00f6rs det v\u00e4lbekannta trummandet mot f\u00f6nstret.<\/p>\n<p>Ocks\u00e5 mindre kul med alla rapporter fr\u00e5n \u00f6verallt annars, inte minst Gotland med <strong>st\u00e4pph\u00f6kar, fj\u00e4llabb, pr\u00e4riel\u00f6pare<\/strong> mm. \u00c5javars \u00e4r ju glad f\u00f6r bla Anders som alert &#8220;plockade hem&#8221; s\u00e5v\u00e4l <strong>mindre flug<\/strong> som superhitten <strong>st\u00e4pph\u00f6k<\/strong> den 8 sep.<\/p>\n<p>Kul var att efter jag skrivit om Simsons h\u00e5r s\u00e5 l\u00e4ste jag i min\u00a0p\u00e5g\u00e5ende thriller, &#8220;Kvinnan utan egenskaper&#8221; av Niklas Ekdal om hur Maria Callas sjunger ur operan\u00a0&#8220;Samson\u00a0et Delila&#8221;. T\u00e4nk vilket sammantr\u00e4ffande! &#8211; i h\u00f6rlurarna p\u00e5 den m\u00f6rdade och steriliserade huvudpersonen &#8211; Gosh!<\/p>\n<p>Ang\u00e5ende <strong>Medelhavstruten<\/strong> i Fiskhamnen contra <strong>Medelhavstruten<\/strong> den 19 aug i Tr\u00e4sl\u00f6vsl\u00e4ge s\u00e5 citerar jag ur min handskrivna dagbok f\u00f6r f\u00e5gelobservationer,<\/p>\n<p><em>&#8220;Finns n\u00e5gra irriterande skillnader, p\u00e5 bla tertialer, n\u00e4bben och omr\u00e5det kring \u00f6gat\u00a0 n\u00e4r man j\u00e4mf\u00f6r bilder! Men \u00e4r skillnaderna koncistenta och\u00a0tillr\u00e4ckliga och \u00e4r\u00a0det m\u00f6jligt\u00a0med tv\u00e5 ringm\u00e4rkta i Schweiz?? F\u00f6 syns en tydlig fl\u00e4rp p\u00e5 ringen\u00a0p\u00e5 de flesta foton (och i verkligheten!)\u00a0av G\u00f6teborgsf\u00e5geln som inte syns p\u00e5 fotot av Hallandsf\u00e5geln.&#8221;<\/em><\/p>\n<p>J\u00e4mf\u00f6r sj\u00e4lva de superba bilderna tagna av Joakim L, vass Hallandssk\u00e5dare\u00a0och Ingegerd N, dito fr\u00e5n G\u00f6teborg. Varmt tack till b\u00e5da!<\/p>\n<p><a href=\"https:\/\/i0.wp.com\/olofarmini.com\/wp-content\/uploads\/2010\/09\/240402.jpg\"><img data-recalc-dims=\"1\" loading=\"lazy\" decoding=\"async\" data-attachment-id=\"870\" data-permalink=\"https:\/\/olofarmini.com\/?attachment_id=870\" data-orig-file=\"https:\/\/i0.wp.com\/olofarmini.com\/wp-content\/uploads\/2010\/09\/240402.jpg?fit=500%2C369&amp;ssl=1\" data-orig-size=\"500,369\" data-comments-opened=\"1\" data-image-meta=\"{&quot;aperture&quot;:&quot;0&quot;,&quot;credit&quot;:&quot;&quot;,&quot;camera&quot;:&quot;&quot;,&quot;caption&quot;:&quot;&quot;,&quot;created_timestamp&quot;:&quot;0&quot;,&quot;copyright&quot;:&quot;&quot;,&quot;focal_length&quot;:&quot;0&quot;,&quot;iso&quot;:&quot;0&quot;,&quot;shutter_speed&quot;:&quot;0&quot;,&quot;title&quot;:&quot;&quot;}\" data-image-title=\"240402\" data-image-description=\"\" data-image-caption=\"\" data-large-file=\"https:\/\/i0.wp.com\/olofarmini.com\/wp-content\/uploads\/2010\/09\/240402.jpg?fit=500%2C369&amp;ssl=1\" class=\"alignnone size-medium wp-image-870\" title=\"240402\" src=\"https:\/\/i0.wp.com\/olofarmini.com\/wp-content\/uploads\/2010\/09\/240402-300x221.jpg?resize=300%2C221\" alt=\"\" width=\"300\" height=\"221\" srcset=\"https:\/\/i0.wp.com\/olofarmini.com\/wp-content\/uploads\/2010\/09\/240402.jpg?resize=300%2C221&amp;ssl=1 300w, https:\/\/i0.wp.com\/olofarmini.com\/wp-content\/uploads\/2010\/09\/240402.jpg?w=500&amp;ssl=1 500w\" sizes=\"auto, (max-width: 300px) 100vw, 300px\" \/><\/a><a href=\"https:\/\/i0.wp.com\/olofarmini.com\/wp-content\/uploads\/2010\/09\/2460061.jpg\"><img data-recalc-dims=\"1\" loading=\"lazy\" decoding=\"async\" data-attachment-id=\"871\" data-permalink=\"https:\/\/olofarmini.com\/?attachment_id=871\" data-orig-file=\"https:\/\/i0.wp.com\/olofarmini.com\/wp-content\/uploads\/2010\/09\/2460061.jpg?fit=490%2C450&amp;ssl=1\" data-orig-size=\"490,450\" data-comments-opened=\"1\" data-image-meta=\"{&quot;aperture&quot;:&quot;4&quot;,&quot;credit&quot;:&quot;&quot;,&quot;camera&quot;:&quot;Canon EOS 40D&quot;,&quot;caption&quot;:&quot;&quot;,&quot;created_timestamp&quot;:&quot;1283946156&quot;,&quot;copyright&quot;:&quot;&quot;,&quot;focal_length&quot;:&quot;300&quot;,&quot;iso&quot;:&quot;400&quot;,&quot;shutter_speed&quot;:&quot;0.0005&quot;,&quot;title&quot;:&quot;&quot;}\" data-image-title=\"2460061\" data-image-description=\"\" data-image-caption=\"\" data-large-file=\"https:\/\/i0.wp.com\/olofarmini.com\/wp-content\/uploads\/2010\/09\/2460061.jpg?fit=490%2C450&amp;ssl=1\" class=\"alignnone size-medium wp-image-871\" title=\"2460061\" src=\"https:\/\/i0.wp.com\/olofarmini.com\/wp-content\/uploads\/2010\/09\/2460061-300x275.jpg?resize=300%2C275\" alt=\"\" width=\"300\" height=\"275\" srcset=\"https:\/\/i0.wp.com\/olofarmini.com\/wp-content\/uploads\/2010\/09\/2460061.jpg?resize=300%2C275&amp;ssl=1 300w, https:\/\/i0.wp.com\/olofarmini.com\/wp-content\/uploads\/2010\/09\/2460061.jpg?w=490&amp;ssl=1 490w\" sizes=\"auto, (max-width: 300px) 100vw, 300px\" \/><\/a>\u00a0<\/p>\n<p>Hallandsf\u00e5geln till v\u00e4nster.\u00a0<\/p>\n<p>Superkul sedan att se att ringen som f\u00f6rst f\u00f6rde samman\u00a0de tv\u00e5 f\u00e5glarna sedan skiljde dem \u00e5t\u00a0(Nb mindre kul att j\u00e4mf\u00f6ra med den heliga \u00e4ktenskapliga ringen!).\u00a0<\/p>\n<p>L\u00e4s f\u00f6ljande sammanst\u00e4llning av Lars-Erik R, varmt tack till en av de framtr\u00e4dande sk\u00e5darna i G\u00f6tet,\u00a0<\/p>\n<p><em>&#8220;Jag har nu f\u00e5tt besked fr\u00e5n Schwiez ang\u00e5ende <strong>medelhavstruten <\/strong>som observerats i fiskhamnen ig\u00e5r och tidigare idag. Efter att Christer F\u00e4lt sj\u00e4lv sett truten idag bed\u00f6mer han det dessutom som troligt att det \u00e4r samma f\u00e5gel som han uppt\u00e4ckte redan den 9\/8.<br \/>\nJacques Laesser vid Schweizerische Vogelwarte bekr\u00e4ftar att det verkligen \u00e4r en <strong>medelhavstrut<\/strong>. Den ringm\u00e4rktes som bounge den 19\/5 i \u00e5r vid Cheseaux-Nor\u00e9az i v\u00e4stra Schweiz. Platsen ligger vid syd\u00e4nden av Neuch\u00e2tel-sj\u00f6n. F\u00e5geln k\u00f6nsbest\u00e4mdes inte vid ringm\u00e4rkningen.<br \/>\nIdag \u00e4r det 83 dagar sedan f\u00e5geln ringm\u00e4rktes och avst\u00e5ndet mellan m\u00e4rkplatsen och G\u00f6teborg \u00e4r ca 126 mil.<br \/>\nOm ni bes\u00f6ker fiskhamnen och f\u00f6rs\u00f6ker l\u00e4sa av ringar har den h\u00e4r f\u00e5geln allts\u00e5 en ring p\u00e5 h\u00f6ger ben d\u00e4r det bl a st\u00e5r HELVETIA och M009488. Det \u00e4r inte samma f\u00e5gel vars ring man till del kunde l\u00e4sa av i Tr\u00e4sl\u00f6vsl\u00e4ge den 19\/8.<\/em><\/p>\n<p><span class=\"kategori\"><span style=\"font-family: Tahoma; color: #888888; font-size: xx-small;\"><em>2010-09-06 17:10:20&#8243;<\/em><\/span><\/span><\/p>\n","protected":false},"excerpt":{"rendered":"<p>Hmm &#8211; mindre kul med det typiska G\u00f6teborgsv\u00e4dret, precis n\u00e4r man b\u00f6rjat hoppas och dressat f\u00f6r ett drag s\u00e5 h\u00f6rs det v\u00e4lbekannta trummandet mot f\u00f6nstret. Ocks\u00e5 mindre kul med alla rapporter fr\u00e5n \u00f6verallt annars, inte minst Gotland med st\u00e4pph\u00f6kar, fj\u00e4llabb, pr\u00e4riel\u00f6pare mm. \u00c5javars \u00e4r ju glad f\u00f6r bla Anders som alert &#8220;plockade hem&#8221; s\u00e5v\u00e4l mindre [&hellip;]<\/p>\n","protected":false},"author":2,"featured_media":0,"comment_status":"open","ping_status":"open","sticky":false,"template":"","format":"standard","meta":{"jetpack_post_was_ever_published":false,"_jetpack_newsletter_access":"","_jetpack_dont_email_post_to_subs":false,"_jetpack_newsletter_tier_id":0,"_jetpack_memberships_contains_paywalled_content":false,"_jetpack_memberships_contains_paid_content":false,"footnotes":"","jetpack_publicize_message":"","jetpack_publicize_feature_enabled":true,"jetpack_social_post_already_shared":false,"jetpack_social_options":{"image_generator_settings":{"template":"highway","default_image_id":0,"font":"","enabled":false},"version":2}},"categories":[4,14],"tags":[],"class_list":["post-868","post","type-post","status-publish","format-standard","hentry","category-faltbestamning","category-goteborg"],"jetpack_publicize_connections":[],"jetpack_featured_media_url":"","jetpack_sharing_enabled":true,"jetpack_shortlink":"https:\/\/wp.me\/s7kiwE-kul","jetpack-related-posts":[],"_links":{"self":[{"href":"https:\/\/olofarmini.com\/index.php?rest_route=\/wp\/v2\/posts\/868","targetHints":{"allow":["GET"]}}],"collection":[{"href":"https:\/\/olofarmini.com\/index.php?rest_route=\/wp\/v2\/posts"}],"about":[{"href":"https:\/\/olofarmini.com\/index.php?rest_route=\/wp\/v2\/types\/post"}],"author":[{"embeddable":true,"href":"https:\/\/olofarmini.com\/index.php?rest_route=\/wp\/v2\/users\/2"}],"replies":[{"embeddable":true,"href":"https:\/\/olofarmini.com\/index.php?rest_route=%2Fwp%2Fv2%2Fcomments&post=868"}],"version-history":[{"count":2,"href":"https:\/\/olofarmini.com\/index.php?rest_route=\/wp\/v2\/posts\/868\/revisions"}],"predecessor-version":[{"id":872,"href":"https:\/\/olofarmini.com\/index.php?rest_route=\/wp\/v2\/posts\/868\/revisions\/872"}],"wp:attachment":[{"href":"https:\/\/olofarmini.com\/index.php?rest_route=%2Fwp%2Fv2%2Fmedia&parent=868"}],"wp:term":[{"taxonomy":"category","embeddable":true,"href":"https:\/\/olofarmini.com\/index.php?rest_route=%2Fwp%2Fv2%2Fcategories&post=868"},{"taxonomy":"post_tag","embeddable":true,"href":"https:\/\/olofarmini.com\/index.php?rest_route=%2Fwp%2Fv2%2Ftags&post=868"}],"curies":[{"name":"wp","href":"https:\/\/api.w.org\/{rel}","templated":true}]}}