{"id":873,"date":"2010-09-14T13:20:50","date_gmt":"2010-09-14T11:20:50","guid":{"rendered":"http:\/\/olofarmini.com\/?p=873"},"modified":"2010-09-14T13:20:50","modified_gmt":"2010-09-14T11:20:50","slug":"liten-tuva-valter","status":"publish","type":"post","link":"https:\/\/olofarmini.com\/?p=873","title":{"rendered":"Liten tuva v\u00e4lter&#8230;"},"content":{"rendered":"<p>P\u00e5 s\u00f6ndagen 12 september backade hela Bergsbo min springinvit! Det var tennis, Liseberg och allt m\u00f6jligt. Men kanske lika s\u00e5 gott att f\u00e5 springa ensam, f\u00f6rkylningssymptomen nyss f\u00f6rsvunna och l\u00e4ge f\u00f6r mycket lugn lunk. K\u00f6rde \u00e4nd\u00e5 en hel &#8220;dubbel\u00e5tta&#8221;, men i ett tempo som till\u00e4t mig att bland korsn\u00e4bbstjattret fr\u00e5n h\u00f6gtr\u00e4den i s\u00f6dra delen av fj\u00e4llet urskilja n\u00e5got som l\u00e4t <strong>st\u00f6rre korsn\u00e4bb<\/strong>!<\/p>\n<p>Efter att sedan ha steppat upp 3:15 p\u00e5 m\u00e5ndagsmorgonen och ha fixat frukost och sedan f\u00f6ljt Eva till flygbussen, destination London, var det dragl\u00e4ge f\u00f6r st\u00e5lmannen p\u00e5 sin st\u00e5lhingst! En <strong>tuvsn\u00e4ppa<\/strong> hade p\u00e5 s\u00f6ndagseftermiddagen varit bekv\u00e4mt station\u00e4r i V\u00e4len &#8211; till skymningen.<\/p>\n<p>L\u00e4tt medvind l\u00e4ngs M\u00f6lndalss\u00e4nkan v\u00e4sterut och det k\u00e4ndes v\u00e4ldigt s\u00e4kert. Vid framkomsten stack ett lagom antal tuber ut\u00a0fr\u00e5n plattformen. En liten mumsbit med andra ord. Men vid n\u00e4rmare kontakt slokade tuberna och det beh\u00f6vdes ingen tuva, det r\u00e4ckte med en imagin\u00e4r f\u00f6r att stj\u00e4lpa lasset. P\u00e5 en g\u00e5ng fr\u00f6s jag och var grymt tr\u00f6tt och hungrig.<\/p>\n<p>Fint att bunkra p\u00e5 hemv\u00e4gen och sedan langa in f\u00f6r att stupa i halmen. Kanske hann jag n\u00e5gra nostalgiska sweet-dreams om n\u00e4r jag uppt\u00e4ckte en <strong>tuvsn\u00e4ppa<\/strong> i V\u00e4stergarnsviken den 27 juli 2004 (kvar till den 29 juli).<\/p>\n<p>Den alltid alerte David L f\u00e5r illustrera med en <strong>tuvsn\u00e4ppa<\/strong> i V\u00e4stergarnsviken 16 maj 2008,<\/p>\n<p><a href=\"https:\/\/i0.wp.com\/olofarmini.com\/wp-content\/uploads\/2010\/09\/74709.jpg\"><img data-recalc-dims=\"1\" loading=\"lazy\" decoding=\"async\" data-attachment-id=\"875\" data-permalink=\"https:\/\/olofarmini.com\/?attachment_id=875\" data-orig-file=\"https:\/\/i0.wp.com\/olofarmini.com\/wp-content\/uploads\/2010\/09\/74709.jpg?fit=500%2C431&amp;ssl=1\" data-orig-size=\"500,431\" data-comments-opened=\"1\" data-image-meta=\"{&quot;aperture&quot;:&quot;0&quot;,&quot;credit&quot;:&quot;&quot;,&quot;camera&quot;:&quot;&quot;,&quot;caption&quot;:&quot;&quot;,&quot;created_timestamp&quot;:&quot;0&quot;,&quot;copyright&quot;:&quot;&quot;,&quot;focal_length&quot;:&quot;0&quot;,&quot;iso&quot;:&quot;0&quot;,&quot;shutter_speed&quot;:&quot;0&quot;,&quot;title&quot;:&quot;&quot;}\" data-image-title=\"74709\" data-image-description=\"\" data-image-caption=\"\" data-large-file=\"https:\/\/i0.wp.com\/olofarmini.com\/wp-content\/uploads\/2010\/09\/74709.jpg?fit=500%2C431&amp;ssl=1\" class=\"alignnone size-medium wp-image-875\" title=\"74709\" src=\"https:\/\/i0.wp.com\/olofarmini.com\/wp-content\/uploads\/2010\/09\/74709-300x258.jpg?resize=300%2C258\" alt=\"\" width=\"300\" height=\"258\" srcset=\"https:\/\/i0.wp.com\/olofarmini.com\/wp-content\/uploads\/2010\/09\/74709.jpg?resize=300%2C258&amp;ssl=1 300w, https:\/\/i0.wp.com\/olofarmini.com\/wp-content\/uploads\/2010\/09\/74709.jpg?w=500&amp;ssl=1 500w\" sizes=\"auto, (max-width: 300px) 100vw, 300px\" \/><\/a><\/p>\n<p>N\u00e4r jag vaknade kom jag att t\u00e4nka p\u00e5 en betydligt v\u00e4rre tuva, en stor tuva. Den 19 augusti 2008 cyklade jag med \u00e4n st\u00f6rre tillf\u00f6rsikt f\u00f6rbi V\u00e4len och ut till Stora Amund\u00f6n och den vassomg\u00e4rdade kanalen som skiljer \u00f6n fr\u00e5n fasta landet.<\/p>\n<p>Lasse L, &#8220;mr Amund\u00f6n&#8221;, en spjuver\u00a0och excellent f\u00e5gelfotograf hade hittat och fotat en <strong>vattens\u00e5ngare<\/strong> dagen innan. Sl\u00f6tt fast\u00e4n jag n\u00e5tts av nyheten hade jag inv\u00e4ntat fler positiva rapporter tills det var f\u00f6rsent. Men jag var tryggt optimistisk n\u00e4r f\u00f6re skolan tog min &#8220;lilla&#8221; omv\u00e4g.\u00a0Jag st\u00e4rktes\u00a0ytterligare vid\u00a0\u00e5synen av ett j\u00e4tteg\u00e4ng fokuserade och adrenalinstinna sk\u00e5dare av kommandotyp.<\/p>\n<p>Mycket riktigt, efter en halvtimmes fruktl\u00f6st stirrande och &#8220;pyschande&#8221; var det dags. En kraftnatur med rappa order tog kommandot och anf\u00f6rde trupperna i en mycket disciplinerad och naturvidrig flogg. Jag drog mig fegt \u00f6ver till andra sidan kanalen, dels f\u00f6r att b\u00e4ttre kunna se, dels f\u00f6r att inte &#8220;befl\u00e4ckas&#8221;. Men jag m\u00e5ste genast bek\u00e4nna, att\u00a0om &#8230; s\u00e5&#8230;!<\/p>\n<p>En missad <strong>vattens\u00e5ngare<\/strong> \u00e4r en svidande dip i Sverige och det \u00e4r ingen liten tuva som stj\u00e4lper ett stort lass utan en stor tuva som stj\u00e4lper gigantiska lass. David och de tre sm\u00e5 barnen t\u00e4ltade i Falsterbo den 27 juli i \u00e5r n\u00e4r en <strong>vattens\u00e5ngare<\/strong> ringm\u00e4rktes i Flommen. Tyv\u00e4rr n\u00e5ddes de f\u00f6rsent av mitt SMS f\u00f6r det som Jonas E hann se och fota,<\/p>\n<p><a href=\"http:\/\/www.artportalen.se\/artportalen\/gallery\/images\/swe\/birds\/2010\/large\/232184.JPG\">http:\/\/www.artportalen.se\/artportalen\/gallery\/images\/swe\/birds\/2010\/large\/232184.JPG<\/a><\/p>\n<p>\u00a0En annan i Halmstad 11 och 12 september fotades av en\u00a0alert sk\u00e5dare och skapade frustration och ruelse s\u00e5v\u00e4l som vild och otyglad gl\u00e4dje hos sk\u00e5dare beroende av framg\u00e5ng. Britt-Marie S hj\u00e4ltinna med nedanst\u00e5ende,<\/p>\n<p><a href=\"http:\/\/www.artportalen.se\/artportalen\/gallery\/images\/swe\/birds\/2010\/large\/246850.jpg\">http:\/\/www.artportalen.se\/artportalen\/gallery\/images\/swe\/birds\/2010\/large\/246850.jpg<\/a><\/p>\n<p><strong>Vattens\u00e5ngaren<\/strong> \u00e4r ett derivat av <strong>s\u00e4vs\u00e5ngaren<\/strong>, s\u00e5vitt ankommer p\u00e5 m\u00e4nskliga sinnen. S\u00e5ng, utseende, storlek och habitat \u00e4r lika, men\u00a0tillr\u00e4ckligt urskiljbara f\u00f6r att motivera en art.\u00a0Den har\u00a0ett smalt h\u00e4ckningsomr\u00e5de inom s\u00e4vs\u00e5ngarens stort utbredda. K\u00e4rnomr\u00e5det utg\u00e5r fr\u00e5n Polen och ligger som ett smalt band fr\u00e5n \u00d6steuropa till V\u00e4stra Palearktis \u00f6stra gr\u00e4ns Ural. H\u00f6stflyttningen g\u00e5r v\u00e4sterut, Holland, s\u00f6dra England, norra Frankrike och s\u00e5 l\u00e4ngs Atlantkusten till V\u00e4stafrika s\u00f6der om Sahara. Det finns enstaka h\u00e4ckningar registrerade i Holland, Frankrike och v\u00e4stra Tyskland. Normalt verkar v\u00e5rflyttningen g\u00e5 mera &#8220;rakt&#8221;.\u00a0Fa h\u00f6stflyttningen, som b\u00f6rjar redan i juli \u00e4r ju h\u00f6gintressant i Sverige!<\/p>\n<p>Artningen av en fr\u00e4sch f\u00e5gel syns bra p\u00e5 bilderna. Gul hj\u00e4ssa omgiven av breda svarta hj\u00e4ssband, tv\u00e5 breda gula &#8220;trams&#8221; p\u00e5 svart rygg och s\u00e5 <strong><em>tv\u00e5 finesser<\/em><\/strong> som syns p\u00e5 den handh\u00e5llna f\u00e5geln, tydligt streckad \u00f6vergump och spetsiga stj\u00e4rtpennor. S\u00e5ngen \u00e4r litet av en sl\u00f6 s\u00e4vs\u00e5ngare med typisk surrande inledning f\u00f6ljd av en r\u00e4cka visslingar (\u00e0 la omelodisk sydn\u00e4ktergal!).<\/p>\n<p><a href=\"http:\/\/www.xeno-canto.org\/species.php?query=sp:9711.20\">http:\/\/www.xeno-canto.org\/species.php?query=sp:9711.20<\/a><\/p>\n<p>&#8220;Mitt&#8221; svenska fynd var p\u00e5 Sv\u00e4ltholmen 9 september 1984, Tyv\u00e4rr var jag f\u00f6r orutinerad och det fanns ingen mobil,\u00a0Anders eller Janne. Fr\u00e5n b\u00f6rjan hade jag kastat om de tv\u00e5 finesser jag tidigare talat om och blev helt f\u00f6rvirrad. Blev en extradag i Sv\u00e4ltislagunens vass n\u00e4r jag uppt\u00e4ckte misstaget. Men det bidde inget mer utan stannade vid denna notis.<\/p>\n<p>Riktig autencitet\u00a0blev det ist\u00e4llet i \u00d6sterled. 26 maj 1996 lyssnade Janne och jag, efter tips,\u00a0p\u00e5 en <strong>vattens\u00e5ngare<\/strong> i vassarna norr om Hapsalu-viken i Estland och 20 maj 1999 uppt\u00e4ckte jag sj\u00e4lv den lille rackaren i ett buskage vid GRUs gamla h\u00f6gkvarter p\u00e5 Spithami, ocks\u00e5 i Estland &#8211; underbara obsar p\u00e5 en enigmatisk art!<\/p>\n","protected":false},"excerpt":{"rendered":"<p>P\u00e5 s\u00f6ndagen 12 september backade hela Bergsbo min springinvit! Det var tennis, Liseberg och allt m\u00f6jligt. Men kanske lika s\u00e5 gott att f\u00e5 springa ensam, f\u00f6rkylningssymptomen nyss f\u00f6rsvunna och l\u00e4ge f\u00f6r mycket lugn lunk. K\u00f6rde \u00e4nd\u00e5 en hel &#8220;dubbel\u00e5tta&#8221;, men i ett tempo som till\u00e4t mig att bland korsn\u00e4bbstjattret fr\u00e5n h\u00f6gtr\u00e4den i s\u00f6dra delen av [&hellip;]<\/p>\n","protected":false},"author":2,"featured_media":0,"comment_status":"open","ping_status":"open","sticky":false,"template":"","format":"standard","meta":{"jetpack_post_was_ever_published":false,"_jetpack_newsletter_access":"","_jetpack_dont_email_post_to_subs":false,"_jetpack_newsletter_tier_id":0,"_jetpack_memberships_contains_paywalled_content":false,"_jetpack_memberships_contains_paid_content":false,"footnotes":"","jetpack_publicize_message":"","jetpack_publicize_feature_enabled":true,"jetpack_social_post_already_shared":false,"jetpack_social_options":{"image_generator_settings":{"template":"highway","default_image_id":0,"font":"","enabled":false},"version":2}},"categories":[4,14,13,15,3],"tags":[],"class_list":["post-873","post","type-post","status-publish","format-standard","hentry","category-faltbestamning","category-goteborg","category-old-times","category-resor","category-vastergarn"],"jetpack_publicize_connections":[],"jetpack_featured_media_url":"","jetpack_sharing_enabled":true,"jetpack_shortlink":"https:\/\/wp.me\/p7kiwE-e5","jetpack-related-posts":[],"_links":{"self":[{"href":"https:\/\/olofarmini.com\/index.php?rest_route=\/wp\/v2\/posts\/873","targetHints":{"allow":["GET"]}}],"collection":[{"href":"https:\/\/olofarmini.com\/index.php?rest_route=\/wp\/v2\/posts"}],"about":[{"href":"https:\/\/olofarmini.com\/index.php?rest_route=\/wp\/v2\/types\/post"}],"author":[{"embeddable":true,"href":"https:\/\/olofarmini.com\/index.php?rest_route=\/wp\/v2\/users\/2"}],"replies":[{"embeddable":true,"href":"https:\/\/olofarmini.com\/index.php?rest_route=%2Fwp%2Fv2%2Fcomments&post=873"}],"version-history":[{"count":3,"href":"https:\/\/olofarmini.com\/index.php?rest_route=\/wp\/v2\/posts\/873\/revisions"}],"predecessor-version":[{"id":877,"href":"https:\/\/olofarmini.com\/index.php?rest_route=\/wp\/v2\/posts\/873\/revisions\/877"}],"wp:attachment":[{"href":"https:\/\/olofarmini.com\/index.php?rest_route=%2Fwp%2Fv2%2Fmedia&parent=873"}],"wp:term":[{"taxonomy":"category","embeddable":true,"href":"https:\/\/olofarmini.com\/index.php?rest_route=%2Fwp%2Fv2%2Fcategories&post=873"},{"taxonomy":"post_tag","embeddable":true,"href":"https:\/\/olofarmini.com\/index.php?rest_route=%2Fwp%2Fv2%2Ftags&post=873"}],"curies":[{"name":"wp","href":"https:\/\/api.w.org\/{rel}","templated":true}]}}