{"id":985,"date":"2010-11-29T22:11:23","date_gmt":"2010-11-29T20:11:23","guid":{"rendered":"http:\/\/olofarmini.com\/?p=985"},"modified":"2010-11-29T22:11:23","modified_gmt":"2010-11-29T20:11:23","slug":"jordan-29-nov","status":"publish","type":"post","link":"https:\/\/olofarmini.com\/?p=985","title":{"rendered":"Jordan 29 nov"},"content":{"rendered":"<p>Aningen ledbruten efter att ha f\u00f6rs\u00f6kt st\u00e5 p\u00e5 huvudet p\u00e5 balkongen. Rammade r\u00e4cket och fick en l\u00e4ttare nacksp\u00e4rr. F\u00f6r\u00f6dande f\u00f6r en sk\u00e5dare, mer s\u00e5 \u00e4n akacia-och skavs\u00e5r. Bl\u00f6der f\u00f6rvisso p\u00e5 Kempinskis bl\u00e4dvita lakan men&#8230;<\/p>\n<p>Morgonen timade med tv\u00e5 nygamla <strong>bivr\u00e5k<\/strong>, t\u00e4nk om det varit en <strong>tofs-<\/strong> \u00e4nd\u00e5, och <strong>gr\u00e5h\u00e4ger<\/strong>. Fina <strong>brunsule<\/strong>obsar ocks\u00e5.<\/p>\n<p>Blev tidig frukost och jag f\u00f6ljde sedan Eva halvv\u00e4gs till det kinesiska aff\u00e4rskomplexet. Drog\u00a0d\u00e4refter ned till allm\u00e4nhetens strand och alla odlingslotterna. Som vanligt kryllade det av f\u00e5gel och mycket intressant, som en <strong>h\u00e4rf\u00e5gel<\/strong> som f\u00e5ngade skalbaggar i r\u00f6r som stack ut ur en betongpalissad.<\/p>\n<p>Sedan drog jag upp i bergs\u00f6knen. Genast <strong>vitkronade stenskv\u00e4ttor<\/strong> och dj\u00e4rvt kl\u00e4ttrade jag upp f\u00f6r ett tr\u00e5ngt wadis. Klev \u00f6ver en d\u00f6d hund och p\u00e5sk\u00e4lldes av en levande. Bev\u00e4pnade mig ett tag med en sten men fortsatte. N\u00e4r jag pustade ett tag innan toppen fick jag se en <strong>sorgstenskv\u00e4tta<\/strong> och h\u00f6jde blicken ytterligare. En stor flock <strong>alpseglare <\/strong>och efter ett tag hade jag vaskat fram s\u00e5v\u00e4l en <strong>blek <\/strong>som en <strong>stubbstj\u00e4rt<\/strong>. Uppe p\u00e5 toppen en <strong>\u00f6kenkorp<\/strong> och s\u00e5 studerade jag bergen och tyckte mig f\u00f6rst\u00e5 systemet med stigar i skravlet.<\/p>\n<p>D\u00e5\u00a0gick allt som en dans och jag fick en j\u00e4ttefin bergstrekk i splendid isolation! H\u00e4rligt. Hittade en <strong>klippuggla<\/strong> p\u00e5 &#8220;dagkvist&#8221; i sin grotta precis d\u00e4r den skulle vara och till l\u00e4tet av en <strong>sten\u00f6kenl\u00e4rka<\/strong>. Sedan ett brett wadis med spridda akacier. I en akacia hade jag samtidigt <strong>en arabs\u00e5ngare, en svartstj\u00e4rt och en gr\u00f6n dv\u00e4rbi\u00e4tare<\/strong> samtidigt som en <strong>vitkronad stenskv\u00e4tta<\/strong> satt p\u00e5 en sten intill! Herredj-<\/p>\n<p>&#8211; tittade s\u00e5 upp och d\u00e4r kom en gammal <strong>st\u00e4pp\u00f6rn <\/strong>glidande l\u00e4ngs bergskammen. Blev attackerad av en <strong>berberfalk<\/strong>. N\u00e4r jag h\u00f6jde blicken ytterligare kom <strong>5 st\u00e4pp\u00f6rnar<\/strong> glidande \u00e5t andra h\u00e5llet s\u00f6derut. Med sig hade de en <strong>st\u00e4ppvr\u00e5k<\/strong>.<\/p>\n<p>Str\u00e4cket inte helt \u00f6ver allts\u00e5 och d\u00e4r kom n\u00e5gra till, men det var 4 <strong>svarta storkar<\/strong> som b\u00f6rjade kretsa \u00f6ver mig och snart hade s\u00e4llskap av en <strong>orm\u00f6rn<\/strong>. Multum.<\/p>\n<p>Och turen h\u00f6ll i sig n\u00e4r jag passerade allm\u00e4nhetens strand p\u00e5 hemv\u00e4g. F\u00f6rsta <strong>flugsnapparen<\/strong> en <strong>balkan<\/strong>!<\/p>\n<p>P\u00e5 rummet en n\u00f6jd men tr\u00f6tt Eva och jag f\u00f6rstod att mina strapatser varit rena barnleken. Ilade ut och k\u00f6pte h\u00e4rliga kolgrillade kycklingar, att njuta till \u00f6l och ros\u00e9vin, efter att jag hade smekts av R\u00f6da havets ljumma b\u00f6ljor.<\/p>\n<p>Till denna avslutning en vacker <strong>vit\u00f6gd m\u00e5s<\/strong> och summering att so far \u00e4r det 126 arter!!!<\/p>\n","protected":false},"excerpt":{"rendered":"<p>Aningen ledbruten efter att ha f\u00f6rs\u00f6kt st\u00e5 p\u00e5 huvudet p\u00e5 balkongen. Rammade r\u00e4cket och fick en l\u00e4ttare nacksp\u00e4rr. F\u00f6r\u00f6dande f\u00f6r en sk\u00e5dare, mer s\u00e5 \u00e4n akacia-och skavs\u00e5r. Bl\u00f6der f\u00f6rvisso p\u00e5 Kempinskis bl\u00e4dvita lakan men&#8230; Morgonen timade med tv\u00e5 nygamla bivr\u00e5k, t\u00e4nk om det varit en tofs- \u00e4nd\u00e5, och gr\u00e5h\u00e4ger. Fina brunsuleobsar ocks\u00e5. Blev tidig frukost [&hellip;]<\/p>\n","protected":false},"author":2,"featured_media":0,"comment_status":"open","ping_status":"open","sticky":false,"template":"","format":"standard","meta":{"jetpack_post_was_ever_published":false,"_jetpack_newsletter_access":"","_jetpack_dont_email_post_to_subs":false,"_jetpack_newsletter_tier_id":0,"_jetpack_memberships_contains_paywalled_content":false,"_jetpack_memberships_contains_paid_content":false,"footnotes":"","jetpack_publicize_message":"","jetpack_publicize_feature_enabled":true,"jetpack_social_post_already_shared":false,"jetpack_social_options":{"image_generator_settings":{"template":"highway","default_image_id":0,"font":"","enabled":false},"version":2}},"categories":[15],"tags":[],"class_list":["post-985","post","type-post","status-publish","format-standard","hentry","category-resor"],"jetpack_publicize_connections":[],"jetpack_featured_media_url":"","jetpack_sharing_enabled":true,"jetpack_shortlink":"https:\/\/wp.me\/p7kiwE-fT","jetpack-related-posts":[],"_links":{"self":[{"href":"https:\/\/olofarmini.com\/index.php?rest_route=\/wp\/v2\/posts\/985","targetHints":{"allow":["GET"]}}],"collection":[{"href":"https:\/\/olofarmini.com\/index.php?rest_route=\/wp\/v2\/posts"}],"about":[{"href":"https:\/\/olofarmini.com\/index.php?rest_route=\/wp\/v2\/types\/post"}],"author":[{"embeddable":true,"href":"https:\/\/olofarmini.com\/index.php?rest_route=\/wp\/v2\/users\/2"}],"replies":[{"embeddable":true,"href":"https:\/\/olofarmini.com\/index.php?rest_route=%2Fwp%2Fv2%2Fcomments&post=985"}],"version-history":[{"count":1,"href":"https:\/\/olofarmini.com\/index.php?rest_route=\/wp\/v2\/posts\/985\/revisions"}],"predecessor-version":[{"id":986,"href":"https:\/\/olofarmini.com\/index.php?rest_route=\/wp\/v2\/posts\/985\/revisions\/986"}],"wp:attachment":[{"href":"https:\/\/olofarmini.com\/index.php?rest_route=%2Fwp%2Fv2%2Fmedia&parent=985"}],"wp:term":[{"taxonomy":"category","embeddable":true,"href":"https:\/\/olofarmini.com\/index.php?rest_route=%2Fwp%2Fv2%2Fcategories&post=985"},{"taxonomy":"post_tag","embeddable":true,"href":"https:\/\/olofarmini.com\/index.php?rest_route=%2Fwp%2Fv2%2Ftags&post=985"}],"curies":[{"name":"wp","href":"https:\/\/api.w.org\/{rel}","templated":true}]}}